{"id":7586,"date":"2023-03-17T10:17:07","date_gmt":"2023-03-17T09:17:07","guid":{"rendered":"https:\/\/agora.xtec.cat\/escolapacocandel\/?p=7586"},"modified":"2023-03-22T12:17:22","modified_gmt":"2023-03-22T11:17:22","slug":"sortida-1r-granja-natura","status":"publish","type":"post","link":"https:\/\/agora.xtec.cat\/escolapacocandel\/comunitat-de-mitjans\/sortida-1r-granja-natura\/","title":{"rendered":"Sortida 1r Granja Natura"},"content":{"rendered":"<p>El passat dimecres 15 de mar\u00e7 les classes de primer vam fer l&#8217;excursi\u00f3 del projecte a la Granja Natura. Despr\u00e9s de tot el trimestre investigant i aprenent sobre els animals vam poder tocar i veure de ven a prop un munt d&#8217;animalons!!<\/p>\n<p>Hem vist animals que mai hav\u00edem vist com aquest <em>em\u00fa<\/em>&#8230;<\/p>\n<p><img loading=\"lazy\" decoding=\"async\" class=\"alignleft\" src=\"https:\/\/lh3.googleusercontent.com\/pw\/AMWts8B-wwgWzCTCAPUYQg9A_FgyjBw6GBzqnRdxncDcRLo7SruOIPR6cKQT9NLcP3LdUnAZvnq1kofgzhOU6Wztn2wnTO0HRvTPKDmmq4tTTJio9PzvOKbuNLYs57KJ3FW6uOPSoe1RcAxz-JAFcu3Q0bZ5PA=w603-h804-s-no?authuser=1\" width=\"154\" height=\"206\" \/><\/p>\n<p>Els hi hem donat de menjar&#8230;<\/p>\n<p><img loading=\"lazy\" decoding=\"async\" class=\"alignleft\" src=\"https:\/\/lh3.googleusercontent.com\/pw\/AMWts8DQceY9jef_L4uPnsmKjIdQA5sct0lINP4ZmF7xx2X9eMhtjbmXU7cpdAmH75sq-Qd6LXHMQ4fu44uDJpEQD-iHsLkM7BLqzTT2OEz-rvxxzwccHjfoHp30hhDV2uFjVsLW0OS0wktpuF2rNOuXO98W4A=w603-h804-s-no?authuser=1\" width=\"173\" height=\"231\" \/><\/p>\n<p>Hem tocat a una tortuga centen\u00e0ria&#8230;<\/p>\n<p><img loading=\"lazy\" decoding=\"async\" class=\"\" src=\"https:\/\/lh3.googleusercontent.com\/pw\/AMWts8D6TWlQ0iXitKcQADku5MK7VeuSP03w990TypTzTGeH7zmxQKXpozIIo69l-8kM4N6t-_0NiSk86WU19myH5zvtoVAN_HaqzMnQigWpdVbdV5W3qfFJcaykfS5zmvwPzZ5hbSuAQoq8h0UScM6wEAx8aQ=w603-h804-s-no?authuser=1\" width=\"165\" height=\"220\" \/><\/p>\n<p>Fins i tot hem conegut a la <em>Charito<\/em>&#8230;<\/p>\n<p><img loading=\"lazy\" decoding=\"async\" class=\"alignleft\" src=\"https:\/\/lh3.googleusercontent.com\/pw\/AMWts8DApZyKF2Va7qlMAsRBgGSLwIRBDbUt5gCA5l933yZJoemwKicXjEBkk_QkeY2Ajmc69CV2gzmspDEtIxO7FIt1wv04kZMSm7oOoicatjLpNryyI4UyRdG9IkOUBn4rldKbP354OYs5HuH7-Rn-5v_kwg=w603-h804-s-no?authuser=1\" alt=\"\" width=\"171\" height=\"228\" \/>I, hem apr\u00e8s <span style=\"font-family: inherit; font-size: 1em;\">sobre perqu\u00e8 no s&#8217;han de tenir <\/span><span style=\"font-family: inherit; font-size: 1em;\">animals <\/span><span style=\"font-family: inherit; font-size: 1em;\">salvatges de m<\/span><span style=\"font-family: inherit; font-size: 1em;\">asco<\/span><span style=\"font-family: inherit; font-size: 1em;\">tes!<\/span><\/p>\n<p><img loading=\"lazy\" decoding=\"async\" class=\"alignleft\" src=\"https:\/\/lh3.googleusercontent.com\/pw\/AMWts8AbOG505s8Gi6WsSTkkLtFWgZaxmtTqlQ2TOsfH6dAuTd7RdmAP0sPgfvDq7EyYtux8eZz715c5qEYjpPjP5RSar6S69p-fV5u0Q13FeI3BdLkx2s2fhOAQea5avWmtvSmgdkBpvY5orM9bNqIUKKf-4w=w603-h804-s-no?authuser=1\" width=\"165\" height=\"220\" \/><\/p>\n<p>Ens ha servit per continuar treballant i aprenent coses noves sobre el m\u00f3n dels animals, que tan motivats i motivades ens t\u00e9, tot gaudint d&#8217;un dia i un entorn magn\u00edfic.<\/p>\n<p>Ens ho hem passat pipa!!<\/p>\n<p>&nbsp;<\/p>\n<p>&nbsp;<\/p>\n<p>Aqu\u00ed podreu veure moooooltes m\u00e9s fotos!<\/p>\n<ul>\n<li style=\"list-style-type: none;\">\n<ul>\n<li><a href=\"https:\/\/agora.xtec.cat\/escolapacocandel\/fotos-privat\/fotos-1r-a-granja-natura\/\">1r A &#8211; Granja Natura<\/a><\/li>\n<li><a href=\"https:\/\/agora.xtec.cat\/escolapacocandel\/fotos-privat\/fotos-1r-b-granja-natura\/\">1r B &#8211; Granja Natura<\/a><\/li>\n<\/ul>\n<\/li>\n<\/ul>\n","protected":false},"excerpt":{"rendered":"<p>El passat dimecres 15 de mar\u00e7 les classes de primer vam fer l&#8217;excursi\u00f3 del projecte a la Granja Natura. Despr\u00e9s de tot el trimestre investigant i aprenent sobre els animals vam poder tocar i veure de ven a prop un munt d&#8217;animalons!!<br \/>\nHem vist animals que&hellip;  <a href=\"https:\/\/agora.xtec.cat\/escolapacocandel\/comunitat-de-mitjans\/sortida-1r-granja-natura\/\" title=\"Read Sortida 1r Granja Natura\">Llegeix m\u00e9s\u00bb<\/a><\/p>\n","protected":false},"author":1,"featured_media":6354,"comment_status":"open","ping_status":"closed","sticky":false,"template":"","format":"standard","meta":{"_bbp_topic_count":0,"_bbp_reply_count":0,"_bbp_total_topic_count":0,"_bbp_total_reply_count":0,"_bbp_voice_count":0,"_bbp_anonymous_reply_count":0,"_bbp_topic_count_hidden":0,"_bbp_reply_count_hidden":0,"_bbp_forum_subforum_count":0,"footnotes":""},"categories":[127,140],"tags":[99,92],"class_list":["post-7586","post","type-post","status-publish","format-standard","has-post-thumbnail","hentry","category-comunitat-de-mitjans","category-1r","tag-projecte","tag-sortides"],"post_mailing_queue_ids":[],"_links":{"self":[{"href":"https:\/\/agora.xtec.cat\/escolapacocandel\/wp-json\/wp\/v2\/posts\/7586","targetHints":{"allow":["GET"]}}],"collection":[{"href":"https:\/\/agora.xtec.cat\/escolapacocandel\/wp-json\/wp\/v2\/posts"}],"about":[{"href":"https:\/\/agora.xtec.cat\/escolapacocandel\/wp-json\/wp\/v2\/types\/post"}],"author":[{"embeddable":true,"href":"https:\/\/agora.xtec.cat\/escolapacocandel\/wp-json\/wp\/v2\/users\/1"}],"replies":[{"embeddable":true,"href":"https:\/\/agora.xtec.cat\/escolapacocandel\/wp-json\/wp\/v2\/comments?post=7586"}],"version-history":[{"count":3,"href":"https:\/\/agora.xtec.cat\/escolapacocandel\/wp-json\/wp\/v2\/posts\/7586\/revisions"}],"predecessor-version":[{"id":7595,"href":"https:\/\/agora.xtec.cat\/escolapacocandel\/wp-json\/wp\/v2\/posts\/7586\/revisions\/7595"}],"wp:featuredmedia":[{"embeddable":true,"href":"https:\/\/agora.xtec.cat\/escolapacocandel\/wp-json\/wp\/v2\/media\/6354"}],"wp:attachment":[{"href":"https:\/\/agora.xtec.cat\/escolapacocandel\/wp-json\/wp\/v2\/media?parent=7586"}],"wp:term":[{"taxonomy":"category","embeddable":true,"href":"https:\/\/agora.xtec.cat\/escolapacocandel\/wp-json\/wp\/v2\/categories?post=7586"},{"taxonomy":"post_tag","embeddable":true,"href":"https:\/\/agora.xtec.cat\/escolapacocandel\/wp-json\/wp\/v2\/tags?post=7586"}],"curies":[{"name":"wp","href":"https:\/\/api.w.org\/{rel}","templated":true}]}}