{"id":7560,"date":"2023-03-14T10:58:18","date_gmt":"2023-03-14T09:58:18","guid":{"rendered":"https:\/\/agora.xtec.cat\/escolapacocandel\/?p=7560"},"modified":"2023-11-09T13:51:14","modified_gmt":"2023-11-09T12:51:14","slug":"els-nostres-musicogrames-6e","status":"publish","type":"post","link":"https:\/\/agora.xtec.cat\/escolapacocandel\/comunitat-de-grans\/els-nostres-musicogrames-6e\/","title":{"rendered":"Els nostres musicogrames 6\u00e8"},"content":{"rendered":"<p>Aquest segon trimestre els nens i nenes de 6\u00e8, de manera individual, en parelles o grups de tres, han elaborat els seus pr\u00f2pis musicogrames.<\/p>\n<p>El musicograma \u00e9s un sistema de representaci\u00f3 gr\u00e0fica alternatiu al llenguatge musical convencional, que serveix per ajudar als nens i nenes a seguir i entendre millor una pe\u00e7a musical. A m\u00e9s \u00e9s un eina molt bona de comprensi\u00f3 auditiva.<\/p>\n<p>Cadasc\u00fa ha escollit quina m\u00fasica volia representar i quin suport volien fer (imatges, dibuixos, l\u00ednies,etc.)<\/p>\n<p>Gaudiu molt mirant-los!<\/p>\n<p><a href=\"https:\/\/drive.google.com\/file\/d\/1nlqgy5fPGdLazujFI2CnCKEKIry8pGaY\/view?usp=share_link\">MUSICOGRAMES 6\u00e8A<\/a><\/p>\n<p><a href=\"https:\/\/drive.google.com\/file\/d\/1tGltSRgeYaXVp12xagsX5bsH6oH6F_XZ\/view?usp=share_link\">MUSICOGRAMES 6\u00e8B<\/a><\/p>\n","protected":false},"excerpt":{"rendered":"<p>Aquest segon trimestre els nens i nenes de 6\u00e8, de manera individual, en parelles o grups de tres, han elaborat els seus pr\u00f2pis musicogrames.<br \/>\nEl musicograma \u00e9s un sistema de representaci\u00f3 gr\u00e0fica alternatiu al llenguatge musical convencional, que serveix per ajudar als nens i nenes a&hellip;  <a href=\"https:\/\/agora.xtec.cat\/escolapacocandel\/comunitat-de-grans\/els-nostres-musicogrames-6e\/\" title=\"Read Els nostres musicogrames 6\u00e8\">Llegeix m\u00e9s\u00bb<\/a><\/p>\n","protected":false},"author":22,"featured_media":7561,"comment_status":"open","ping_status":"closed","sticky":false,"template":"","format":"standard","meta":{"_bbp_topic_count":0,"_bbp_reply_count":0,"_bbp_total_topic_count":0,"_bbp_total_reply_count":0,"_bbp_voice_count":0,"_bbp_anonymous_reply_count":0,"_bbp_topic_count_hidden":0,"_bbp_reply_count_hidden":0,"_bbp_forum_subforum_count":0,"footnotes":""},"categories":[129,146],"tags":[90],"class_list":["post-7560","post","type-post","status-publish","format-standard","has-post-thumbnail","hentry","category-comunitat-de-grans","category-6e","tag-musica"],"post_mailing_queue_ids":[],"_links":{"self":[{"href":"https:\/\/agora.xtec.cat\/escolapacocandel\/wp-json\/wp\/v2\/posts\/7560","targetHints":{"allow":["GET"]}}],"collection":[{"href":"https:\/\/agora.xtec.cat\/escolapacocandel\/wp-json\/wp\/v2\/posts"}],"about":[{"href":"https:\/\/agora.xtec.cat\/escolapacocandel\/wp-json\/wp\/v2\/types\/post"}],"author":[{"embeddable":true,"href":"https:\/\/agora.xtec.cat\/escolapacocandel\/wp-json\/wp\/v2\/users\/22"}],"replies":[{"embeddable":true,"href":"https:\/\/agora.xtec.cat\/escolapacocandel\/wp-json\/wp\/v2\/comments?post=7560"}],"version-history":[{"count":2,"href":"https:\/\/agora.xtec.cat\/escolapacocandel\/wp-json\/wp\/v2\/posts\/7560\/revisions"}],"predecessor-version":[{"id":7563,"href":"https:\/\/agora.xtec.cat\/escolapacocandel\/wp-json\/wp\/v2\/posts\/7560\/revisions\/7563"}],"wp:featuredmedia":[{"embeddable":true,"href":"https:\/\/agora.xtec.cat\/escolapacocandel\/wp-json\/wp\/v2\/media\/7561"}],"wp:attachment":[{"href":"https:\/\/agora.xtec.cat\/escolapacocandel\/wp-json\/wp\/v2\/media?parent=7560"}],"wp:term":[{"taxonomy":"category","embeddable":true,"href":"https:\/\/agora.xtec.cat\/escolapacocandel\/wp-json\/wp\/v2\/categories?post=7560"},{"taxonomy":"post_tag","embeddable":true,"href":"https:\/\/agora.xtec.cat\/escolapacocandel\/wp-json\/wp\/v2\/tags?post=7560"}],"curies":[{"name":"wp","href":"https:\/\/api.w.org\/{rel}","templated":true}]}}