{"id":7508,"date":"2023-03-11T13:41:12","date_gmt":"2023-03-11T12:41:12","guid":{"rendered":"https:\/\/agora.xtec.cat\/escolapacocandel\/?p=7508"},"modified":"2023-03-22T12:18:35","modified_gmt":"2023-03-22T11:18:35","slug":"8m-dia-internacional-de-les-dones","status":"publish","type":"post","link":"https:\/\/agora.xtec.cat\/escolapacocandel\/general\/8m-dia-internacional-de-les-dones\/","title":{"rendered":"8M Dia internacional de les dones"},"content":{"rendered":"<p style=\"text-align: justify;\">El dia 8 de mar\u00e7 es commemora el Dia Internacional de\u00a0les\u00a0Dones, que va ser adoptat per l&#8217;Assemblea General de l&#8217;Organitzaci\u00f3 de les Nacions Unides el 16 de desembre de 1977, amb l&#8217;objectiu d&#8217;eliminar tota forma de discriminaci\u00f3 cap a les dones, promoure el seu empoderament i aconseguir la seva plena participaci\u00f3 en la societat.<\/p>\n<p style=\"text-align: justify;\">A l&#8217;escola Paco Candel, aquests dies previs al 8M hem fet diferents activitats a les aules per aprendre de la lluita de les dones al llarg de la hist\u00f2ria en la defensa dels seus drets.<\/p>\n<p style=\"text-align: justify;\">L&#8217;alumnat de 5\u00e8 en petits grups, va investigar l&#8217;origen d&#8217;aquest dia, ho van recollir en uns cartells explicatius que despr\u00e9s van anar a exposar i comentar amb l&#8217;alumnat d&#8217;infantil.<\/p>\n<p><a href=\"https:\/\/agora.xtec.cat\/escolapacocandel\/wp-content\/uploads\/usu332\/2023\/03\/5e-3.jpeg\"><img loading=\"lazy\" decoding=\"async\" class=\"wp-image-7524 alignnone\" src=\"https:\/\/agora.xtec.cat\/escolapacocandel\/wp-content\/uploads\/usu332\/2023\/03\/5e-3-1024x768.jpeg\" alt=\"\" width=\"303\" height=\"227\" srcset=\"https:\/\/agora.xtec.cat\/escolapacocandel\/wp-content\/uploads\/usu332\/2023\/03\/5e-3-1024x768.jpeg 1024w, https:\/\/agora.xtec.cat\/escolapacocandel\/wp-content\/uploads\/usu332\/2023\/03\/5e-3-300x225.jpeg 300w, https:\/\/agora.xtec.cat\/escolapacocandel\/wp-content\/uploads\/usu332\/2023\/03\/5e-3-768x576.jpeg 768w, https:\/\/agora.xtec.cat\/escolapacocandel\/wp-content\/uploads\/usu332\/2023\/03\/5e-3-1536x1152.jpeg 1536w, https:\/\/agora.xtec.cat\/escolapacocandel\/wp-content\/uploads\/usu332\/2023\/03\/5e-3-200x150.jpeg 200w, https:\/\/agora.xtec.cat\/escolapacocandel\/wp-content\/uploads\/usu332\/2023\/03\/5e-3.jpeg 1600w\" sizes=\"auto, (max-width: 303px) 100vw, 303px\" \/><\/a><a href=\"https:\/\/agora.xtec.cat\/escolapacocandel\/wp-content\/uploads\/usu332\/2023\/03\/5e-2.jpeg\"><img loading=\"lazy\" decoding=\"async\" class=\"wp-image-7523 alignnone\" src=\"https:\/\/agora.xtec.cat\/escolapacocandel\/wp-content\/uploads\/usu332\/2023\/03\/5e-2-1024x768.jpeg\" alt=\"\" width=\"303\" height=\"227\" srcset=\"https:\/\/agora.xtec.cat\/escolapacocandel\/wp-content\/uploads\/usu332\/2023\/03\/5e-2-1024x768.jpeg 1024w, https:\/\/agora.xtec.cat\/escolapacocandel\/wp-content\/uploads\/usu332\/2023\/03\/5e-2-300x225.jpeg 300w, https:\/\/agora.xtec.cat\/escolapacocandel\/wp-content\/uploads\/usu332\/2023\/03\/5e-2-768x576.jpeg 768w, https:\/\/agora.xtec.cat\/escolapacocandel\/wp-content\/uploads\/usu332\/2023\/03\/5e-2-1536x1152.jpeg 1536w, https:\/\/agora.xtec.cat\/escolapacocandel\/wp-content\/uploads\/usu332\/2023\/03\/5e-2-200x150.jpeg 200w, https:\/\/agora.xtec.cat\/escolapacocandel\/wp-content\/uploads\/usu332\/2023\/03\/5e-2.jpeg 1600w\" sizes=\"auto, (max-width: 303px) 100vw, 303px\" \/><\/a><a href=\"https:\/\/agora.xtec.cat\/escolapacocandel\/wp-content\/uploads\/usu332\/2023\/03\/5e-a-2.jpeg\"><img loading=\"lazy\" decoding=\"async\" class=\"wp-image-7521 alignnone\" src=\"https:\/\/agora.xtec.cat\/escolapacocandel\/wp-content\/uploads\/usu332\/2023\/03\/5e-a-2-768x1024.jpeg\" alt=\"\" width=\"171\" height=\"228\" srcset=\"https:\/\/agora.xtec.cat\/escolapacocandel\/wp-content\/uploads\/usu332\/2023\/03\/5e-a-2-768x1024.jpeg 768w, https:\/\/agora.xtec.cat\/escolapacocandel\/wp-content\/uploads\/usu332\/2023\/03\/5e-a-2-225x300.jpeg 225w, https:\/\/agora.xtec.cat\/escolapacocandel\/wp-content\/uploads\/usu332\/2023\/03\/5e-a-2-1152x1536.jpeg 1152w, https:\/\/agora.xtec.cat\/escolapacocandel\/wp-content\/uploads\/usu332\/2023\/03\/5e-a-2.jpeg 1200w\" sizes=\"auto, (max-width: 171px) 100vw, 171px\" \/><\/a> <a href=\"https:\/\/agora.xtec.cat\/escolapacocandel\/wp-content\/uploads\/usu332\/2023\/03\/5e-a-1.jpeg\"><img loading=\"lazy\" decoding=\"async\" class=\"alignnone wp-image-7520\" src=\"https:\/\/agora.xtec.cat\/escolapacocandel\/wp-content\/uploads\/usu332\/2023\/03\/5e-a-1-768x1024.jpeg\" alt=\"\" width=\"171\" height=\"228\" srcset=\"https:\/\/agora.xtec.cat\/escolapacocandel\/wp-content\/uploads\/usu332\/2023\/03\/5e-a-1-768x1024.jpeg 768w, https:\/\/agora.xtec.cat\/escolapacocandel\/wp-content\/uploads\/usu332\/2023\/03\/5e-a-1-225x300.jpeg 225w, https:\/\/agora.xtec.cat\/escolapacocandel\/wp-content\/uploads\/usu332\/2023\/03\/5e-a-1-1152x1536.jpeg 1152w, https:\/\/agora.xtec.cat\/escolapacocandel\/wp-content\/uploads\/usu332\/2023\/03\/5e-a-1.jpeg 1200w\" sizes=\"auto, (max-width: 171px) 100vw, 171px\" \/><\/a><a href=\"https:\/\/agora.xtec.cat\/escolapacocandel\/wp-content\/uploads\/usu332\/2023\/03\/grans-ipetits-3.jpeg\"><img loading=\"lazy\" decoding=\"async\" class=\"alignnone wp-image-7518\" src=\"https:\/\/agora.xtec.cat\/escolapacocandel\/wp-content\/uploads\/usu332\/2023\/03\/grans-ipetits-3-1024x768.jpeg\" alt=\"\" width=\"304\" height=\"228\" srcset=\"https:\/\/agora.xtec.cat\/escolapacocandel\/wp-content\/uploads\/usu332\/2023\/03\/grans-ipetits-3-1024x768.jpeg 1024w, https:\/\/agora.xtec.cat\/escolapacocandel\/wp-content\/uploads\/usu332\/2023\/03\/grans-ipetits-3-300x225.jpeg 300w, https:\/\/agora.xtec.cat\/escolapacocandel\/wp-content\/uploads\/usu332\/2023\/03\/grans-ipetits-3-768x576.jpeg 768w, https:\/\/agora.xtec.cat\/escolapacocandel\/wp-content\/uploads\/usu332\/2023\/03\/grans-ipetits-3-1536x1152.jpeg 1536w, https:\/\/agora.xtec.cat\/escolapacocandel\/wp-content\/uploads\/usu332\/2023\/03\/grans-ipetits-3-200x150.jpeg 200w, https:\/\/agora.xtec.cat\/escolapacocandel\/wp-content\/uploads\/usu332\/2023\/03\/grans-ipetits-3.jpeg 2048w\" sizes=\"auto, (max-width: 304px) 100vw, 304px\" \/><\/a><a href=\"https:\/\/agora.xtec.cat\/escolapacocandel\/wp-content\/uploads\/usu332\/2023\/03\/grans-ipetits-4.jpeg\"><img loading=\"lazy\" decoding=\"async\" class=\"alignnone wp-image-7517\" src=\"https:\/\/agora.xtec.cat\/escolapacocandel\/wp-content\/uploads\/usu332\/2023\/03\/grans-ipetits-4-1024x768.jpeg\" alt=\"\" width=\"305\" height=\"229\" srcset=\"https:\/\/agora.xtec.cat\/escolapacocandel\/wp-content\/uploads\/usu332\/2023\/03\/grans-ipetits-4-1024x768.jpeg 1024w, https:\/\/agora.xtec.cat\/escolapacocandel\/wp-content\/uploads\/usu332\/2023\/03\/grans-ipetits-4-300x225.jpeg 300w, https:\/\/agora.xtec.cat\/escolapacocandel\/wp-content\/uploads\/usu332\/2023\/03\/grans-ipetits-4-768x576.jpeg 768w, https:\/\/agora.xtec.cat\/escolapacocandel\/wp-content\/uploads\/usu332\/2023\/03\/grans-ipetits-4-1536x1152.jpeg 1536w, https:\/\/agora.xtec.cat\/escolapacocandel\/wp-content\/uploads\/usu332\/2023\/03\/grans-ipetits-4-200x150.jpeg 200w, https:\/\/agora.xtec.cat\/escolapacocandel\/wp-content\/uploads\/usu332\/2023\/03\/grans-ipetits-4.jpeg 2048w\" sizes=\"auto, (max-width: 305px) 100vw, 305px\" \/><\/a><a href=\"https:\/\/agora.xtec.cat\/escolapacocandel\/wp-content\/uploads\/usu332\/2023\/03\/grans-i-petits.jpeg\"><img loading=\"lazy\" decoding=\"async\" class=\"wp-image-7516 aligncenter\" src=\"https:\/\/agora.xtec.cat\/escolapacocandel\/wp-content\/uploads\/usu332\/2023\/03\/grans-i-petits-1024x768.jpeg\" alt=\"\" width=\"548\" height=\"411\" srcset=\"https:\/\/agora.xtec.cat\/escolapacocandel\/wp-content\/uploads\/usu332\/2023\/03\/grans-i-petits-1024x768.jpeg 1024w, https:\/\/agora.xtec.cat\/escolapacocandel\/wp-content\/uploads\/usu332\/2023\/03\/grans-i-petits-300x225.jpeg 300w, https:\/\/agora.xtec.cat\/escolapacocandel\/wp-content\/uploads\/usu332\/2023\/03\/grans-i-petits-768x576.jpeg 768w, https:\/\/agora.xtec.cat\/escolapacocandel\/wp-content\/uploads\/usu332\/2023\/03\/grans-i-petits-1536x1152.jpeg 1536w, https:\/\/agora.xtec.cat\/escolapacocandel\/wp-content\/uploads\/usu332\/2023\/03\/grans-i-petits-200x150.jpeg 200w, https:\/\/agora.xtec.cat\/escolapacocandel\/wp-content\/uploads\/usu332\/2023\/03\/grans-i-petits.jpeg 1600w\" sizes=\"auto, (max-width: 548px) 100vw, 548px\" \/><\/a><\/p>\n<p style=\"text-align: justify;\">L&#8217;alumnat de 6\u00e8 va analitzar i reflexionar un seguit d&#8217;anuncis que podem veure actualment en la publicitat, on es mostra la dona un rol molt sexista. M\u00e9s tard, en petits grups van crear els seus propis anuncis amb una mirada molt m\u00e9s igualitaria i no sexista.<\/p>\n<p>\u00a0 \u00a0 \u00a0 \u00a0 <a href=\"https:\/\/agora.xtec.cat\/escolapacocandel\/wp-content\/uploads\/usu332\/2023\/03\/6e-storyline-1-rotated.jpeg\"><img loading=\"lazy\" decoding=\"async\" class=\"alignnone wp-image-7513\" src=\"https:\/\/agora.xtec.cat\/escolapacocandel\/wp-content\/uploads\/usu332\/2023\/03\/6e-storyline-1-rotated.jpeg\" alt=\"\" width=\"372\" height=\"279\" srcset=\"https:\/\/agora.xtec.cat\/escolapacocandel\/wp-content\/uploads\/usu332\/2023\/03\/6e-storyline-1-rotated.jpeg 1024w, https:\/\/agora.xtec.cat\/escolapacocandel\/wp-content\/uploads\/usu332\/2023\/03\/6e-storyline-1-300x225.jpeg 300w, https:\/\/agora.xtec.cat\/escolapacocandel\/wp-content\/uploads\/usu332\/2023\/03\/6e-storyline-1-768x576.jpeg 768w, https:\/\/agora.xtec.cat\/escolapacocandel\/wp-content\/uploads\/usu332\/2023\/03\/6e-storyline-1-200x150.jpeg 200w\" sizes=\"auto, (max-width: 372px) 100vw, 372px\" \/><\/a> <a href=\"https:\/\/agora.xtec.cat\/escolapacocandel\/wp-content\/uploads\/usu332\/2023\/03\/6e-storyline-3-rotated.jpeg\"><img loading=\"lazy\" decoding=\"async\" class=\"alignnone wp-image-7512\" src=\"https:\/\/agora.xtec.cat\/escolapacocandel\/wp-content\/uploads\/usu332\/2023\/03\/6e-storyline-3-rotated.jpeg\" alt=\"\" width=\"374\" height=\"281\" srcset=\"https:\/\/agora.xtec.cat\/escolapacocandel\/wp-content\/uploads\/usu332\/2023\/03\/6e-storyline-3-rotated.jpeg 1024w, https:\/\/agora.xtec.cat\/escolapacocandel\/wp-content\/uploads\/usu332\/2023\/03\/6e-storyline-3-300x225.jpeg 300w, https:\/\/agora.xtec.cat\/escolapacocandel\/wp-content\/uploads\/usu332\/2023\/03\/6e-storyline-3-768x576.jpeg 768w, https:\/\/agora.xtec.cat\/escolapacocandel\/wp-content\/uploads\/usu332\/2023\/03\/6e-storyline-3-200x150.jpeg 200w\" sizes=\"auto, (max-width: 374px) 100vw, 374px\" \/><\/a> <a href=\"https:\/\/agora.xtec.cat\/escolapacocandel\/wp-content\/uploads\/usu332\/2023\/03\/6e-storyline-4-rotated.jpeg\">\u00a0 \u00a0<img loading=\"lazy\" decoding=\"async\" class=\"wp-image-7511 aligncenter\" src=\"https:\/\/agora.xtec.cat\/escolapacocandel\/wp-content\/uploads\/usu332\/2023\/03\/6e-storyline-4-rotated.jpeg\" alt=\"\" width=\"443\" height=\"332\" srcset=\"https:\/\/agora.xtec.cat\/escolapacocandel\/wp-content\/uploads\/usu332\/2023\/03\/6e-storyline-4-rotated.jpeg 1024w, https:\/\/agora.xtec.cat\/escolapacocandel\/wp-content\/uploads\/usu332\/2023\/03\/6e-storyline-4-300x225.jpeg 300w, https:\/\/agora.xtec.cat\/escolapacocandel\/wp-content\/uploads\/usu332\/2023\/03\/6e-storyline-4-768x576.jpeg 768w, https:\/\/agora.xtec.cat\/escolapacocandel\/wp-content\/uploads\/usu332\/2023\/03\/6e-storyline-4-200x150.jpeg 200w\" sizes=\"auto, (max-width: 443px) 100vw, 443px\" \/><\/a><\/p>\n<p style=\"text-align: justify;\">L&#8217;alumnat de 4t, reflexiona sobre la repartici\u00f3 de les tasques dom\u00e8stiques. Quin membre de la fam\u00edlia fa qu\u00e8, i si hi ha equilibri o no en aquesta repartici\u00f3.<br \/>\nAmb el ritme de la Rigoberta\u00a0Bandini\u00a0l&#8217;alumnat analitza la reivindicaci\u00f3 que fa l&#8217;autora en la can\u00e7\u00f3 &#8220;As\u00ed\u00a0bailaba&#8221; tot\u00a0analitzant\u00a0la can\u00e7\u00f3 original, on\u00a0es\u00a0canta amb un to molt sexista.<\/p>\n<p>\u00a0 \u00a0 \u00a0 \u00a0 \u00a0 \u00a0 \u00a0 \u00a0<a href=\"https:\/\/agora.xtec.cat\/escolapacocandel\/wp-content\/uploads\/usu332\/2023\/03\/4t-vero-1.jpeg\"><img loading=\"lazy\" decoding=\"async\" class=\"alignnone wp-image-7525\" src=\"https:\/\/agora.xtec.cat\/escolapacocandel\/wp-content\/uploads\/usu332\/2023\/03\/4t-vero-1-768x1024.jpeg\" alt=\"\" width=\"185\" height=\"247\" srcset=\"https:\/\/agora.xtec.cat\/escolapacocandel\/wp-content\/uploads\/usu332\/2023\/03\/4t-vero-1-768x1024.jpeg 768w, https:\/\/agora.xtec.cat\/escolapacocandel\/wp-content\/uploads\/usu332\/2023\/03\/4t-vero-1-225x300.jpeg 225w, https:\/\/agora.xtec.cat\/escolapacocandel\/wp-content\/uploads\/usu332\/2023\/03\/4t-vero-1-1152x1536.jpeg 1152w, https:\/\/agora.xtec.cat\/escolapacocandel\/wp-content\/uploads\/usu332\/2023\/03\/4t-vero-1.jpeg 1200w\" sizes=\"auto, (max-width: 185px) 100vw, 185px\" \/>\u00a0 <\/a><a href=\"https:\/\/agora.xtec.cat\/escolapacocandel\/wp-content\/uploads\/usu332\/2023\/03\/4t-vero-2.jpeg\"><img loading=\"lazy\" decoding=\"async\" class=\"alignnone wp-image-7526\" src=\"https:\/\/agora.xtec.cat\/escolapacocandel\/wp-content\/uploads\/usu332\/2023\/03\/4t-vero-2-768x1024.jpeg\" alt=\"\" width=\"184\" height=\"246\" srcset=\"https:\/\/agora.xtec.cat\/escolapacocandel\/wp-content\/uploads\/usu332\/2023\/03\/4t-vero-2-768x1024.jpeg 768w, https:\/\/agora.xtec.cat\/escolapacocandel\/wp-content\/uploads\/usu332\/2023\/03\/4t-vero-2-225x300.jpeg 225w, https:\/\/agora.xtec.cat\/escolapacocandel\/wp-content\/uploads\/usu332\/2023\/03\/4t-vero-2-1152x1536.jpeg 1152w, https:\/\/agora.xtec.cat\/escolapacocandel\/wp-content\/uploads\/usu332\/2023\/03\/4t-vero-2.jpeg 1200w\" sizes=\"auto, (max-width: 184px) 100vw, 184px\" \/>\u00a0 <\/a><a href=\"https:\/\/agora.xtec.cat\/escolapacocandel\/wp-content\/uploads\/usu332\/2023\/03\/4t-1-rotated.jpeg\"><img loading=\"lazy\" decoding=\"async\" class=\"alignnone wp-image-7515\" src=\"https:\/\/agora.xtec.cat\/escolapacocandel\/wp-content\/uploads\/usu332\/2023\/03\/4t-1-1024x768.jpeg\" alt=\"\" width=\"327\" height=\"246\" srcset=\"https:\/\/agora.xtec.cat\/escolapacocandel\/wp-content\/uploads\/usu332\/2023\/03\/4t-1-1024x768.jpeg 1024w, https:\/\/agora.xtec.cat\/escolapacocandel\/wp-content\/uploads\/usu332\/2023\/03\/4t-1-300x225.jpeg 300w, https:\/\/agora.xtec.cat\/escolapacocandel\/wp-content\/uploads\/usu332\/2023\/03\/4t-1-768x576.jpeg 768w, https:\/\/agora.xtec.cat\/escolapacocandel\/wp-content\/uploads\/usu332\/2023\/03\/4t-1-1536x1152.jpeg 1536w, https:\/\/agora.xtec.cat\/escolapacocandel\/wp-content\/uploads\/usu332\/2023\/03\/4t-1-200x150.jpeg 200w, https:\/\/agora.xtec.cat\/escolapacocandel\/wp-content\/uploads\/usu332\/2023\/03\/4t-1-rotated.jpeg 2048w\" sizes=\"auto, (max-width: 327px) 100vw, 327px\" \/><\/a><\/p>\n<p style=\"text-align: justify;\">La comunitat de mitjans a trav\u00e9s de contes i v\u00eddeos, tamb\u00e9 reflexionen sobre els estereotips sexistes que sovint escoltem en el nostre entorn. Malauradament, encara escoltem comentaris del tipus: aquests jocs s\u00f3n de nens, aquests colors s\u00f3n de nens&#8230;, per\u00f2,\u00a0 per qu\u00e8 saltar a corda es considera una activitat de nenes? Heu vist aquesta colla de gimnastes les acrob\u00e0cies que fan? Nom\u00e9s es poden pintar les ungles les noies? Qui ho diu aix\u00f2?&#8230;<\/p>\n<p style=\"text-align: justify;\"><a href=\"https:\/\/agora.xtec.cat\/escolapacocandel\/wp-content\/uploads\/usu332\/2023\/03\/Saltar-corda-video.jpeg\"><img loading=\"lazy\" decoding=\"async\" class=\"alignnone wp-image-7529\" src=\"https:\/\/agora.xtec.cat\/escolapacocandel\/wp-content\/uploads\/usu332\/2023\/03\/Saltar-corda-video.jpeg\" alt=\"\" width=\"377\" height=\"283\" srcset=\"https:\/\/agora.xtec.cat\/escolapacocandel\/wp-content\/uploads\/usu332\/2023\/03\/Saltar-corda-video.jpeg 1024w, https:\/\/agora.xtec.cat\/escolapacocandel\/wp-content\/uploads\/usu332\/2023\/03\/Saltar-corda-video-300x225.jpeg 300w, https:\/\/agora.xtec.cat\/escolapacocandel\/wp-content\/uploads\/usu332\/2023\/03\/Saltar-corda-video-768x576.jpeg 768w, https:\/\/agora.xtec.cat\/escolapacocandel\/wp-content\/uploads\/usu332\/2023\/03\/Saltar-corda-video-200x150.jpeg 200w\" sizes=\"auto, (max-width: 377px) 100vw, 377px\" \/>\u00a0\u00a0 <\/a><a href=\"https:\/\/agora.xtec.cat\/escolapacocandel\/wp-content\/uploads\/usu332\/2023\/03\/Saltar-corda-3r-1.jpeg\"><img loading=\"lazy\" decoding=\"async\" class=\"alignnone wp-image-7533\" src=\"https:\/\/agora.xtec.cat\/escolapacocandel\/wp-content\/uploads\/usu332\/2023\/03\/Saltar-corda-3r-1-768x1024.jpeg\" alt=\"\" width=\"213\" height=\"284\" srcset=\"https:\/\/agora.xtec.cat\/escolapacocandel\/wp-content\/uploads\/usu332\/2023\/03\/Saltar-corda-3r-1-768x1024.jpeg 768w, https:\/\/agora.xtec.cat\/escolapacocandel\/wp-content\/uploads\/usu332\/2023\/03\/Saltar-corda-3r-1-225x300.jpeg 225w, https:\/\/agora.xtec.cat\/escolapacocandel\/wp-content\/uploads\/usu332\/2023\/03\/Saltar-corda-3r-1-1152x1536.jpeg 1152w, https:\/\/agora.xtec.cat\/escolapacocandel\/wp-content\/uploads\/usu332\/2023\/03\/Saltar-corda-3r-1.jpeg 1536w\" sizes=\"auto, (max-width: 213px) 100vw, 213px\" \/>\u00a0 <\/a><a href=\"https:\/\/agora.xtec.cat\/escolapacocandel\/wp-content\/uploads\/usu332\/2023\/03\/Saltar-corda-3r-2.jpeg\"><img loading=\"lazy\" decoding=\"async\" class=\"alignnone wp-image-7534\" src=\"https:\/\/agora.xtec.cat\/escolapacocandel\/wp-content\/uploads\/usu332\/2023\/03\/Saltar-corda-3r-2-768x1024.jpeg\" alt=\"\" width=\"214\" height=\"285\" srcset=\"https:\/\/agora.xtec.cat\/escolapacocandel\/wp-content\/uploads\/usu332\/2023\/03\/Saltar-corda-3r-2-768x1024.jpeg 768w, https:\/\/agora.xtec.cat\/escolapacocandel\/wp-content\/uploads\/usu332\/2023\/03\/Saltar-corda-3r-2-225x300.jpeg 225w, https:\/\/agora.xtec.cat\/escolapacocandel\/wp-content\/uploads\/usu332\/2023\/03\/Saltar-corda-3r-2-1152x1536.jpeg 1152w, https:\/\/agora.xtec.cat\/escolapacocandel\/wp-content\/uploads\/usu332\/2023\/03\/Saltar-corda-3r-2.jpeg 1536w\" sizes=\"auto, (max-width: 214px) 100vw, 214px\" \/><\/a><\/p>\n<p>\u00a0 \u00a0 \u00a0 \u00a0 \u00a0 \u00a0 \u00a0 \u00a0 \u00a0 \u00a0 \u00a0 \u00a0 \u00a0 \u00a0 \u00a0 \u00a0 \u00a0 <a href=\"https:\/\/agora.xtec.cat\/escolapacocandel\/wp-content\/uploads\/usu332\/2023\/03\/2n.jpeg\"><img loading=\"lazy\" decoding=\"async\" class=\"alignnone wp-image-7528\" src=\"https:\/\/agora.xtec.cat\/escolapacocandel\/wp-content\/uploads\/usu332\/2023\/03\/2n-768x1024.jpeg\" alt=\"\" width=\"276\" height=\"368\" srcset=\"https:\/\/agora.xtec.cat\/escolapacocandel\/wp-content\/uploads\/usu332\/2023\/03\/2n-768x1024.jpeg 768w, https:\/\/agora.xtec.cat\/escolapacocandel\/wp-content\/uploads\/usu332\/2023\/03\/2n-225x300.jpeg 225w, https:\/\/agora.xtec.cat\/escolapacocandel\/wp-content\/uploads\/usu332\/2023\/03\/2n-1152x1536.jpeg 1152w, https:\/\/agora.xtec.cat\/escolapacocandel\/wp-content\/uploads\/usu332\/2023\/03\/2n.jpeg 1536w\" sizes=\"auto, (max-width: 276px) 100vw, 276px\" \/>\u00a0\u00a0<\/a> <a href=\"https:\/\/agora.xtec.cat\/escolapacocandel\/wp-content\/uploads\/usu332\/2023\/03\/2n-1.jpeg\"><img loading=\"lazy\" decoding=\"async\" class=\"alignnone wp-image-7527\" src=\"https:\/\/agora.xtec.cat\/escolapacocandel\/wp-content\/uploads\/usu332\/2023\/03\/2n-1-768x1024.jpeg\" alt=\"\" width=\"274\" height=\"365\" srcset=\"https:\/\/agora.xtec.cat\/escolapacocandel\/wp-content\/uploads\/usu332\/2023\/03\/2n-1-768x1024.jpeg 768w, https:\/\/agora.xtec.cat\/escolapacocandel\/wp-content\/uploads\/usu332\/2023\/03\/2n-1-225x300.jpeg 225w, https:\/\/agora.xtec.cat\/escolapacocandel\/wp-content\/uploads\/usu332\/2023\/03\/2n-1-1152x1536.jpeg 1152w, https:\/\/agora.xtec.cat\/escolapacocandel\/wp-content\/uploads\/usu332\/2023\/03\/2n-1.jpeg 1200w\" sizes=\"auto, (max-width: 274px) 100vw, 274px\" \/><\/a><\/p>\n<p style=\"text-align: justify;\">A les aules de primer vam parlar de quines eren les dones m\u00e9s importants de les nostres vides i ho v\u00e0rem compartir amb els nostres companys i companyes.<\/p>\n<p style=\"text-align: justify;\"><a href=\"https:\/\/agora.xtec.cat\/escolapacocandel\/wp-content\/uploads\/usu332\/2023\/03\/1r-1.jpeg\"><img loading=\"lazy\" decoding=\"async\" class=\"alignnone wp-image-7544\" src=\"https:\/\/agora.xtec.cat\/escolapacocandel\/wp-content\/uploads\/usu332\/2023\/03\/1r-1.jpeg\" alt=\"\" width=\"403\" height=\"302\" srcset=\"https:\/\/agora.xtec.cat\/escolapacocandel\/wp-content\/uploads\/usu332\/2023\/03\/1r-1.jpeg 1024w, https:\/\/agora.xtec.cat\/escolapacocandel\/wp-content\/uploads\/usu332\/2023\/03\/1r-1-300x225.jpeg 300w, https:\/\/agora.xtec.cat\/escolapacocandel\/wp-content\/uploads\/usu332\/2023\/03\/1r-1-768x576.jpeg 768w, https:\/\/agora.xtec.cat\/escolapacocandel\/wp-content\/uploads\/usu332\/2023\/03\/1r-1-200x150.jpeg 200w\" sizes=\"auto, (max-width: 403px) 100vw, 403px\" \/>\u00a0 <\/a><a href=\"https:\/\/agora.xtec.cat\/escolapacocandel\/wp-content\/uploads\/usu332\/2023\/03\/1r-2.jpeg\"><img loading=\"lazy\" decoding=\"async\" class=\"alignnone wp-image-7543\" src=\"https:\/\/agora.xtec.cat\/escolapacocandel\/wp-content\/uploads\/usu332\/2023\/03\/1r-2.jpeg\" alt=\"\" width=\"403\" height=\"302\" srcset=\"https:\/\/agora.xtec.cat\/escolapacocandel\/wp-content\/uploads\/usu332\/2023\/03\/1r-2.jpeg 1024w, https:\/\/agora.xtec.cat\/escolapacocandel\/wp-content\/uploads\/usu332\/2023\/03\/1r-2-300x225.jpeg 300w, https:\/\/agora.xtec.cat\/escolapacocandel\/wp-content\/uploads\/usu332\/2023\/03\/1r-2-768x576.jpeg 768w, https:\/\/agora.xtec.cat\/escolapacocandel\/wp-content\/uploads\/usu332\/2023\/03\/1r-2-200x150.jpeg 200w\" sizes=\"auto, (max-width: 403px) 100vw, 403px\" \/><\/a><\/p>\n<p style=\"text-align: justify;\">I a les aules d\u2019infantil s&#8217;han explicat contes de bibliografies de dones de la col\u00b7lecci\u00f3 Petita&amp;Gran. I tamb\u00e9, van estar reflexionant un dels motius pels quals el 8M molta gent es vesteix de lila. Continuem lluitant per la igualtat de totes les persones.<\/p>\n<p style=\"text-align: center;\">Ni blau, ni rosa, units fem m\u00e9s for\u00e7a!!!<\/p>\n<p style=\"text-align: justify;\"><strong>\u00a0 \u00a0 \u00a0 <a href=\"https:\/\/agora.xtec.cat\/escolapacocandel\/wp-content\/uploads\/usu332\/2023\/03\/Infantil-contes-i-mans-lila-1.jpeg\"><img loading=\"lazy\" decoding=\"async\" class=\"wp-image-7532 alignnone\" src=\"https:\/\/agora.xtec.cat\/escolapacocandel\/wp-content\/uploads\/usu332\/2023\/03\/Infantil-contes-i-mans-lila-1-1024x576.jpeg\" alt=\"\" width=\"432\" height=\"243\" srcset=\"https:\/\/agora.xtec.cat\/escolapacocandel\/wp-content\/uploads\/usu332\/2023\/03\/Infantil-contes-i-mans-lila-1-1024x576.jpeg 1024w, https:\/\/agora.xtec.cat\/escolapacocandel\/wp-content\/uploads\/usu332\/2023\/03\/Infantil-contes-i-mans-lila-1-300x169.jpeg 300w, https:\/\/agora.xtec.cat\/escolapacocandel\/wp-content\/uploads\/usu332\/2023\/03\/Infantil-contes-i-mans-lila-1-768x432.jpeg 768w, https:\/\/agora.xtec.cat\/escolapacocandel\/wp-content\/uploads\/usu332\/2023\/03\/Infantil-contes-i-mans-lila-1-1536x864.jpeg 1536w, https:\/\/agora.xtec.cat\/escolapacocandel\/wp-content\/uploads\/usu332\/2023\/03\/Infantil-contes-i-mans-lila-1.jpeg 1600w\" sizes=\"auto, (max-width: 432px) 100vw, 432px\" \/><\/a>\u00a0 <a href=\"https:\/\/agora.xtec.cat\/escolapacocandel\/wp-content\/uploads\/usu332\/2023\/03\/p3-carme-2.jpeg\"><img loading=\"lazy\" decoding=\"async\" class=\"alignnone wp-image-7537\" src=\"https:\/\/agora.xtec.cat\/escolapacocandel\/wp-content\/uploads\/usu332\/2023\/03\/p3-carme-2-1024x768.jpeg\" alt=\"\" width=\"323\" height=\"243\" srcset=\"https:\/\/agora.xtec.cat\/escolapacocandel\/wp-content\/uploads\/usu332\/2023\/03\/p3-carme-2-1024x768.jpeg 1024w, https:\/\/agora.xtec.cat\/escolapacocandel\/wp-content\/uploads\/usu332\/2023\/03\/p3-carme-2-300x225.jpeg 300w, https:\/\/agora.xtec.cat\/escolapacocandel\/wp-content\/uploads\/usu332\/2023\/03\/p3-carme-2-768x576.jpeg 768w, https:\/\/agora.xtec.cat\/escolapacocandel\/wp-content\/uploads\/usu332\/2023\/03\/p3-carme-2-1536x1152.jpeg 1536w, https:\/\/agora.xtec.cat\/escolapacocandel\/wp-content\/uploads\/usu332\/2023\/03\/p3-carme-2-200x150.jpeg 200w, https:\/\/agora.xtec.cat\/escolapacocandel\/wp-content\/uploads\/usu332\/2023\/03\/p3-carme-2.jpeg 2048w\" sizes=\"auto, (max-width: 323px) 100vw, 323px\" \/><\/a>\u00a0 \u00a0<\/strong><\/p>\n<p><a href=\"https:\/\/agora.xtec.cat\/escolapacocandel\/wp-content\/uploads\/usu332\/2023\/03\/P3-feli.jpeg\"><img loading=\"lazy\" decoding=\"async\" class=\"alignnone wp-image-7541\" src=\"https:\/\/agora.xtec.cat\/escolapacocandel\/wp-content\/uploads\/usu332\/2023\/03\/P3-feli-1024x738.jpeg\" alt=\"\" width=\"225\" height=\"162\" srcset=\"https:\/\/agora.xtec.cat\/escolapacocandel\/wp-content\/uploads\/usu332\/2023\/03\/P3-feli-1024x738.jpeg 1024w, https:\/\/agora.xtec.cat\/escolapacocandel\/wp-content\/uploads\/usu332\/2023\/03\/P3-feli-300x216.jpeg 300w, https:\/\/agora.xtec.cat\/escolapacocandel\/wp-content\/uploads\/usu332\/2023\/03\/P3-feli-768x554.jpeg 768w, https:\/\/agora.xtec.cat\/escolapacocandel\/wp-content\/uploads\/usu332\/2023\/03\/P3-feli-1536x1107.jpeg 1536w, https:\/\/agora.xtec.cat\/escolapacocandel\/wp-content\/uploads\/usu332\/2023\/03\/P3-feli.jpeg 2048w\" sizes=\"auto, (max-width: 225px) 100vw, 225px\" \/>\u00a0 <\/a><a href=\"https:\/\/agora.xtec.cat\/escolapacocandel\/wp-content\/uploads\/usu332\/2023\/03\/Infantil-contes-i-mans-lila-4-rotated.jpeg\"><img loading=\"lazy\" decoding=\"async\" class=\"alignnone wp-image-7509\" src=\"https:\/\/agora.xtec.cat\/escolapacocandel\/wp-content\/uploads\/usu332\/2023\/03\/Infantil-contes-i-mans-lila-4-1024x576.jpeg\" alt=\"\" width=\"286\" height=\"161\" srcset=\"https:\/\/agora.xtec.cat\/escolapacocandel\/wp-content\/uploads\/usu332\/2023\/03\/Infantil-contes-i-mans-lila-4-1024x576.jpeg 1024w, https:\/\/agora.xtec.cat\/escolapacocandel\/wp-content\/uploads\/usu332\/2023\/03\/Infantil-contes-i-mans-lila-4-300x169.jpeg 300w, https:\/\/agora.xtec.cat\/escolapacocandel\/wp-content\/uploads\/usu332\/2023\/03\/Infantil-contes-i-mans-lila-4-768x432.jpeg 768w, https:\/\/agora.xtec.cat\/escolapacocandel\/wp-content\/uploads\/usu332\/2023\/03\/Infantil-contes-i-mans-lila-4-1536x864.jpeg 1536w, https:\/\/agora.xtec.cat\/escolapacocandel\/wp-content\/uploads\/usu332\/2023\/03\/Infantil-contes-i-mans-lila-4-rotated.jpeg 1600w\" sizes=\"auto, (max-width: 286px) 100vw, 286px\" \/>\u00a0 <\/a><a href=\"https:\/\/agora.xtec.cat\/escolapacocandel\/wp-content\/uploads\/usu332\/2023\/03\/Infantil-contes-i-mans-lila-3.jpeg\"><img loading=\"lazy\" decoding=\"async\" class=\"alignnone wp-image-7531\" src=\"https:\/\/agora.xtec.cat\/escolapacocandel\/wp-content\/uploads\/usu332\/2023\/03\/Infantil-contes-i-mans-lila-3-1024x576.jpeg\" alt=\"\" width=\"284\" height=\"160\" srcset=\"https:\/\/agora.xtec.cat\/escolapacocandel\/wp-content\/uploads\/usu332\/2023\/03\/Infantil-contes-i-mans-lila-3-1024x576.jpeg 1024w, https:\/\/agora.xtec.cat\/escolapacocandel\/wp-content\/uploads\/usu332\/2023\/03\/Infantil-contes-i-mans-lila-3-300x169.jpeg 300w, https:\/\/agora.xtec.cat\/escolapacocandel\/wp-content\/uploads\/usu332\/2023\/03\/Infantil-contes-i-mans-lila-3-768x432.jpeg 768w, https:\/\/agora.xtec.cat\/escolapacocandel\/wp-content\/uploads\/usu332\/2023\/03\/Infantil-contes-i-mans-lila-3-1536x864.jpeg 1536w, https:\/\/agora.xtec.cat\/escolapacocandel\/wp-content\/uploads\/usu332\/2023\/03\/Infantil-contes-i-mans-lila-3.jpeg 1600w\" sizes=\"auto, (max-width: 284px) 100vw, 284px\" \/><\/a><\/p>\n<p><a href=\"https:\/\/agora.xtec.cat\/escolapacocandel\/wp-content\/uploads\/usu332\/2023\/03\/infantil-mans-lila-3.jpeg\"><img loading=\"lazy\" decoding=\"async\" class=\"alignnone wp-image-7539\" src=\"https:\/\/agora.xtec.cat\/escolapacocandel\/wp-content\/uploads\/usu332\/2023\/03\/infantil-mans-lila-3-1024x768.jpeg\" alt=\"\" width=\"276\" height=\"207\" srcset=\"https:\/\/agora.xtec.cat\/escolapacocandel\/wp-content\/uploads\/usu332\/2023\/03\/infantil-mans-lila-3-1024x768.jpeg 1024w, https:\/\/agora.xtec.cat\/escolapacocandel\/wp-content\/uploads\/usu332\/2023\/03\/infantil-mans-lila-3-300x225.jpeg 300w, https:\/\/agora.xtec.cat\/escolapacocandel\/wp-content\/uploads\/usu332\/2023\/03\/infantil-mans-lila-3-768x576.jpeg 768w, https:\/\/agora.xtec.cat\/escolapacocandel\/wp-content\/uploads\/usu332\/2023\/03\/infantil-mans-lila-3-1536x1152.jpeg 1536w, https:\/\/agora.xtec.cat\/escolapacocandel\/wp-content\/uploads\/usu332\/2023\/03\/infantil-mans-lila-3-200x150.jpeg 200w, https:\/\/agora.xtec.cat\/escolapacocandel\/wp-content\/uploads\/usu332\/2023\/03\/infantil-mans-lila-3.jpeg 1600w\" sizes=\"auto, (max-width: 276px) 100vw, 276px\" \/><\/a> <a href=\"https:\/\/agora.xtec.cat\/escolapacocandel\/wp-content\/uploads\/usu332\/2023\/03\/infantil-mans-lila-1.jpeg\"><img loading=\"lazy\" decoding=\"async\" class=\"alignnone wp-image-7538\" src=\"https:\/\/agora.xtec.cat\/escolapacocandel\/wp-content\/uploads\/usu332\/2023\/03\/infantil-mans-lila-1-1024x768.jpeg\" alt=\"\" width=\"277\" height=\"208\" srcset=\"https:\/\/agora.xtec.cat\/escolapacocandel\/wp-content\/uploads\/usu332\/2023\/03\/infantil-mans-lila-1-1024x768.jpeg 1024w, https:\/\/agora.xtec.cat\/escolapacocandel\/wp-content\/uploads\/usu332\/2023\/03\/infantil-mans-lila-1-300x225.jpeg 300w, https:\/\/agora.xtec.cat\/escolapacocandel\/wp-content\/uploads\/usu332\/2023\/03\/infantil-mans-lila-1-768x576.jpeg 768w, https:\/\/agora.xtec.cat\/escolapacocandel\/wp-content\/uploads\/usu332\/2023\/03\/infantil-mans-lila-1-1536x1152.jpeg 1536w, https:\/\/agora.xtec.cat\/escolapacocandel\/wp-content\/uploads\/usu332\/2023\/03\/infantil-mans-lila-1-200x150.jpeg 200w, https:\/\/agora.xtec.cat\/escolapacocandel\/wp-content\/uploads\/usu332\/2023\/03\/infantil-mans-lila-1.jpeg 1600w\" sizes=\"auto, (max-width: 277px) 100vw, 277px\" \/><\/a><\/p>\n<p><a href=\"https:\/\/agora.xtec.cat\/escolapacocandel\/wp-content\/uploads\/usu332\/2023\/03\/p3-carme-1.jpeg\"><img loading=\"lazy\" decoding=\"async\" class=\"alignnone wp-image-7535\" src=\"https:\/\/agora.xtec.cat\/escolapacocandel\/wp-content\/uploads\/usu332\/2023\/03\/p3-carme-1-768x1024.jpeg\" alt=\"\" width=\"276\" height=\"368\" srcset=\"https:\/\/agora.xtec.cat\/escolapacocandel\/wp-content\/uploads\/usu332\/2023\/03\/p3-carme-1-768x1024.jpeg 768w, https:\/\/agora.xtec.cat\/escolapacocandel\/wp-content\/uploads\/usu332\/2023\/03\/p3-carme-1-225x300.jpeg 225w, https:\/\/agora.xtec.cat\/escolapacocandel\/wp-content\/uploads\/usu332\/2023\/03\/p3-carme-1-1152x1536.jpeg 1152w, https:\/\/agora.xtec.cat\/escolapacocandel\/wp-content\/uploads\/usu332\/2023\/03\/p3-carme-1.jpeg 1536w\" sizes=\"auto, (max-width: 276px) 100vw, 276px\" \/>\u00a0 <\/a><a href=\"https:\/\/agora.xtec.cat\/escolapacocandel\/wp-content\/uploads\/usu332\/2023\/03\/infantil-mans-lila-2.jpeg\"><img loading=\"lazy\" decoding=\"async\" class=\"alignnone wp-image-7540\" src=\"https:\/\/agora.xtec.cat\/escolapacocandel\/wp-content\/uploads\/usu332\/2023\/03\/infantil-mans-lila-2-768x1024.jpeg\" alt=\"\" width=\"276\" height=\"368\" srcset=\"https:\/\/agora.xtec.cat\/escolapacocandel\/wp-content\/uploads\/usu332\/2023\/03\/infantil-mans-lila-2-768x1024.jpeg 768w, https:\/\/agora.xtec.cat\/escolapacocandel\/wp-content\/uploads\/usu332\/2023\/03\/infantil-mans-lila-2-225x300.jpeg 225w, https:\/\/agora.xtec.cat\/escolapacocandel\/wp-content\/uploads\/usu332\/2023\/03\/infantil-mans-lila-2-1152x1536.jpeg 1152w, https:\/\/agora.xtec.cat\/escolapacocandel\/wp-content\/uploads\/usu332\/2023\/03\/infantil-mans-lila-2.jpeg 1200w\" sizes=\"auto, (max-width: 276px) 100vw, 276px\" \/><\/a><\/p>\n<p style=\"text-align: left;\">Seguim fent cam\u00ed en la Coeducaci\u00f3!!<\/p>\n","protected":false},"excerpt":{"rendered":"<p>El dia 8 de mar\u00e7 es commemora el Dia Internacional de\u00a0les\u00a0Dones, que va ser adoptat per l&#8217;Assemblea General de l&#8217;Organitzaci\u00f3 de les Nacions Unides el 16 de desembre de 1977, amb l&#8217;objectiu d&#8217;eliminar tota forma de discriminaci\u00f3 cap a les dones, promoure el seu empoderament&hellip;  <a href=\"https:\/\/agora.xtec.cat\/escolapacocandel\/general\/8m-dia-internacional-de-les-dones\/\" title=\"Read 8M Dia internacional de les dones\">Llegeix m\u00e9s\u00bb<\/a><\/p>\n","protected":false},"author":1,"featured_media":7540,"comment_status":"open","ping_status":"closed","sticky":false,"template":"","format":"standard","meta":{"_bbp_topic_count":0,"_bbp_reply_count":0,"_bbp_total_topic_count":0,"_bbp_total_reply_count":0,"_bbp_voice_count":0,"_bbp_anonymous_reply_count":0,"_bbp_topic_count_hidden":0,"_bbp_reply_count_hidden":0,"_bbp_forum_subforum_count":0,"footnotes":""},"categories":[129,127,128,1,4],"tags":[120],"class_list":["post-7508","post","type-post","status-publish","format-standard","has-post-thumbnail","hentry","category-comunitat-de-grans","category-comunitat-de-mitjans","category-comunitat-de-petits","category-general","category-portada","tag-8m"],"post_mailing_queue_ids":[],"_links":{"self":[{"href":"https:\/\/agora.xtec.cat\/escolapacocandel\/wp-json\/wp\/v2\/posts\/7508","targetHints":{"allow":["GET"]}}],"collection":[{"href":"https:\/\/agora.xtec.cat\/escolapacocandel\/wp-json\/wp\/v2\/posts"}],"about":[{"href":"https:\/\/agora.xtec.cat\/escolapacocandel\/wp-json\/wp\/v2\/types\/post"}],"author":[{"embeddable":true,"href":"https:\/\/agora.xtec.cat\/escolapacocandel\/wp-json\/wp\/v2\/users\/1"}],"replies":[{"embeddable":true,"href":"https:\/\/agora.xtec.cat\/escolapacocandel\/wp-json\/wp\/v2\/comments?post=7508"}],"version-history":[{"count":3,"href":"https:\/\/agora.xtec.cat\/escolapacocandel\/wp-json\/wp\/v2\/posts\/7508\/revisions"}],"predecessor-version":[{"id":7566,"href":"https:\/\/agora.xtec.cat\/escolapacocandel\/wp-json\/wp\/v2\/posts\/7508\/revisions\/7566"}],"wp:featuredmedia":[{"embeddable":true,"href":"https:\/\/agora.xtec.cat\/escolapacocandel\/wp-json\/wp\/v2\/media\/7540"}],"wp:attachment":[{"href":"https:\/\/agora.xtec.cat\/escolapacocandel\/wp-json\/wp\/v2\/media?parent=7508"}],"wp:term":[{"taxonomy":"category","embeddable":true,"href":"https:\/\/agora.xtec.cat\/escolapacocandel\/wp-json\/wp\/v2\/categories?post=7508"},{"taxonomy":"post_tag","embeddable":true,"href":"https:\/\/agora.xtec.cat\/escolapacocandel\/wp-json\/wp\/v2\/tags?post=7508"}],"curies":[{"name":"wp","href":"https:\/\/api.w.org\/{rel}","templated":true}]}}