{"id":7480,"date":"2023-03-08T13:05:06","date_gmt":"2023-03-08T12:05:06","guid":{"rendered":"https:\/\/agora.xtec.cat\/escolapacocandel\/?p=7480"},"modified":"2023-03-08T13:05:06","modified_gmt":"2023-03-08T12:05:06","slug":"funbrain-3r","status":"publish","type":"post","link":"https:\/\/agora.xtec.cat\/escolapacocandel\/comunitat-de-mitjans\/funbrain-3r\/","title":{"rendered":"Funbrain 3r"},"content":{"rendered":"<p>Hola fam\u00edlies del Cinema i de l&#8217;Univers,<\/p>\n<p>Com ja sabeu, en aquest segon trimestre, estem treballant i coneixent de valent com funciona el nostre cos. Per aquest motiu, un expert en els 5 sentits, va venir a fer-nos un taller a l&#8217;aula.<\/p>\n<p>El taller va ser molt interessant i engrescador ja que ens feia adornar-nos-en de com funcionen els nostres sentits, que hi ha\u00a0 relaci\u00f3 entre ells i com el nostre cervell \u00e9s capa\u00e7 d&#8217;ajudar-nos quan un d&#8217;aquests sentits no l&#8217;utilitzem.<\/p>\n<p>Vam poder participar tots i totes de les diferents propostes i aqu\u00ed us deixem el recull d&#8217;imatges que vam fer d&#8217;aquell dia.<\/p>\n<p><a href=\"https:\/\/agora.xtec.cat\/escolapacocandel\/fotos-privat\/fotos-funbrain-3r\/\">FOTOS<\/a><\/p>\n<p>&nbsp;<\/p>\n","protected":false},"excerpt":{"rendered":"<p>Hola fam\u00edlies del Cinema i de l&#8217;Univers,<br \/>\nCom ja sabeu, en aquest segon trimestre, estem treballant i coneixent de valent com funciona el nostre cos. Per aquest motiu, un expert en els 5 sentits, va venir a fer-nos un taller a l&#8217;aula.<br \/>\nEl taller va ser molt&hellip;  <a href=\"https:\/\/agora.xtec.cat\/escolapacocandel\/comunitat-de-mitjans\/funbrain-3r\/\" title=\"Read Funbrain 3r\">Llegeix m\u00e9s\u00bb<\/a><\/p>\n","protected":false},"author":1,"featured_media":0,"comment_status":"open","ping_status":"closed","sticky":false,"template":"","format":"standard","meta":{"_bbp_topic_count":0,"_bbp_reply_count":0,"_bbp_total_topic_count":0,"_bbp_total_reply_count":0,"_bbp_voice_count":0,"_bbp_anonymous_reply_count":0,"_bbp_topic_count_hidden":0,"_bbp_reply_count_hidden":0,"_bbp_forum_subforum_count":0,"footnotes":""},"categories":[127,141],"tags":[],"class_list":["post-7480","post","type-post","status-publish","format-standard","hentry","category-comunitat-de-mitjans","category-3r"],"post_mailing_queue_ids":[],"_links":{"self":[{"href":"https:\/\/agora.xtec.cat\/escolapacocandel\/wp-json\/wp\/v2\/posts\/7480","targetHints":{"allow":["GET"]}}],"collection":[{"href":"https:\/\/agora.xtec.cat\/escolapacocandel\/wp-json\/wp\/v2\/posts"}],"about":[{"href":"https:\/\/agora.xtec.cat\/escolapacocandel\/wp-json\/wp\/v2\/types\/post"}],"author":[{"embeddable":true,"href":"https:\/\/agora.xtec.cat\/escolapacocandel\/wp-json\/wp\/v2\/users\/1"}],"replies":[{"embeddable":true,"href":"https:\/\/agora.xtec.cat\/escolapacocandel\/wp-json\/wp\/v2\/comments?post=7480"}],"version-history":[{"count":4,"href":"https:\/\/agora.xtec.cat\/escolapacocandel\/wp-json\/wp\/v2\/posts\/7480\/revisions"}],"predecessor-version":[{"id":7505,"href":"https:\/\/agora.xtec.cat\/escolapacocandel\/wp-json\/wp\/v2\/posts\/7480\/revisions\/7505"}],"wp:attachment":[{"href":"https:\/\/agora.xtec.cat\/escolapacocandel\/wp-json\/wp\/v2\/media?parent=7480"}],"wp:term":[{"taxonomy":"category","embeddable":true,"href":"https:\/\/agora.xtec.cat\/escolapacocandel\/wp-json\/wp\/v2\/categories?post=7480"},{"taxonomy":"post_tag","embeddable":true,"href":"https:\/\/agora.xtec.cat\/escolapacocandel\/wp-json\/wp\/v2\/tags?post=7480"}],"curies":[{"name":"wp","href":"https:\/\/api.w.org\/{rel}","templated":true}]}}