{"id":7470,"date":"2023-03-07T13:00:35","date_gmt":"2023-03-07T12:00:35","guid":{"rendered":"https:\/\/agora.xtec.cat\/escolapacocandel\/?p=7470"},"modified":"2023-11-09T13:52:35","modified_gmt":"2023-11-09T12:52:35","slug":"obra-de-teatre-a-lescola-puff-the-magic-dragon","status":"publish","type":"post","link":"https:\/\/agora.xtec.cat\/escolapacocandel\/comunitat-de-petits\/obra-de-teatre-a-lescola-puff-the-magic-dragon\/","title":{"rendered":"Obra de teatre a l&#8217;escola &#8220;Puff the magic dragon&#8221;"},"content":{"rendered":"<p><strong>\u201cPUFF, THE MAGIC DRAGON\u201d<\/strong><\/p>\n<p>L&#8217;obra de teatre que van veure ahir els infants d&#8217;I4 i I5 va estar plena d&#8217;aventures i de m\u00fasica.<\/p>\n<p>Tots plegats van cantar i ballar al ritme de la m\u00fasica i del grup Jumping Ducks.<\/p>\n<p>Amb personatges com l&#8217;\u00c0lex Paper que \u00e9s un nen molt curi\u00f3s a qui li agraden les aventures. Puff el drac i Mary Read la pirata. Tres junts es veuen en una aventura per trobar el tresor secret!<\/p>\n<p>A m\u00e9s, junt amb els infants que van fer de voluntaris van fer jocs com amagar i buscar, salts i estira-i-arronsa&#8230;<\/p>\n<p><em>Quines aventures viuran junts? Per qu\u00e8 el drac Puff s&#8217;amaga a una cova? Seran amics<\/em><br \/>\n<em>per sempre?<\/em><\/p>\n<p>Aqu\u00ed us posem l&#8217;enlla\u00e7 de la divertida can\u00e7\u00f3 que van aprendre els vostres fills i filles per si voleu posar-la a casa. <a href=\"https:\/\/jumpingducks.com\/obres\/puff-the-magic-dragon\/\">https:\/\/jumpingducks.com\/obres\/puff-the-magic-dragon\/<\/a><\/p>\n<p>A m\u00e9s, d&#8217;un tastet de fotos.\u00a0<a href=\"https:\/\/agora.xtec.cat\/escolapacocandel\/fotos-privat\/obra-de-teatre-a-lescola-puff-the-magic-dragon-2\/\">https:\/\/agora.xtec.cat\/escolapacocandel\/fotos-privat\/obra-de-teatre-a-lescola-puff-the-magic-dragon-2\/<\/a><\/p>\n","protected":false},"excerpt":{"rendered":"<p>\u201cPUFF, THE MAGIC DRAGON\u201d<br \/>\nL&#8217;obra de teatre que van veure ahir els infants d&#8217;I4 i I5 va estar plena d&#8217;aventures i de m\u00fasica.<br \/>\nTots plegats van cantar i ballar al ritme de la m\u00fasica i del grup Jumping Ducks.<br \/>\nAmb personatges com l&#8217;\u00c0lex Paper que \u00e9s un nen&hellip;  <a href=\"https:\/\/agora.xtec.cat\/escolapacocandel\/comunitat-de-petits\/obra-de-teatre-a-lescola-puff-the-magic-dragon\/\" title=\"Read Obra de teatre a l&#8217;escola &#8220;Puff the magic dragon&#8221;\">Llegeix m\u00e9s\u00bb<\/a><\/p>\n","protected":false},"author":1,"featured_media":7475,"comment_status":"open","ping_status":"closed","sticky":false,"template":"","format":"standard","meta":{"_bbp_topic_count":0,"_bbp_reply_count":0,"_bbp_total_topic_count":0,"_bbp_total_reply_count":0,"_bbp_voice_count":0,"_bbp_anonymous_reply_count":0,"_bbp_topic_count_hidden":0,"_bbp_reply_count_hidden":0,"_bbp_forum_subforum_count":0,"footnotes":""},"categories":[183,128],"tags":[154,153],"class_list":["post-7470","post","type-post","status-publish","format-standard","has-post-thumbnail","hentry","category-4-anys","category-comunitat-de-petits","tag-english","tag-teatre"],"post_mailing_queue_ids":[],"_links":{"self":[{"href":"https:\/\/agora.xtec.cat\/escolapacocandel\/wp-json\/wp\/v2\/posts\/7470","targetHints":{"allow":["GET"]}}],"collection":[{"href":"https:\/\/agora.xtec.cat\/escolapacocandel\/wp-json\/wp\/v2\/posts"}],"about":[{"href":"https:\/\/agora.xtec.cat\/escolapacocandel\/wp-json\/wp\/v2\/types\/post"}],"author":[{"embeddable":true,"href":"https:\/\/agora.xtec.cat\/escolapacocandel\/wp-json\/wp\/v2\/users\/1"}],"replies":[{"embeddable":true,"href":"https:\/\/agora.xtec.cat\/escolapacocandel\/wp-json\/wp\/v2\/comments?post=7470"}],"version-history":[{"count":3,"href":"https:\/\/agora.xtec.cat\/escolapacocandel\/wp-json\/wp\/v2\/posts\/7470\/revisions"}],"predecessor-version":[{"id":7565,"href":"https:\/\/agora.xtec.cat\/escolapacocandel\/wp-json\/wp\/v2\/posts\/7470\/revisions\/7565"}],"wp:featuredmedia":[{"embeddable":true,"href":"https:\/\/agora.xtec.cat\/escolapacocandel\/wp-json\/wp\/v2\/media\/7475"}],"wp:attachment":[{"href":"https:\/\/agora.xtec.cat\/escolapacocandel\/wp-json\/wp\/v2\/media?parent=7470"}],"wp:term":[{"taxonomy":"category","embeddable":true,"href":"https:\/\/agora.xtec.cat\/escolapacocandel\/wp-json\/wp\/v2\/categories?post=7470"},{"taxonomy":"post_tag","embeddable":true,"href":"https:\/\/agora.xtec.cat\/escolapacocandel\/wp-json\/wp\/v2\/tags?post=7470"}],"curies":[{"name":"wp","href":"https:\/\/api.w.org\/{rel}","templated":true}]}}