{"id":7417,"date":"2023-02-28T14:38:25","date_gmt":"2023-02-28T13:38:25","guid":{"rendered":"https:\/\/agora.xtec.cat\/escolapacocandel\/?p=7417"},"modified":"2023-11-09T13:47:48","modified_gmt":"2023-11-09T12:47:48","slug":"els-projectes-tambe-en-angles","status":"publish","type":"post","link":"https:\/\/agora.xtec.cat\/escolapacocandel\/comunitat-de-mitjans\/els-projectes-tambe-en-angles\/","title":{"rendered":"Els projectes, tamb\u00e9 en angl\u00e8s"},"content":{"rendered":"<p style=\"font-weight: 400;\">Benvolgudes fam\u00edlies,<\/p>\n<p style=\"font-weight: 400;\">Com ja sabeu els nens i nenes de 1r i 2n aprenen angl\u00e8s tamb\u00e9 a trav\u00e9s dels projectes que es van entomant al llarg del curs. D&#8217;aquesta manera, no nom\u00e9s treballem l\u2019aprenentatge de la llengua anglesa, sin\u00f3 que recolzem tamb\u00e9 l\u2019assimilaci\u00f3 dels conceptes espec\u00edfics vinculats al projecte en curs.<\/p>\n<p style=\"font-weight: 400;\">Durant les sessions de treball utilitzem recursos audiovisuals, can\u00e7ons, contes i jocs que ens permeten treballar el vocabulari espec\u00edfic del projecte, aix\u00ed com conceptes i estructures gramaticals b\u00e0siques que es poden aplicar en m\u00faltiples temes. D\u2019aquesta manera, reforcem l\u2019assimilaci\u00f3 dels nombres, els colors, la terminologia vinculada a la fam\u00edlia, els animals, el temps i incidim en l\u2019expressi\u00f3 dels gustos (\u201cI like&#8230;\u201d \/ \u201cMy favourite&#8230;\u201d) , per posar alguns exemples.<\/p>\n<p style=\"font-weight: 400;\">Donada la naturalesa pr\u00f2pia dels projectes, on l&#8217;aprenentatge inclou la generaci\u00f3 d\u2019idees i la resoluci\u00f3 d\u2019interrogants i enigmes, entre altres aspectes, al llarg del curs fem experiments tamb\u00e9 en les sessions d&#8217;angl\u00e8s. Aix\u00ed \u00e9s com els infants de 1r\u00a0 han pogut crear un vehicle propulsat per aire, visualitzar com funciona l\u2019atracci\u00f3 entre imants o reflexionar i descobrir com el comportament de l&#8217;\u00e9sser hum\u00e0 incideix en els animals. Per la seva banda, els infants de 2n han pogut observar a l\u2019aula les diferents parts de les plantes i fer un trasplantament per veure de ben a prop les arrels i entendre com una correcta atenci\u00f3 a les necessitats de les plantes incideix tamb\u00e9 en el seu benestar.<\/p>\n<p style=\"font-weight: 400;\">\u00c9s un plaer compartir tots aquests moments de descoberta i aprenentatge amb els grups de 1r i 2n! Aqu\u00ed us deixem unes imatges dels projectes i tamb\u00e9 un parell de can\u00e7ons que estem treballant aquest trimestre i que els infants han acollit amb moltes ganes i il\u00b7lusi\u00f3!<\/p>\n<p style=\"font-weight: 400;\">1r, projecte animals:\u00a0<a href=\"https:\/\/www.youtube.com\/watch?v=wCfWmlnJl-A\" data-saferedirecturl=\"https:\/\/www.google.com\/url?q=https:\/\/www.youtube.com\/watch?v%3DwCfWmlnJl-A&amp;source=gmail&amp;ust=1677674622281000&amp;usg=AOvVaw3mHFiXiOqF4guvWPT4lrqX\">https:\/\/www.youtube.com\/watch?v=wCfWmlnJl-A<\/a><\/p>\n<p style=\"font-weight: 400;\">2n, projecte plantes:\u00a0<a href=\"https:\/\/www.youtube.com\/watch?v=TBLFMXU8FLI\" data-saferedirecturl=\"https:\/\/www.google.com\/url?q=https:\/\/www.youtube.com\/watch?v%3DTBLFMXU8FLI&amp;source=gmail&amp;ust=1677674622281000&amp;usg=AOvVaw2PzB6UQPwgDNWhxAQS7Sq6\">https:\/\/www.youtube.com\/watch?v=TBLFMXU8FLI<\/a><\/p>\n<p>&nbsp;<\/p>\n<p><a href=\"https:\/\/agora.xtec.cat\/escolapacocandel\/wp-content\/uploads\/usu332\/2023\/02\/IMG_20221207_093901.jpg\"><img loading=\"lazy\" decoding=\"async\" class=\"alignnone wp-image-7420 size-medium\" src=\"https:\/\/agora.xtec.cat\/escolapacocandel\/wp-content\/uploads\/usu332\/2023\/02\/IMG_20221207_093901-300x225.jpg\" alt=\"\" width=\"300\" height=\"225\" srcset=\"https:\/\/agora.xtec.cat\/escolapacocandel\/wp-content\/uploads\/usu332\/2023\/02\/IMG_20221207_093901-300x225.jpg 300w, https:\/\/agora.xtec.cat\/escolapacocandel\/wp-content\/uploads\/usu332\/2023\/02\/IMG_20221207_093901-200x150.jpg 200w, https:\/\/agora.xtec.cat\/escolapacocandel\/wp-content\/uploads\/usu332\/2023\/02\/IMG_20221207_093901.jpg 768w\" sizes=\"auto, (max-width: 300px) 100vw, 300px\" \/><\/a> <a href=\"https:\/\/agora.xtec.cat\/escolapacocandel\/wp-content\/uploads\/usu332\/2023\/02\/IMG_20230126_100833-scaled.jpg\"><img loading=\"lazy\" decoding=\"async\" class=\"alignnone wp-image-7421 size-medium\" src=\"https:\/\/agora.xtec.cat\/escolapacocandel\/wp-content\/uploads\/usu332\/2023\/02\/IMG_20230126_100833-300x224.jpg\" alt=\"\" width=\"300\" height=\"224\" srcset=\"https:\/\/agora.xtec.cat\/escolapacocandel\/wp-content\/uploads\/usu332\/2023\/02\/IMG_20230126_100833-300x224.jpg 300w, https:\/\/agora.xtec.cat\/escolapacocandel\/wp-content\/uploads\/usu332\/2023\/02\/IMG_20230126_100833-1024x766.jpg 1024w, https:\/\/agora.xtec.cat\/escolapacocandel\/wp-content\/uploads\/usu332\/2023\/02\/IMG_20230126_100833-768x575.jpg 768w, https:\/\/agora.xtec.cat\/escolapacocandel\/wp-content\/uploads\/usu332\/2023\/02\/IMG_20230126_100833-1536x1149.jpg 1536w, https:\/\/agora.xtec.cat\/escolapacocandel\/wp-content\/uploads\/usu332\/2023\/02\/IMG_20230126_100833-2048x1532.jpg 2048w, https:\/\/agora.xtec.cat\/escolapacocandel\/wp-content\/uploads\/usu332\/2023\/02\/IMG_20230126_100833-200x150.jpg 200w\" sizes=\"auto, (max-width: 300px) 100vw, 300px\" \/><\/a> <a href=\"https:\/\/agora.xtec.cat\/escolapacocandel\/wp-content\/uploads\/usu332\/2023\/02\/IMG_20230209_101702-scaled.jpg\"><img loading=\"lazy\" decoding=\"async\" class=\"alignnone wp-image-7422 size-medium\" src=\"https:\/\/agora.xtec.cat\/escolapacocandel\/wp-content\/uploads\/usu332\/2023\/02\/IMG_20230209_101702-224x300.jpg\" alt=\"\" width=\"224\" height=\"300\" srcset=\"https:\/\/agora.xtec.cat\/escolapacocandel\/wp-content\/uploads\/usu332\/2023\/02\/IMG_20230209_101702-224x300.jpg 224w, https:\/\/agora.xtec.cat\/escolapacocandel\/wp-content\/uploads\/usu332\/2023\/02\/IMG_20230209_101702-766x1024.jpg 766w, https:\/\/agora.xtec.cat\/escolapacocandel\/wp-content\/uploads\/usu332\/2023\/02\/IMG_20230209_101702-768x1026.jpg 768w, https:\/\/agora.xtec.cat\/escolapacocandel\/wp-content\/uploads\/usu332\/2023\/02\/IMG_20230209_101702-1149x1536.jpg 1149w, https:\/\/agora.xtec.cat\/escolapacocandel\/wp-content\/uploads\/usu332\/2023\/02\/IMG_20230209_101702-1532x2048.jpg 1532w, https:\/\/agora.xtec.cat\/escolapacocandel\/wp-content\/uploads\/usu332\/2023\/02\/IMG_20230209_101702-scaled.jpg 1916w\" sizes=\"auto, (max-width: 224px) 100vw, 224px\" \/><\/a> <a href=\"https:\/\/agora.xtec.cat\/escolapacocandel\/wp-content\/uploads\/usu332\/2023\/02\/IMG_20230215_114937-scaled.jpg\"><img loading=\"lazy\" decoding=\"async\" class=\"alignnone wp-image-7423 size-medium\" src=\"https:\/\/agora.xtec.cat\/escolapacocandel\/wp-content\/uploads\/usu332\/2023\/02\/IMG_20230215_114937-224x300.jpg\" alt=\"\" width=\"224\" height=\"300\" srcset=\"https:\/\/agora.xtec.cat\/escolapacocandel\/wp-content\/uploads\/usu332\/2023\/02\/IMG_20230215_114937-224x300.jpg 224w, https:\/\/agora.xtec.cat\/escolapacocandel\/wp-content\/uploads\/usu332\/2023\/02\/IMG_20230215_114937-766x1024.jpg 766w, https:\/\/agora.xtec.cat\/escolapacocandel\/wp-content\/uploads\/usu332\/2023\/02\/IMG_20230215_114937-768x1026.jpg 768w, https:\/\/agora.xtec.cat\/escolapacocandel\/wp-content\/uploads\/usu332\/2023\/02\/IMG_20230215_114937-1149x1536.jpg 1149w, https:\/\/agora.xtec.cat\/escolapacocandel\/wp-content\/uploads\/usu332\/2023\/02\/IMG_20230215_114937-1532x2048.jpg 1532w, https:\/\/agora.xtec.cat\/escolapacocandel\/wp-content\/uploads\/usu332\/2023\/02\/IMG_20230215_114937-scaled.jpg 1916w\" sizes=\"auto, (max-width: 224px) 100vw, 224px\" \/><\/a> <a href=\"https:\/\/agora.xtec.cat\/escolapacocandel\/wp-content\/uploads\/usu332\/2023\/02\/IMG_20230215_115657-scaled.jpg\"><img loading=\"lazy\" decoding=\"async\" class=\"alignnone wp-image-7424 size-medium\" src=\"https:\/\/agora.xtec.cat\/escolapacocandel\/wp-content\/uploads\/usu332\/2023\/02\/IMG_20230215_115657-224x300.jpg\" alt=\"\" width=\"224\" height=\"300\" srcset=\"https:\/\/agora.xtec.cat\/escolapacocandel\/wp-content\/uploads\/usu332\/2023\/02\/IMG_20230215_115657-224x300.jpg 224w, https:\/\/agora.xtec.cat\/escolapacocandel\/wp-content\/uploads\/usu332\/2023\/02\/IMG_20230215_115657-766x1024.jpg 766w, https:\/\/agora.xtec.cat\/escolapacocandel\/wp-content\/uploads\/usu332\/2023\/02\/IMG_20230215_115657-768x1026.jpg 768w, https:\/\/agora.xtec.cat\/escolapacocandel\/wp-content\/uploads\/usu332\/2023\/02\/IMG_20230215_115657-1149x1536.jpg 1149w, https:\/\/agora.xtec.cat\/escolapacocandel\/wp-content\/uploads\/usu332\/2023\/02\/IMG_20230215_115657-1532x2048.jpg 1532w, https:\/\/agora.xtec.cat\/escolapacocandel\/wp-content\/uploads\/usu332\/2023\/02\/IMG_20230215_115657-scaled.jpg 1916w\" sizes=\"auto, (max-width: 224px) 100vw, 224px\" \/><\/a> <a href=\"https:\/\/agora.xtec.cat\/escolapacocandel\/wp-content\/uploads\/usu332\/2023\/02\/IMG_20221123_102829OK-scaled.jpg\"><img loading=\"lazy\" decoding=\"async\" class=\"alignnone wp-image-7430 size-medium\" src=\"https:\/\/agora.xtec.cat\/escolapacocandel\/wp-content\/uploads\/usu332\/2023\/02\/IMG_20221123_102829OK-300x224.jpg\" alt=\"\" width=\"300\" height=\"224\" srcset=\"https:\/\/agora.xtec.cat\/escolapacocandel\/wp-content\/uploads\/usu332\/2023\/02\/IMG_20221123_102829OK-300x224.jpg 300w, https:\/\/agora.xtec.cat\/escolapacocandel\/wp-content\/uploads\/usu332\/2023\/02\/IMG_20221123_102829OK-1024x766.jpg 1024w, https:\/\/agora.xtec.cat\/escolapacocandel\/wp-content\/uploads\/usu332\/2023\/02\/IMG_20221123_102829OK-768x575.jpg 768w, https:\/\/agora.xtec.cat\/escolapacocandel\/wp-content\/uploads\/usu332\/2023\/02\/IMG_20221123_102829OK-1536x1149.jpg 1536w, https:\/\/agora.xtec.cat\/escolapacocandel\/wp-content\/uploads\/usu332\/2023\/02\/IMG_20221123_102829OK-2048x1532.jpg 2048w, https:\/\/agora.xtec.cat\/escolapacocandel\/wp-content\/uploads\/usu332\/2023\/02\/IMG_20221123_102829OK-200x150.jpg 200w\" sizes=\"auto, (max-width: 300px) 100vw, 300px\" \/><\/a><\/p>\n","protected":false},"excerpt":{"rendered":"<p>Benvolgudes fam\u00edlies,<br \/>\nCom ja sabeu els nens i nenes de 1r i 2n aprenen angl\u00e8s tamb\u00e9 a trav\u00e9s dels projectes que es van entomant al llarg del curs. D&#8217;aquesta manera, no nom\u00e9s treballem l\u2019aprenentatge de la llengua anglesa, sin\u00f3 que recolzem tamb\u00e9 l\u2019assimilaci\u00f3 dels conceptes espec\u00edfics&hellip;  <a href=\"https:\/\/agora.xtec.cat\/escolapacocandel\/comunitat-de-mitjans\/els-projectes-tambe-en-angles\/\" title=\"Read Els projectes, tamb\u00e9 en angl\u00e8s\">Llegeix m\u00e9s\u00bb<\/a><\/p>\n","protected":false},"author":1,"featured_media":7426,"comment_status":"open","ping_status":"closed","sticky":false,"template":"","format":"standard","meta":{"_bbp_topic_count":0,"_bbp_reply_count":0,"_bbp_total_topic_count":0,"_bbp_total_reply_count":0,"_bbp_voice_count":0,"_bbp_anonymous_reply_count":0,"_bbp_topic_count_hidden":0,"_bbp_reply_count_hidden":0,"_bbp_forum_subforum_count":0,"footnotes":""},"categories":[127,140,137],"tags":[154,99],"class_list":["post-7417","post","type-post","status-publish","format-standard","has-post-thumbnail","hentry","category-comunitat-de-mitjans","category-1r","category-2n","tag-english","tag-projecte"],"post_mailing_queue_ids":[],"_links":{"self":[{"href":"https:\/\/agora.xtec.cat\/escolapacocandel\/wp-json\/wp\/v2\/posts\/7417","targetHints":{"allow":["GET"]}}],"collection":[{"href":"https:\/\/agora.xtec.cat\/escolapacocandel\/wp-json\/wp\/v2\/posts"}],"about":[{"href":"https:\/\/agora.xtec.cat\/escolapacocandel\/wp-json\/wp\/v2\/types\/post"}],"author":[{"embeddable":true,"href":"https:\/\/agora.xtec.cat\/escolapacocandel\/wp-json\/wp\/v2\/users\/1"}],"replies":[{"embeddable":true,"href":"https:\/\/agora.xtec.cat\/escolapacocandel\/wp-json\/wp\/v2\/comments?post=7417"}],"version-history":[{"count":3,"href":"https:\/\/agora.xtec.cat\/escolapacocandel\/wp-json\/wp\/v2\/posts\/7417\/revisions"}],"predecessor-version":[{"id":7431,"href":"https:\/\/agora.xtec.cat\/escolapacocandel\/wp-json\/wp\/v2\/posts\/7417\/revisions\/7431"}],"wp:featuredmedia":[{"embeddable":true,"href":"https:\/\/agora.xtec.cat\/escolapacocandel\/wp-json\/wp\/v2\/media\/7426"}],"wp:attachment":[{"href":"https:\/\/agora.xtec.cat\/escolapacocandel\/wp-json\/wp\/v2\/media?parent=7417"}],"wp:term":[{"taxonomy":"category","embeddable":true,"href":"https:\/\/agora.xtec.cat\/escolapacocandel\/wp-json\/wp\/v2\/categories?post=7417"},{"taxonomy":"post_tag","embeddable":true,"href":"https:\/\/agora.xtec.cat\/escolapacocandel\/wp-json\/wp\/v2\/tags?post=7417"}],"curies":[{"name":"wp","href":"https:\/\/api.w.org\/{rel}","templated":true}]}}