{"id":7413,"date":"2023-03-08T09:45:52","date_gmt":"2023-03-08T08:45:52","guid":{"rendered":"https:\/\/agora.xtec.cat\/escolapacocandel\/?p=7413"},"modified":"2023-03-22T12:19:06","modified_gmt":"2023-03-22T11:19:06","slug":"setmana-dart-pablo-picasso","status":"publish","type":"post","link":"https:\/\/agora.xtec.cat\/escolapacocandel\/portada\/setmana-dart-pablo-picasso\/","title":{"rendered":"Setmana d&#8217;art: Pablo Picasso"},"content":{"rendered":"<p>Com cada any destinem una setmana a l&#8217;art. Aquest curs l&#8217;hem dedicat a <strong>Pablo Picasso<\/strong>.<\/p>\n<p>Pintor i escultor espanyol creador, junt amb l&#8217;autor Georger Braque, del cubisme. \u00c9s considerat com un dels majors pintors que van participar en els diversos moviments art\u00edstics que es van propagar pel m\u00f3n i va exercir una gran influ\u00e8ncia en altres grans artistes del seu temps.<\/p>\n<p>A totes les aules s\u2019introdueix l\u2019autor <a href=\"https:\/\/www.ccma.cat\/tv3\/sx3\/piriscopi-de-picasso\/video\/5947611\/\">amb un v\u00eddeo <\/a>sobre Pablo Picasso.<\/p>\n<p><strong>COMUNITAT DE PETITS I PETITES<\/strong><\/p>\n<p>Els petits i petites de l&#8217;escola han pogut triar realitzar tres tallers:<\/p>\n<p style=\"text-align: justify;\"><strong>Autoretrat:<\/strong>\u00a0Representa la fase de transici\u00f3 on es treballen els trets facials com el nas, la boca, els ulls&#8230; \u00e9s a partir d&#8217;aqu\u00ed on Picasso va reflectir els diferents autoretrats, des de la seva inf\u00e0ncia fins abans de morir.<br \/>\nEls infants d&#8217;infantil s&#8217;han pogut veure reflectits en el seu propi autoretrat, decorar-se, recon\u00e8ixer-se tal com s\u00f3n ara mateix&#8230; Veure els petits detalls i observar-se ha generat curiositat entre ells i elles. <em>&#8220;Cuando se es joven, se es joven para toda la vida.&#8221;<\/em> Pablo Picasso<\/p>\n<p style=\"text-align: justify;\"><strong>Arbre geneal\u00f2gic: <\/strong><em>\u201cLa imatge harmoniosa d\u2019una fam\u00edlia reconstitu\u00efda\u201d<\/em>, arbre geneal\u00f2gic picassi\u00e0. Els infants han plasmat al paper als integrants de la seva fam\u00edlia que\u00a0viuen a casa seva.<\/p>\n<p style=\"text-align: justify;\"><strong>Collage:<\/strong> La producci\u00f3 art\u00edstica de Picasso sobre el collage destaca per fer \u00fas de paper de diari, parts de partitures i deferents tipus de paper. Encara que el seu recorregut com artista no es destaca per fer \u00fas d&#8217;aquesta t\u00e8cnica, les obres de Picasso van deixar un legat art\u00edstic amb el collage. Durant aquesta setmana, l&#8217;alumnat de la Comunitat de petits i petites ha pogut gaudir en el taller de &#8220;Collage estil Picasso&#8221; sent artistes i creant la seva pr\u00f2pia obra d&#8217;art fent \u00fas d&#8217;aquesta t\u00e8cnica. Retallar papers, esquin\u00e7ar-los, fer composicions amb diferents papers, enganxar-los, dibuixar sobre diferents textures, tot tenint d&#8217;inspiraci\u00f3 les obres de Picasso.\u00a0<em>&#8220;Siempre estoy haciendo lo que no puedo hacer, para poder aprender a hacerlo.&#8221;\u00a0<\/em>Pablo Picasso<\/p>\n<p style=\"text-align: justify;\"><strong>Color i emoci\u00f3:<\/strong> Els infants observen cadascuna de les obres i conversen sobre les emocions que podia sentir Picasso en pintar aquestes obres: tristor, por, felicitat&#8230; Tamb\u00e9 sobre qu\u00e8 genera en ells aquestes mateixes emocions. Els tons blaus i els colors foscos que usava Picasso durant la seva \u00e8poca blava reflectien el seu sentiment de\u00a0 malestar i tristor lligat a un fet tr\u00e0gic de la seva vida.\u00a0Al taller, els infants han fet les seves pr\u00f2pies produccions utilitzant diferents tons blaus, una gama de roses i el blanc, negre i gris.<\/p>\n<p style=\"text-align: justify;\"><strong>M\u00e0scares africanes:<\/strong> A partir de la visita a un museu de Par\u00eds, on va estar exposat l\u2019art tribal afric\u00e0, Pablo Picasso va poder tenir el seu primer contacte amb aquest estil art\u00edstic. Aquest apropament va ser una font d\u2019inspiraci\u00f3 per Picasso, i aix\u00f2 es va veure reflectit tamb\u00e9 en el per\u00edode del cubisme. El taller que hem pogut dur a terme ha estat crear la nostra pr\u00f2pia m\u00e0scara africana, la qual posa l\u2019enfocament en les figures i formes que representa una persona o objecte. En aquest cas, les formes geom\u00e8triques de la cara en s\u00ed o de les parts que la componen.<\/p>\n<p style=\"text-align: justify;\"><strong>Pintura sobre transpar\u00e8ncia: <\/strong>En aquest taller els infants han pogut experimentar amb la pintura sobre traspar\u00e8ncies &#8220;Els infants s\u00f3n artistes. El problema \u00e9s mantindre&#8217;ls aix\u00ed fins a qu\u00e8 creixin.&#8221; Pablo Picasso.<\/p>\n<p><img loading=\"lazy\" decoding=\"async\" class=\"alignnone wp-image-7446\" src=\"https:\/\/agora.xtec.cat\/escolapacocandel\/wp-content\/uploads\/usu332\/2023\/03\/autoretrat.png\" alt=\"\" width=\"195\" height=\"252\" srcset=\"https:\/\/agora.xtec.cat\/escolapacocandel\/wp-content\/uploads\/usu332\/2023\/03\/autoretrat.png 382w, https:\/\/agora.xtec.cat\/escolapacocandel\/wp-content\/uploads\/usu332\/2023\/03\/autoretrat-232x300.png 232w\" sizes=\"auto, (max-width: 195px) 100vw, 195px\" \/> <img loading=\"lazy\" decoding=\"async\" class=\"alignnone wp-image-7458\" src=\"https:\/\/agora.xtec.cat\/escolapacocandel\/wp-content\/uploads\/usu332\/2023\/03\/1677872204715-1024x626.jpg\" alt=\"\" width=\"412\" height=\"252\" srcset=\"https:\/\/agora.xtec.cat\/escolapacocandel\/wp-content\/uploads\/usu332\/2023\/03\/1677872204715-1024x626.jpg 1024w, https:\/\/agora.xtec.cat\/escolapacocandel\/wp-content\/uploads\/usu332\/2023\/03\/1677872204715-300x183.jpg 300w, https:\/\/agora.xtec.cat\/escolapacocandel\/wp-content\/uploads\/usu332\/2023\/03\/1677872204715-768x469.jpg 768w, https:\/\/agora.xtec.cat\/escolapacocandel\/wp-content\/uploads\/usu332\/2023\/03\/1677872204715-1536x939.jpg 1536w, https:\/\/agora.xtec.cat\/escolapacocandel\/wp-content\/uploads\/usu332\/2023\/03\/1677872204715-2048x1252.jpg 2048w\" sizes=\"auto, (max-width: 412px) 100vw, 412px\" \/> <img loading=\"lazy\" decoding=\"async\" class=\"alignnone wp-image-7460\" src=\"https:\/\/agora.xtec.cat\/escolapacocandel\/wp-content\/uploads\/usu332\/2023\/03\/20230228_113925-1024x768.jpg\" alt=\"\" width=\"312\" height=\"234\" srcset=\"https:\/\/agora.xtec.cat\/escolapacocandel\/wp-content\/uploads\/usu332\/2023\/03\/20230228_113925-1024x768.jpg 1024w, https:\/\/agora.xtec.cat\/escolapacocandel\/wp-content\/uploads\/usu332\/2023\/03\/20230228_113925-300x225.jpg 300w, https:\/\/agora.xtec.cat\/escolapacocandel\/wp-content\/uploads\/usu332\/2023\/03\/20230228_113925-768x576.jpg 768w, https:\/\/agora.xtec.cat\/escolapacocandel\/wp-content\/uploads\/usu332\/2023\/03\/20230228_113925-1536x1152.jpg 1536w, https:\/\/agora.xtec.cat\/escolapacocandel\/wp-content\/uploads\/usu332\/2023\/03\/20230228_113925-2048x1536.jpg 2048w, https:\/\/agora.xtec.cat\/escolapacocandel\/wp-content\/uploads\/usu332\/2023\/03\/20230228_113925-200x150.jpg 200w\" sizes=\"auto, (max-width: 312px) 100vw, 312px\" \/> <img loading=\"lazy\" decoding=\"async\" class=\"alignnone wp-image-7461\" src=\"https:\/\/agora.xtec.cat\/escolapacocandel\/wp-content\/uploads\/usu332\/2023\/03\/IMG-20230306-WA0007.jpg\" alt=\"\" width=\"255\" height=\"234\" srcset=\"https:\/\/agora.xtec.cat\/escolapacocandel\/wp-content\/uploads\/usu332\/2023\/03\/IMG-20230306-WA0007.jpg 1024w, https:\/\/agora.xtec.cat\/escolapacocandel\/wp-content\/uploads\/usu332\/2023\/03\/IMG-20230306-WA0007-300x275.jpg 300w, https:\/\/agora.xtec.cat\/escolapacocandel\/wp-content\/uploads\/usu332\/2023\/03\/IMG-20230306-WA0007-768x705.jpg 768w\" sizes=\"auto, (max-width: 255px) 100vw, 255px\" \/> <img loading=\"lazy\" decoding=\"async\" class=\"alignnone wp-image-7466\" src=\"https:\/\/agora.xtec.cat\/escolapacocandel\/wp-content\/uploads\/usu332\/2023\/03\/IMG-20230306-WA0007-2-1024x768.jpg\" alt=\"\" width=\"297\" height=\"223\" srcset=\"https:\/\/agora.xtec.cat\/escolapacocandel\/wp-content\/uploads\/usu332\/2023\/03\/IMG-20230306-WA0007-2-1024x768.jpg 1024w, https:\/\/agora.xtec.cat\/escolapacocandel\/wp-content\/uploads\/usu332\/2023\/03\/IMG-20230306-WA0007-2-300x225.jpg 300w, https:\/\/agora.xtec.cat\/escolapacocandel\/wp-content\/uploads\/usu332\/2023\/03\/IMG-20230306-WA0007-2-768x576.jpg 768w, https:\/\/agora.xtec.cat\/escolapacocandel\/wp-content\/uploads\/usu332\/2023\/03\/IMG-20230306-WA0007-2-1536x1152.jpg 1536w, https:\/\/agora.xtec.cat\/escolapacocandel\/wp-content\/uploads\/usu332\/2023\/03\/IMG-20230306-WA0007-2-200x150.jpg 200w, https:\/\/agora.xtec.cat\/escolapacocandel\/wp-content\/uploads\/usu332\/2023\/03\/IMG-20230306-WA0007-2.jpg 2048w\" sizes=\"auto, (max-width: 297px) 100vw, 297px\" \/> <img loading=\"lazy\" decoding=\"async\" class=\"alignnone wp-image-7467\" src=\"https:\/\/agora.xtec.cat\/escolapacocandel\/wp-content\/uploads\/usu332\/2023\/03\/IMG-20230306-WA0006-1-e1678097818136-1015x1024.jpg\" alt=\"\" width=\"220\" height=\"222\" srcset=\"https:\/\/agora.xtec.cat\/escolapacocandel\/wp-content\/uploads\/usu332\/2023\/03\/IMG-20230306-WA0006-1-e1678097818136-1015x1024.jpg 1015w, https:\/\/agora.xtec.cat\/escolapacocandel\/wp-content\/uploads\/usu332\/2023\/03\/IMG-20230306-WA0006-1-e1678097818136-297x300.jpg 297w, https:\/\/agora.xtec.cat\/escolapacocandel\/wp-content\/uploads\/usu332\/2023\/03\/IMG-20230306-WA0006-1-e1678097818136-150x150.jpg 150w, https:\/\/agora.xtec.cat\/escolapacocandel\/wp-content\/uploads\/usu332\/2023\/03\/IMG-20230306-WA0006-1-e1678097818136-768x775.jpg 768w, https:\/\/agora.xtec.cat\/escolapacocandel\/wp-content\/uploads\/usu332\/2023\/03\/IMG-20230306-WA0006-1-e1678097818136.jpg 1125w\" sizes=\"auto, (max-width: 220px) 100vw, 220px\" \/> <img loading=\"lazy\" decoding=\"async\" class=\"alignnone wp-image-7469\" src=\"https:\/\/agora.xtec.cat\/escolapacocandel\/wp-content\/uploads\/usu332\/2023\/03\/IMG-20230306-WA0010-1024x577.jpg\" alt=\"\" width=\"352\" height=\"198\" srcset=\"https:\/\/agora.xtec.cat\/escolapacocandel\/wp-content\/uploads\/usu332\/2023\/03\/IMG-20230306-WA0010-1024x577.jpg 1024w, https:\/\/agora.xtec.cat\/escolapacocandel\/wp-content\/uploads\/usu332\/2023\/03\/IMG-20230306-WA0010-300x169.jpg 300w, https:\/\/agora.xtec.cat\/escolapacocandel\/wp-content\/uploads\/usu332\/2023\/03\/IMG-20230306-WA0010-768x432.jpg 768w, https:\/\/agora.xtec.cat\/escolapacocandel\/wp-content\/uploads\/usu332\/2023\/03\/IMG-20230306-WA0010-1536x865.jpg 1536w, https:\/\/agora.xtec.cat\/escolapacocandel\/wp-content\/uploads\/usu332\/2023\/03\/IMG-20230306-WA0010.jpg 2000w\" sizes=\"auto, (max-width: 352px) 100vw, 352px\" \/><\/p>\n<p><strong>COMUNITAT DE MITJANS I MITJANES<\/strong><\/p>\n<p style=\"text-align: justify;\">Els infants es troben a l\u2019aula papers amb formes, colors, elements de la cara i se\u2019ls hi proposa fer un retrat. Despr\u00e9s d\u2019exposar-los i parlar-ne, comparem els retrats amb els de Picasso i parlem de l\u2019artista.<\/p>\n<p style=\"text-align: justify;\">A partir del quadre de Picasso anomenat \u201c<a href=\"http:\/\/www.bcn.cat\/museupicasso\/ca\/educacio\/recursos-educatius-en-linea\/la-finestra.pdf\">Finestra amb cortina des de l\u2019interior<\/a>\u201d, imaginar qu\u00e8 es veu a la finestra de cada infant. La finestra, una obertura a l\u2019exterior, ens dona un m\u00f3n infinit de possibilitats i una gran font d\u2019inspiraci\u00f3. L\u2019activitat l\u2019han fet individualment o en petit grup, cadasc\u00fa com s\u2019ha sentit m\u00e9s c\u00f2mode.<\/p>\n<p style=\"text-align: justify;\">Es proposen quatre tallers relacionats amb les t\u00e8cniques i etapes de Picasso i l\u2019alumnat pot escollir quin taller vol fer:<\/p>\n<p style=\"text-align: justify;\"><strong>Quadre Cubista:<\/strong>\u00a0Pablo Picasso, en la seva etapa art\u00edstica va passar per l\u2019\u00e8poca cubista, li agradava fer retrats combinant colors i formes diferents i innovadores. Hem volgut transmetre i con\u00e8ixer com va ser aquella \u00e8poca, posant-nos en la seva pell i fer un retrat utilitzant la t\u00e8cnica de pintura, que ha sigut una nova descoberta pels infants.<\/p>\n<p style=\"text-align: justify;\"><strong>\u00c8poca blava i rosa:<\/strong>\u00a0A l&#8217;\u00e8poca blava (1901-1904) Picasso pintava quadres amb figures primes i estirades, que semblaven estar tristes i solit\u00e0ries i vivien en un m\u00f3n blau. El per\u00edode rosa (1904- 1907) es caracteritza per una paleta de colors suaus, pastissos. A m\u00e9s dels colors, Picasso canvia els personatges marginals del seu per\u00edode blau per artistes del circ que es mostren pensatius, melanc\u00f2lics i somiadors. Els infants han pogut imitar l&#8217;artista fent la seva pr\u00f2pia producci\u00f3.<\/p>\n<p style=\"text-align: justify;\"><strong>Collage:<\/strong>\u00a0Es considera Pablo Picasso el creador de la t\u00e8cnica del collage des de l\u2019any 1899. L\u2019artista experimentava i creava a partir de diaris, retalls, teles\u2026 Els infants hem descobert obres de collage d\u2019aquest artista i a trav\u00e9s de diferents materials ens hem endinsat nosaltres en aquesta t\u00e8cnica: imaginar, dibuixar, retallar, enganxar, superposar\u2026 en definitiva crear! En un clima molt tranquil i agradable els infants hem compartit aquesta experi\u00e8ncia on cadasc\u00fa ha tingut l\u2019oportunitat de produir el seu collage.<\/p>\n<p style=\"text-align: justify;\"><strong style=\"font-family: inherit; font-size: 1em;\">Volum:<\/strong><span style=\"font-family: inherit; font-size: 1em;\">\u00a0Picasso no realitzava nom\u00e9s pintures, hem vist que la seva\u00a0 producci\u00f3 va ser incansable. Hem donat pas a l\u2019escultura: recordem que \u201cel truc\u201d del cubisme recau en la geometria. Les formes geom\u00e8triques envaeixen les composicions realitzades i dibuixem el nostre retrat des de punts de vista diferents: del davant, del darrere i de perfil. \u00a0A trav\u00e9s de l\u00e0mines de cartr\u00f3 i de rotlles de paper els infants han elaborat el seu propi autoretrat. Han decorat amb diferents materials com ceres, papers, plastilina, fils&#8230; Han gaudit molt del proc\u00e9s i del resultat final.<\/span><\/p>\n<p><img loading=\"lazy\" decoding=\"async\" class=\" wp-image-7432 alignnone\" src=\"https:\/\/agora.xtec.cat\/escolapacocandel\/wp-content\/uploads\/usu332\/2023\/03\/cubista.jpg\" alt=\"\" width=\"190\" height=\"254\" srcset=\"https:\/\/agora.xtec.cat\/escolapacocandel\/wp-content\/uploads\/usu332\/2023\/03\/cubista.jpg 307w, https:\/\/agora.xtec.cat\/escolapacocandel\/wp-content\/uploads\/usu332\/2023\/03\/cubista-225x300.jpg 225w\" sizes=\"auto, (max-width: 190px) 100vw, 190px\" \/> \u00a0<img loading=\"lazy\" decoding=\"async\" class=\" wp-image-7433 alignnone\" src=\"https:\/\/agora.xtec.cat\/escolapacocandel\/wp-content\/uploads\/usu332\/2023\/03\/collage.jpg\" alt=\"\" width=\"171\" height=\"253\" srcset=\"https:\/\/agora.xtec.cat\/escolapacocandel\/wp-content\/uploads\/usu332\/2023\/03\/collage.jpg 458w, https:\/\/agora.xtec.cat\/escolapacocandel\/wp-content\/uploads\/usu332\/2023\/03\/collage-203x300.jpg 203w\" sizes=\"auto, (max-width: 171px) 100vw, 171px\" \/> <img loading=\"lazy\" decoding=\"async\" class=\" wp-image-7434 alignnone\" src=\"https:\/\/agora.xtec.cat\/escolapacocandel\/wp-content\/uploads\/usu332\/2023\/03\/volum-e1677752612652-768x1024.jpg\" alt=\"\" width=\"191\" height=\"255\" srcset=\"https:\/\/agora.xtec.cat\/escolapacocandel\/wp-content\/uploads\/usu332\/2023\/03\/volum-e1677752612652-768x1024.jpg 768w, https:\/\/agora.xtec.cat\/escolapacocandel\/wp-content\/uploads\/usu332\/2023\/03\/volum-e1677752612652-225x300.jpg 225w, https:\/\/agora.xtec.cat\/escolapacocandel\/wp-content\/uploads\/usu332\/2023\/03\/volum-e1677752612652-1152x1536.jpg 1152w, https:\/\/agora.xtec.cat\/escolapacocandel\/wp-content\/uploads\/usu332\/2023\/03\/volum-e1677752612652.jpg 1536w\" sizes=\"auto, (max-width: 191px) 100vw, 191px\" \/> <img loading=\"lazy\" decoding=\"async\" class=\"alignnone wp-image-7436\" src=\"https:\/\/agora.xtec.cat\/escolapacocandel\/wp-content\/uploads\/usu332\/2023\/03\/rosa-e1677752812157-674x1024.jpg\" alt=\"\" width=\"168\" height=\"255\" srcset=\"https:\/\/agora.xtec.cat\/escolapacocandel\/wp-content\/uploads\/usu332\/2023\/03\/rosa-e1677752812157-674x1024.jpg 674w, https:\/\/agora.xtec.cat\/escolapacocandel\/wp-content\/uploads\/usu332\/2023\/03\/rosa-e1677752812157-197x300.jpg 197w, https:\/\/agora.xtec.cat\/escolapacocandel\/wp-content\/uploads\/usu332\/2023\/03\/rosa-e1677752812157-768x1167.jpg 768w, https:\/\/agora.xtec.cat\/escolapacocandel\/wp-content\/uploads\/usu332\/2023\/03\/rosa-e1677752812157-1011x1536.jpg 1011w, https:\/\/agora.xtec.cat\/escolapacocandel\/wp-content\/uploads\/usu332\/2023\/03\/rosa-e1677752812157.jpg 1152w\" sizes=\"auto, (max-width: 168px) 100vw, 168px\" \/><\/p>\n<p style=\"text-align: justify;\">El circ fou una gran passi\u00f3 i font d\u2019inspiraci\u00f3 per Pablo Picasso. Els infants de 1r, 2n, 3r i 4t a <strong>educaci\u00f3 f\u00edsica<\/strong> han experimentat i jugat amb diferents materials circenses (carioques, pilotes i mocadors malabars, masses, plats xinesos, fit-balls i balancins d\u2019equilibris, xanques, di\u00e0bolos\u2026). Han gaudit dels reptes proposats i han pogut ser els i les protagonistes del seu propi circ.<\/p>\n<p><img loading=\"lazy\" decoding=\"async\" class=\"alignnone wp-image-7443\" src=\"https:\/\/agora.xtec.cat\/escolapacocandel\/wp-content\/uploads\/usu332\/2023\/03\/IMG-20230302-WA0006-1024x768.jpg\" alt=\"\" width=\"259\" height=\"194\" srcset=\"https:\/\/agora.xtec.cat\/escolapacocandel\/wp-content\/uploads\/usu332\/2023\/03\/IMG-20230302-WA0006-1024x768.jpg 1024w, https:\/\/agora.xtec.cat\/escolapacocandel\/wp-content\/uploads\/usu332\/2023\/03\/IMG-20230302-WA0006-300x225.jpg 300w, https:\/\/agora.xtec.cat\/escolapacocandel\/wp-content\/uploads\/usu332\/2023\/03\/IMG-20230302-WA0006-768x576.jpg 768w, https:\/\/agora.xtec.cat\/escolapacocandel\/wp-content\/uploads\/usu332\/2023\/03\/IMG-20230302-WA0006-1536x1152.jpg 1536w, https:\/\/agora.xtec.cat\/escolapacocandel\/wp-content\/uploads\/usu332\/2023\/03\/IMG-20230302-WA0006-200x150.jpg 200w, https:\/\/agora.xtec.cat\/escolapacocandel\/wp-content\/uploads\/usu332\/2023\/03\/IMG-20230302-WA0006.jpg 1600w\" sizes=\"auto, (max-width: 259px) 100vw, 259px\" \/> <img loading=\"lazy\" decoding=\"async\" class=\"alignnone wp-image-7444\" src=\"https:\/\/agora.xtec.cat\/escolapacocandel\/wp-content\/uploads\/usu332\/2023\/03\/IMG-20230302-WA0004-1024x768.jpg\" alt=\"\" width=\"258\" height=\"194\" srcset=\"https:\/\/agora.xtec.cat\/escolapacocandel\/wp-content\/uploads\/usu332\/2023\/03\/IMG-20230302-WA0004-1024x768.jpg 1024w, https:\/\/agora.xtec.cat\/escolapacocandel\/wp-content\/uploads\/usu332\/2023\/03\/IMG-20230302-WA0004-300x225.jpg 300w, https:\/\/agora.xtec.cat\/escolapacocandel\/wp-content\/uploads\/usu332\/2023\/03\/IMG-20230302-WA0004-768x576.jpg 768w, https:\/\/agora.xtec.cat\/escolapacocandel\/wp-content\/uploads\/usu332\/2023\/03\/IMG-20230302-WA0004-1536x1152.jpg 1536w, https:\/\/agora.xtec.cat\/escolapacocandel\/wp-content\/uploads\/usu332\/2023\/03\/IMG-20230302-WA0004-200x150.jpg 200w, https:\/\/agora.xtec.cat\/escolapacocandel\/wp-content\/uploads\/usu332\/2023\/03\/IMG-20230302-WA0004.jpg 1600w\" sizes=\"auto, (max-width: 258px) 100vw, 258px\" \/><\/p>\n<p><strong>COMUNITAT DE GRANS<\/strong><\/p>\n<p>Els grans han pogut escollir entre els diferents tallers de lliure circulaci\u00f3.<\/p>\n<p style=\"text-align: justify;\"><strong>Roll Cubista a Picasso:<\/strong>\u00a0Pablo Picasso se&#8217;l considera el creador del cubisme i un dels pintors m\u00e9s representatius del segle XX. A m\u00e9s, Picasso ja creava des de molt jove, caricatures en clau d&#8217;humor, algunes dedicades a les persones que coneixia al seu voltant o tamb\u00e9, autoretrat seu.<br \/>\nPer aix\u00f2, va incorporar la caricatura a molts dels seus quadres (de retrat o de paisatges). Aquest taller s&#8217;ha realitzat triant la t\u00e8cnica lliure utilitzant des del llapis, les ceres, amb materials reciclats o diferents papers i colors. Tamb\u00e9 fem servir l&#8217;atzar per a triar les diferents parts de la caricatura i disposem d&#8217;exemples per a agafar idees. Finalitzem amb dos jocs interactius.<\/p>\n<p style=\"text-align: justify;\"><span style=\"font-weight: 400;\"><strong>Et miro, em veus:<\/strong><\/span><span style=\"font-weight: 400;\">\u00a0Es basa en la creaci\u00f3 d\u2019una l\u00e0mina art\u00edstica on apareguin els elements d\u2019una cara (ulls, boca, nas, orelles\u2026) deixant volar la imaginaci\u00f3.\u00a0<\/span><span style=\"font-weight: 400;\">Els infants hauran de tra\u00e7ar l\u00ednies corbes en una l\u00e0mina en blanc. Una vegada tinguin les l\u00ednies hauran de posar-se les ulleres de Picasso per tal de descobrir entre aquestes l\u00ednies corbes els elements d\u2019una cara i aix\u00ed poder treballar la caricatura, el retrat i l&#8217;autoretrat. Podr\u00e1n complementar l\u2019activitat pintant amb diferents materials.<\/span><\/p>\n<p style=\"text-align: justify;\"><strong>Descobreix, juga i fes el teu Guernica:\u00a0<\/strong>En aquest taller se&#8217;ls hi proposa investigar una mica entorn un dels quadres m\u00e9s famosos de Picasso, el Guernica. Se&#8217;ls hi proposen uns jocs interactius i se&#8217;ls hi proposa crear el seu propi Guernica.<\/p>\n<p><img loading=\"lazy\" decoding=\"async\" class=\"alignnone wp-image-7489\" src=\"https:\/\/agora.xtec.cat\/escolapacocandel\/wp-content\/uploads\/usu332\/2023\/03\/IMG-20230308-WA0002-1-1024x768.jpg\" alt=\"\" width=\"258\" height=\"194\" srcset=\"https:\/\/agora.xtec.cat\/escolapacocandel\/wp-content\/uploads\/usu332\/2023\/03\/IMG-20230308-WA0002-1-1024x768.jpg 1024w, https:\/\/agora.xtec.cat\/escolapacocandel\/wp-content\/uploads\/usu332\/2023\/03\/IMG-20230308-WA0002-1-300x225.jpg 300w, https:\/\/agora.xtec.cat\/escolapacocandel\/wp-content\/uploads\/usu332\/2023\/03\/IMG-20230308-WA0002-1-768x576.jpg 768w, https:\/\/agora.xtec.cat\/escolapacocandel\/wp-content\/uploads\/usu332\/2023\/03\/IMG-20230308-WA0002-1-1536x1152.jpg 1536w, https:\/\/agora.xtec.cat\/escolapacocandel\/wp-content\/uploads\/usu332\/2023\/03\/IMG-20230308-WA0002-1-200x150.jpg 200w, https:\/\/agora.xtec.cat\/escolapacocandel\/wp-content\/uploads\/usu332\/2023\/03\/IMG-20230308-WA0002-1.jpg 2048w\" sizes=\"auto, (max-width: 258px) 100vw, 258px\" \/> \u00a0<img loading=\"lazy\" decoding=\"async\" class=\"alignnone wp-image-7490\" src=\"https:\/\/agora.xtec.cat\/escolapacocandel\/wp-content\/uploads\/usu332\/2023\/03\/IMG-20230308-WA0003-1024x768.jpg\" alt=\"\" width=\"258\" height=\"194\" srcset=\"https:\/\/agora.xtec.cat\/escolapacocandel\/wp-content\/uploads\/usu332\/2023\/03\/IMG-20230308-WA0003-1024x768.jpg 1024w, https:\/\/agora.xtec.cat\/escolapacocandel\/wp-content\/uploads\/usu332\/2023\/03\/IMG-20230308-WA0003-300x225.jpg 300w, https:\/\/agora.xtec.cat\/escolapacocandel\/wp-content\/uploads\/usu332\/2023\/03\/IMG-20230308-WA0003-768x576.jpg 768w, https:\/\/agora.xtec.cat\/escolapacocandel\/wp-content\/uploads\/usu332\/2023\/03\/IMG-20230308-WA0003-1536x1152.jpg 1536w, https:\/\/agora.xtec.cat\/escolapacocandel\/wp-content\/uploads\/usu332\/2023\/03\/IMG-20230308-WA0003-200x150.jpg 200w, https:\/\/agora.xtec.cat\/escolapacocandel\/wp-content\/uploads\/usu332\/2023\/03\/IMG-20230308-WA0003.jpg 2048w\" sizes=\"auto, (max-width: 258px) 100vw, 258px\" \/> \u00a0 <img loading=\"lazy\" decoding=\"async\" class=\"alignnone wp-image-7491\" src=\"https:\/\/agora.xtec.cat\/escolapacocandel\/wp-content\/uploads\/usu332\/2023\/03\/IMG-20230308-WA0004-1024x768.jpg\" alt=\"\" width=\"257\" height=\"193\" srcset=\"https:\/\/agora.xtec.cat\/escolapacocandel\/wp-content\/uploads\/usu332\/2023\/03\/IMG-20230308-WA0004-1024x768.jpg 1024w, https:\/\/agora.xtec.cat\/escolapacocandel\/wp-content\/uploads\/usu332\/2023\/03\/IMG-20230308-WA0004-300x225.jpg 300w, https:\/\/agora.xtec.cat\/escolapacocandel\/wp-content\/uploads\/usu332\/2023\/03\/IMG-20230308-WA0004-768x576.jpg 768w, https:\/\/agora.xtec.cat\/escolapacocandel\/wp-content\/uploads\/usu332\/2023\/03\/IMG-20230308-WA0004-1536x1152.jpg 1536w, https:\/\/agora.xtec.cat\/escolapacocandel\/wp-content\/uploads\/usu332\/2023\/03\/IMG-20230308-WA0004-200x150.jpg 200w, https:\/\/agora.xtec.cat\/escolapacocandel\/wp-content\/uploads\/usu332\/2023\/03\/IMG-20230308-WA0004.jpg 2048w\" sizes=\"auto, (max-width: 257px) 100vw, 257px\" \/><\/p>\n<p>Un cop fets els tallers els docents hem preparat l&#8217;exposici\u00f3 al passad\u00eds. Els infants de grans han sigut els encarregats de visitar l&#8217;exposici\u00f3 i preparar-se una explicaci\u00f3 per poder acompanyar a la resta de nens i nenes de l&#8217;escola, en petits grups, fent un tour per veure i con\u00e8ixer les creacions que han realitzat els companys i companyes.<\/p>\n<blockquote class=\"wp-embedded-content\" data-secret=\"SaBUeEkJpf\"><p><a href=\"https:\/\/agora.xtec.cat\/escolapacocandel\/fotos-privat\/fotos-petits-setmana-dart-22-23\/\">Protegit: Fotos petits\/es setmana d&#8217;art 22-23<\/a><\/p><\/blockquote>\n<p><iframe loading=\"lazy\" class=\"wp-embedded-content\" sandbox=\"allow-scripts\" security=\"restricted\" style=\"position: absolute; clip: rect(1px, 1px, 1px, 1px);\" title=\"&#8220;Protegit: Fotos petits\/es setmana d&#8217;art 22-23&#8221; &#8212; Escola Paco Candel\" src=\"https:\/\/agora.xtec.cat\/escolapacocandel\/fotos-privat\/fotos-petits-setmana-dart-22-23\/embed\/#?secret=dEdSA390Zs#?secret=SaBUeEkJpf\" data-secret=\"SaBUeEkJpf\" width=\"500\" height=\"282\" frameborder=\"0\" marginwidth=\"0\" marginheight=\"0\" scrolling=\"no\"><\/iframe><\/p>\n<blockquote class=\"wp-embedded-content\" data-secret=\"oDZj7psbMF\"><p><a href=\"https:\/\/agora.xtec.cat\/escolapacocandel\/fotos-privat\/fotos-mitjans-setmana-dart-22-23\/\">Protegit: Fotos mitjans\/es setmana d&#8217;art 22-23<\/a><\/p><\/blockquote>\n<p><iframe loading=\"lazy\" class=\"wp-embedded-content\" sandbox=\"allow-scripts\" security=\"restricted\" style=\"position: absolute; clip: rect(1px, 1px, 1px, 1px);\" title=\"&#8220;Protegit: Fotos mitjans\/es setmana d&#8217;art 22-23&#8221; &#8212; Escola Paco Candel\" src=\"https:\/\/agora.xtec.cat\/escolapacocandel\/fotos-privat\/fotos-mitjans-setmana-dart-22-23\/embed\/#?secret=Rl35GorHuD#?secret=oDZj7psbMF\" data-secret=\"oDZj7psbMF\" width=\"500\" height=\"282\" frameborder=\"0\" marginwidth=\"0\" marginheight=\"0\" scrolling=\"no\"><\/iframe><\/p>\n<blockquote class=\"wp-embedded-content\" data-secret=\"cTYNJkmwn5\"><p><a href=\"https:\/\/agora.xtec.cat\/escolapacocandel\/fotos-privat\/fotos-grans-setmana-dart-22-23\/\">Protegit: Fotos grans setmana d&#8217;art 22-23<\/a><\/p><\/blockquote>\n<p><iframe loading=\"lazy\" class=\"wp-embedded-content\" sandbox=\"allow-scripts\" security=\"restricted\" style=\"position: absolute; clip: rect(1px, 1px, 1px, 1px);\" title=\"&#8220;Protegit: Fotos grans setmana d&#8217;art 22-23&#8221; &#8212; Escola Paco Candel\" src=\"https:\/\/agora.xtec.cat\/escolapacocandel\/fotos-privat\/fotos-grans-setmana-dart-22-23\/embed\/#?secret=cIOtij0HsQ#?secret=cTYNJkmwn5\" data-secret=\"cTYNJkmwn5\" width=\"500\" height=\"282\" frameborder=\"0\" marginwidth=\"0\" marginheight=\"0\" scrolling=\"no\"><\/iframe><\/p>\n","protected":false},"excerpt":{"rendered":"<p>Com cada any destinem una setmana a l&#8217;art. Aquest curs l&#8217;hem dedicat a Pablo Picasso.<br \/>\nPintor i escultor espanyol creador, junt amb l&#8217;autor Georger Braque, del cubisme. \u00c9s considerat com un dels majors pintors que van participar en els diversos moviments art\u00edstics que es van propagar&hellip;  <a href=\"https:\/\/agora.xtec.cat\/escolapacocandel\/portada\/setmana-dart-pablo-picasso\/\" title=\"Read Setmana d&#8217;art: Pablo Picasso\">Llegeix m\u00e9s\u00bb<\/a><\/p>\n","protected":false},"author":1,"featured_media":7466,"comment_status":"open","ping_status":"closed","sticky":false,"template":"","format":"standard","meta":{"_bbp_topic_count":0,"_bbp_reply_count":0,"_bbp_total_topic_count":0,"_bbp_total_reply_count":0,"_bbp_voice_count":0,"_bbp_anonymous_reply_count":0,"_bbp_topic_count_hidden":0,"_bbp_reply_count_hidden":0,"_bbp_forum_subforum_count":0,"footnotes":""},"categories":[129,127,128,4],"tags":[119],"class_list":["post-7413","post","type-post","status-publish","format-standard","has-post-thumbnail","hentry","category-comunitat-de-grans","category-comunitat-de-mitjans","category-comunitat-de-petits","category-portada","tag-art"],"post_mailing_queue_ids":[],"_links":{"self":[{"href":"https:\/\/agora.xtec.cat\/escolapacocandel\/wp-json\/wp\/v2\/posts\/7413","targetHints":{"allow":["GET"]}}],"collection":[{"href":"https:\/\/agora.xtec.cat\/escolapacocandel\/wp-json\/wp\/v2\/posts"}],"about":[{"href":"https:\/\/agora.xtec.cat\/escolapacocandel\/wp-json\/wp\/v2\/types\/post"}],"author":[{"embeddable":true,"href":"https:\/\/agora.xtec.cat\/escolapacocandel\/wp-json\/wp\/v2\/users\/1"}],"replies":[{"embeddable":true,"href":"https:\/\/agora.xtec.cat\/escolapacocandel\/wp-json\/wp\/v2\/comments?post=7413"}],"version-history":[{"count":4,"href":"https:\/\/agora.xtec.cat\/escolapacocandel\/wp-json\/wp\/v2\/posts\/7413\/revisions"}],"predecessor-version":[{"id":7503,"href":"https:\/\/agora.xtec.cat\/escolapacocandel\/wp-json\/wp\/v2\/posts\/7413\/revisions\/7503"}],"wp:featuredmedia":[{"embeddable":true,"href":"https:\/\/agora.xtec.cat\/escolapacocandel\/wp-json\/wp\/v2\/media\/7466"}],"wp:attachment":[{"href":"https:\/\/agora.xtec.cat\/escolapacocandel\/wp-json\/wp\/v2\/media?parent=7413"}],"wp:term":[{"taxonomy":"category","embeddable":true,"href":"https:\/\/agora.xtec.cat\/escolapacocandel\/wp-json\/wp\/v2\/categories?post=7413"},{"taxonomy":"post_tag","embeddable":true,"href":"https:\/\/agora.xtec.cat\/escolapacocandel\/wp-json\/wp\/v2\/tags?post=7413"}],"curies":[{"name":"wp","href":"https:\/\/api.w.org\/{rel}","templated":true}]}}