{"id":7399,"date":"2023-02-23T19:38:51","date_gmt":"2023-02-23T18:38:51","guid":{"rendered":"https:\/\/agora.xtec.cat\/escolapacocandel\/?p=7399"},"modified":"2023-11-09T13:52:28","modified_gmt":"2023-11-09T12:52:28","slug":"sortida-al-parc-de-les-olors-2","status":"publish","type":"post","link":"https:\/\/agora.xtec.cat\/escolapacocandel\/comunitat-de-mitjans\/sortida-al-parc-de-les-olors-2\/","title":{"rendered":"SORTIDA AL PARC DE LES OLORS!"},"content":{"rendered":"<p>El passat dimecres 22 de febrer les classes de segon vam fer l&#8217;excursi\u00f3 del projecte al Parc de les Olors. Vam gaudir d&#8217;un dia i un entorn magn\u00edfic i vam fer moltes activitats diferents que ens van servir per continuar treballant i aprenent noves coses sobre el m\u00f3n de les plantes, que tan motivats i motivades ens t\u00e9. <img loading=\"lazy\" decoding=\"async\" class=\"alignright\" src=\"https:\/\/lh3.googleusercontent.com\/XQv60cmGkMhm51z4KkyljyOaBaxxUxUgwwDgF8PZ0iYhJnB1QqJre3tkzD7tLoWUQoiGyX0CewW6WP4f5emklNi8DHxVW7ZxaFyPUhLCwyRtW0T6NbwG8F_6p-cAVLzVOEoICHMA_FWo_C7hRrYAlI-xyJSy2VWI_Zon808xIV1mEcrKqmip3WId0d5UHZv_FJWuPJx9YeXyd0qtGlucdHGNC8g61m1sM-eEMplXvqaR25KBRMvMCVeKEbu7iHtVyfoGOelNdJHuNkSLBs2lIIEtByZT6TLq0Q5hOHYtoOwNCe5J3llrlAT1x58QX1jTNcUMJEdAg4-VD62avmDZGp9ZslznPYZO9-Joldryubieit575cFUuAcJoXpUlO1oM2cMGcpI8Oti6x_9ExScUkwc9rbTkWAgxAyDL0bk7pWK0YXaOh30LuVTz7ijnE4yiyshgAnTVNWWlu6rzzZ_QqsQh3UD5PZ_9pS8eMW1Yi7TozZ_nTWLj7eM5LdR7bALwITQ1llhkRfAh5UxMAO5IJfWpBLSIKTACohEjpmpnQL4EXew8Hqw53lD5r9XDw1rwvkdCQF3XRVRI7PT_iNH6jpkQCwhKlxume2zIZ6X-bq5QOGRU0Yez1juWhacH42HsUAsT5YLmYHMPjrUwP8L_o6kuYRWqmLK-04uxzgSmAsJknKVxPBXMvX__S8StzA7oKBFbBLHvegJrNe-laRYuWyE-dfqVxXtfVIUHDNsWi_y4MaL9K_zGqphZhbK7v8oq50KPtRfcJ91kjM9tlDvVOBs5JTuH3OsBijqRK7ZE-F9NAVy5M-C8THNzMWfmw2MuZP9AI6tZai2aYrYHN9syFvBQ8qQtdb2CJk7oSED4viGjJ64ZmcwTalvmSTZ7uQzTqcgsAijOQQUgfPCyeagsEjrHs5flbTvGoUezNpOsnhNyPg5YjSpuH5m5JjBX2lkBJAshX0PjVRrCVBMdWU39w=w686-h914-no?authuser=1\" width=\"190\" height=\"253\" \/><\/p>\n<p>Algunes d&#8217;aquestes activitats van ser:<\/p>\n<ul style=\"list-style-type: circle;\">\n<li>Fer una bosseta arom\u00e0tica amb lavanda per ambientar l&#8217;armari o algun espai.<\/li>\n<li>Con\u00e8ixer la import\u00e0ncia dels animals herb\u00edvors en les plantes i alimentar als animals que viuen al parc de les Olors com les cabretes.<\/li>\n<li>Plantar un esqueix de roman\u00ed que ens vam emportar a casa per cuidar-lo.<\/li>\n<li>Observar i experimentar amb plantes arom\u00e0tiques i medicinals i fins i tot tastar-ne alguna com la cal\u00e8ndula.<\/li>\n<\/ul>\n<p><img loading=\"lazy\" decoding=\"async\" class=\"alignleft\" src=\"https:\/\/lh3.googleusercontent.com\/6mzbp7emmSrXd3bsZ__kR1xhUY34rHFnFO1sknLzjqbIIi7DmyKS8aTD2uu6p2byyaOVMbBMLNCZmFn14N0SpEcns5MOW7Aa06hWaTv8WrCiok24TYLUoOblcxDfo_ncWDiFixfJTafH60fTkaOgvy0fPdtilikB_NmmJd3vHo5CDf2YYSCojc8t9_PU_kzQn5clLKLjsoJuRj7sOvZeUn6v0UZ5cuPNCw52BXmQpYvQGDk9H3iwAGMCv6QOHaR6ym8p0KqMpZPORNast-J0j-b2xJQAdyxIzyvL3fCAixJDNjvQZTYDCcusrD0eqCSoJ9SiCJMfCIzceNsIdzOZeHC4kYjCPPK-uIak8Gbk_L69g64kdXHkZXgsnf5zZuTbQbVQ7QyEdxvoN9x51f-FohT_C23U0anUG_i1nCYaMFOTu_eT8br29Ql3LIZd9KJZRMiLthLyAUmGMiaOYa4TFdLagSbyChEGwZc-whUWxkftFKNRsDtVChKvbJFZB5tv836qFOYibwBy0vfUzm5kpcOFNI0orN6TiqQ0c7RQu9BY0iqIqjCnh5D08xzh5jTVd4JOhFy4xMGlVxOw99G7X6BolXxIlwwf8Ifn-xk78j9lJ6vT8nuvCVeUX86d12Zb6_-pZWfc4FT5XY3ciiDGsVCdP5BjgdSIK5wDy_tuZY7gSX-gox5fa_5YsD5gn1h9HY2sqWWZvkypNCjf4Fq9ZjEQ8wdWUfTvPd0znTHgzoZfv4ZK4EJXQeBM4qCHyFaLyqQPRDFzWlyNFiic5C--aSoW4bdeYjz2809lEEBnlG8HeF81YZnGBr7UV2ZQhxuUk5zr3R7PQ3E0NODXvWBgPu95TB1Ou2LmRECuqIo7hL4X7D-nd9nh19PjZqbamqVx8gvl3-iCaJXgTquJjACXydZLVglJxVXP50RwaNLAdc9lK2OBYTI8vNVZyFjB-YGUhPQSjX8fmGcACz4Dh5gSJw=w623-h828-no?authuser=1\" width=\"163\" height=\"217\" \/>En cada activitat les monitores ens anaven explicant coses d&#8217;all\u00f2 m\u00e9s interessants com que hi ha plantes que ens treuen el mal de panxa, d&#8217;altres ens treuen la set, ens relaxen o ens alteren&#8230;<\/p>\n<p>Despr\u00e9s de tot aix\u00f2 vam tenir una estoneta de temps lliure per jugar i gaudir de la naturalesa, i vam construir les nostres pr\u00f2pies cabanyes.<\/p>\n<p>Ha sigut una sortida\u00a0<span class=\"hiddenGrammarError\">super completa<\/span>! Ens ho vam passar d&#8217;all\u00f2 m\u00e9s b\u00e9!<\/p>\n<p>Aqu\u00ed us deixem el recull de fotos de la jornada<\/p>\n<blockquote class=\"wp-embedded-content\" data-secret=\"FphPUMXuYW\"><p><a href=\"https:\/\/agora.xtec.cat\/escolapacocandel\/fotos-privat\/fotos-parc-de-les-olors-2\/\">Protegit: Fotos parc de les olors<\/a><\/p><\/blockquote>\n<p><iframe loading=\"lazy\" class=\"wp-embedded-content\" sandbox=\"allow-scripts\" security=\"restricted\" style=\"position: absolute; clip: rect(1px, 1px, 1px, 1px);\" title=\"&#8220;Protegit: Fotos parc de les olors&#8221; &#8212; Escola Paco Candel\" src=\"https:\/\/agora.xtec.cat\/escolapacocandel\/fotos-privat\/fotos-parc-de-les-olors-2\/embed\/#?secret=745uGPe35X#?secret=FphPUMXuYW\" data-secret=\"FphPUMXuYW\" width=\"500\" height=\"282\" frameborder=\"0\" marginwidth=\"0\" marginheight=\"0\" scrolling=\"no\"><\/iframe><\/p>\n","protected":false},"excerpt":{"rendered":"<p>El passat dimecres 22 de febrer les classes de segon vam fer l&#8217;excursi\u00f3 del projecte al Parc de les Olors. Vam gaudir d&#8217;un dia i un entorn magn\u00edfic i vam fer moltes activitats diferents que ens van servir per continuar treballant i aprenent noves coses&hellip;  <a href=\"https:\/\/agora.xtec.cat\/escolapacocandel\/comunitat-de-mitjans\/sortida-al-parc-de-les-olors-2\/\" title=\"Read SORTIDA AL PARC DE LES OLORS!\">Llegeix m\u00e9s\u00bb<\/a><\/p>\n","protected":false},"author":1,"featured_media":7401,"comment_status":"open","ping_status":"closed","sticky":false,"template":"","format":"standard","meta":{"_bbp_topic_count":0,"_bbp_reply_count":0,"_bbp_total_topic_count":0,"_bbp_total_reply_count":0,"_bbp_voice_count":0,"_bbp_anonymous_reply_count":0,"_bbp_topic_count_hidden":0,"_bbp_reply_count_hidden":0,"_bbp_forum_subforum_count":0,"footnotes":""},"categories":[127,137],"tags":[99,92],"class_list":["post-7399","post","type-post","status-publish","format-standard","has-post-thumbnail","hentry","category-comunitat-de-mitjans","category-2n","tag-projecte","tag-sortides"],"post_mailing_queue_ids":[],"_links":{"self":[{"href":"https:\/\/agora.xtec.cat\/escolapacocandel\/wp-json\/wp\/v2\/posts\/7399","targetHints":{"allow":["GET"]}}],"collection":[{"href":"https:\/\/agora.xtec.cat\/escolapacocandel\/wp-json\/wp\/v2\/posts"}],"about":[{"href":"https:\/\/agora.xtec.cat\/escolapacocandel\/wp-json\/wp\/v2\/types\/post"}],"author":[{"embeddable":true,"href":"https:\/\/agora.xtec.cat\/escolapacocandel\/wp-json\/wp\/v2\/users\/1"}],"replies":[{"embeddable":true,"href":"https:\/\/agora.xtec.cat\/escolapacocandel\/wp-json\/wp\/v2\/comments?post=7399"}],"version-history":[{"count":3,"href":"https:\/\/agora.xtec.cat\/escolapacocandel\/wp-json\/wp\/v2\/posts\/7399\/revisions"}],"predecessor-version":[{"id":7406,"href":"https:\/\/agora.xtec.cat\/escolapacocandel\/wp-json\/wp\/v2\/posts\/7399\/revisions\/7406"}],"wp:featuredmedia":[{"embeddable":true,"href":"https:\/\/agora.xtec.cat\/escolapacocandel\/wp-json\/wp\/v2\/media\/7401"}],"wp:attachment":[{"href":"https:\/\/agora.xtec.cat\/escolapacocandel\/wp-json\/wp\/v2\/media?parent=7399"}],"wp:term":[{"taxonomy":"category","embeddable":true,"href":"https:\/\/agora.xtec.cat\/escolapacocandel\/wp-json\/wp\/v2\/categories?post=7399"},{"taxonomy":"post_tag","embeddable":true,"href":"https:\/\/agora.xtec.cat\/escolapacocandel\/wp-json\/wp\/v2\/tags?post=7399"}],"curies":[{"name":"wp","href":"https:\/\/api.w.org\/{rel}","templated":true}]}}