{"id":7387,"date":"2023-02-22T16:03:10","date_gmt":"2023-02-22T15:03:10","guid":{"rendered":"https:\/\/agora.xtec.cat\/escolapacocandel\/?p=7387"},"modified":"2023-03-22T12:21:10","modified_gmt":"2023-03-22T11:21:10","slug":"5-al-dia-sortida-projecte","status":"publish","type":"post","link":"https:\/\/agora.xtec.cat\/escolapacocandel\/comunitat-de-grans\/5-al-dia-sortida-projecte\/","title":{"rendered":"&#8220;5 al dia&#8221; &#8211; Sortida projecte!"},"content":{"rendered":"<p>Aquesta setmana els dos grups de 4t de l&#8217;escola han pogut realitzar una sortida molt esperada: la visita a MERCABARNA amb l&#8217;activitat de 5 al dia!<\/p>\n<p>En aquesta sortida hem pogut con\u00e8ixer com \u00e9s l&#8217;espai de Mercabarna (incl\u00f2s\u00a0el mercat de fruites i verdures) i qu\u00e8 hem de tenir en compte per aconseguir que la nostra dieta i h\u00e0bits relacionats amb l&#8217;alimentaci\u00f3 siguin saludables! Hem comen\u00e7at fent una activitat per con\u00e8ixer els tipus d&#8217;aliments i quines difer\u00e8ncies hi havia entre les fruites i les verdures. Despr\u00e9s de resoldre dubtes i compartir els nostres coneixements sobre la nutrici\u00f3 i l&#8217;alimentaci\u00f3 vam poder engegar la visita!<\/p>\n<p>Una visita per con\u00e8ixer en primera persona Mercabarna i poder gaudir d&#8217;un tastet de fruites i verdures, aix\u00ed com con\u00e8ixer altres fruits ex\u00f2tics i els magatzems de patates on fan la seva neteja, classificaci\u00f3 i empaquetat. Per acabar el dia, hem gaudit d&#8217;un \u00e0pat molt saludable\u00a0tastant\u00a0i gaudint d&#8217;una amanida i\u00a0un postre\u00a0molt dol\u00e7!<\/p>\n<p>A continuaci\u00f3\u00a0compartim amb vosaltres\u00a0el recull de fotografies!<\/p>\n<p>&nbsp;<\/p>\n<blockquote class=\"wp-embedded-content\" data-secret=\"E8ZLjfGpCU\"><p><a href=\"https:\/\/agora.xtec.cat\/escolapacocandel\/fotos-privat\/sortida-projecte-mercabarna-4t\/\">Protegit: SORTIDA PROJECTE MERCABARNA 4T<\/a><\/p><\/blockquote>\n<p><iframe loading=\"lazy\" class=\"wp-embedded-content\" sandbox=\"allow-scripts\" security=\"restricted\" style=\"position: absolute; clip: rect(1px, 1px, 1px, 1px);\" title=\"&#8220;Protegit: SORTIDA PROJECTE MERCABARNA 4T&#8221; &#8212; Escola Paco Candel\" src=\"https:\/\/agora.xtec.cat\/escolapacocandel\/fotos-privat\/sortida-projecte-mercabarna-4t\/embed\/#?secret=ImYrJXiIb1#?secret=E8ZLjfGpCU\" data-secret=\"E8ZLjfGpCU\" width=\"500\" height=\"282\" frameborder=\"0\" marginwidth=\"0\" marginheight=\"0\" scrolling=\"no\"><\/iframe><\/p>\n","protected":false},"excerpt":{"rendered":"<p>Aquesta setmana els dos grups de 4t de l&#8217;escola han pogut realitzar una sortida molt esperada: la visita a MERCABARNA amb l&#8217;activitat de 5 al dia!<br \/>\nEn aquesta sortida hem pogut con\u00e8ixer com \u00e9s l&#8217;espai de Mercabarna (incl\u00f2s\u00a0el mercat de fruites i verdures) i qu\u00e8 hem&hellip;  <a href=\"https:\/\/agora.xtec.cat\/escolapacocandel\/comunitat-de-grans\/5-al-dia-sortida-projecte\/\" title=\"Read &#8220;5 al dia&#8221; &#8211; Sortida projecte!\">Llegeix m\u00e9s\u00bb<\/a><\/p>\n","protected":false},"author":18,"featured_media":7388,"comment_status":"open","ping_status":"closed","sticky":false,"template":"","format":"standard","meta":{"_bbp_topic_count":0,"_bbp_reply_count":0,"_bbp_total_topic_count":0,"_bbp_total_reply_count":0,"_bbp_voice_count":0,"_bbp_anonymous_reply_count":0,"_bbp_topic_count_hidden":0,"_bbp_reply_count_hidden":0,"_bbp_forum_subforum_count":0,"footnotes":""},"categories":[129,143],"tags":[99,92],"class_list":["post-7387","post","type-post","status-publish","format-standard","has-post-thumbnail","hentry","category-comunitat-de-grans","category-4t","tag-projecte","tag-sortides"],"post_mailing_queue_ids":[],"_links":{"self":[{"href":"https:\/\/agora.xtec.cat\/escolapacocandel\/wp-json\/wp\/v2\/posts\/7387","targetHints":{"allow":["GET"]}}],"collection":[{"href":"https:\/\/agora.xtec.cat\/escolapacocandel\/wp-json\/wp\/v2\/posts"}],"about":[{"href":"https:\/\/agora.xtec.cat\/escolapacocandel\/wp-json\/wp\/v2\/types\/post"}],"author":[{"embeddable":true,"href":"https:\/\/agora.xtec.cat\/escolapacocandel\/wp-json\/wp\/v2\/users\/18"}],"replies":[{"embeddable":true,"href":"https:\/\/agora.xtec.cat\/escolapacocandel\/wp-json\/wp\/v2\/comments?post=7387"}],"version-history":[{"count":1,"href":"https:\/\/agora.xtec.cat\/escolapacocandel\/wp-json\/wp\/v2\/posts\/7387\/revisions"}],"predecessor-version":[{"id":7390,"href":"https:\/\/agora.xtec.cat\/escolapacocandel\/wp-json\/wp\/v2\/posts\/7387\/revisions\/7390"}],"wp:featuredmedia":[{"embeddable":true,"href":"https:\/\/agora.xtec.cat\/escolapacocandel\/wp-json\/wp\/v2\/media\/7388"}],"wp:attachment":[{"href":"https:\/\/agora.xtec.cat\/escolapacocandel\/wp-json\/wp\/v2\/media?parent=7387"}],"wp:term":[{"taxonomy":"category","embeddable":true,"href":"https:\/\/agora.xtec.cat\/escolapacocandel\/wp-json\/wp\/v2\/categories?post=7387"},{"taxonomy":"post_tag","embeddable":true,"href":"https:\/\/agora.xtec.cat\/escolapacocandel\/wp-json\/wp\/v2\/tags?post=7387"}],"curies":[{"name":"wp","href":"https:\/\/api.w.org\/{rel}","templated":true}]}}