{"id":7366,"date":"2023-02-16T10:32:22","date_gmt":"2023-02-16T09:32:22","guid":{"rendered":"https:\/\/agora.xtec.cat\/escolapacocandel\/?p=7366"},"modified":"2023-03-22T12:25:06","modified_gmt":"2023-03-22T11:25:06","slug":"taller-cetacis-i5-2","status":"publish","type":"post","link":"https:\/\/agora.xtec.cat\/escolapacocandel\/comunitat-de-petits\/taller-cetacis-i5-2\/","title":{"rendered":"Taller cetacis I5"},"content":{"rendered":"<p>La setmana passada un bi\u00f2leg va venir a les aules de 5 anys a fer un taller sobre els cetacis que viuen a les nostres costes del Mar Mediterrani. Els infants van poder observar fotos i v\u00eddeos gravats en les sortides al Mar que fa l&#8217;Associaci\u00f3 Cet\u00e0cea i van estar molt motivats a fer preguntes al respecte, aix\u00ed com per anar comentant les seves experi\u00e8ncies viscudes al voltant d&#8217;aquest tema. Es van emocionar i van quedar meravellats quan van poder tocar l&#8217;esquelet d&#8217;un cap de dof\u00ed i una barba de balena.<\/p>\n<p>Tot un m\u00f3n mar\u00ed, amb activitats de conscienciaci\u00f3 ecol\u00f2gica, que va captivar l&#8217;inter\u00e8s, curiositat i ganes d&#8217;aprendre dels infants dels grups de Dofins i Pirates i amb el qual van activar els valors de respecte pels animals marins i vers el planeta terra en general.<\/p>\n<blockquote class=\"wp-embedded-content\" data-secret=\"FocwJkZKrN\"><p><a href=\"https:\/\/agora.xtec.cat\/escolapacocandel\/fotos-privat\/taller-cetacis-i5\/\">Protegit: Taller cetacis I5<\/a><\/p><\/blockquote>\n<p><iframe loading=\"lazy\" class=\"wp-embedded-content\" sandbox=\"allow-scripts\" security=\"restricted\" style=\"position: absolute; clip: rect(1px, 1px, 1px, 1px);\" title=\"&#8220;Protegit: Taller cetacis I5&#8221; &#8212; Escola Paco Candel\" src=\"https:\/\/agora.xtec.cat\/escolapacocandel\/fotos-privat\/taller-cetacis-i5\/embed\/#?secret=E4uNDliUsc#?secret=FocwJkZKrN\" data-secret=\"FocwJkZKrN\" width=\"500\" height=\"282\" frameborder=\"0\" marginwidth=\"0\" marginheight=\"0\" scrolling=\"no\"><\/iframe><\/p>\n","protected":false},"excerpt":{"rendered":"<p>La setmana passada un bi\u00f2leg va venir a les aules de 5 anys a fer un taller sobre els cetacis que viuen a les nostres costes del Mar Mediterrani. Els infants van poder observar fotos i v\u00eddeos gravats en les sortides al Mar que fa&hellip;  <a href=\"https:\/\/agora.xtec.cat\/escolapacocandel\/comunitat-de-petits\/taller-cetacis-i5-2\/\" title=\"Read Taller cetacis I5\">Llegeix m\u00e9s\u00bb<\/a><\/p>\n","protected":false},"author":1,"featured_media":7368,"comment_status":"open","ping_status":"closed","sticky":false,"template":"","format":"standard","meta":{"_bbp_topic_count":0,"_bbp_reply_count":0,"_bbp_total_topic_count":0,"_bbp_total_reply_count":0,"_bbp_voice_count":0,"_bbp_anonymous_reply_count":0,"_bbp_topic_count_hidden":0,"_bbp_reply_count_hidden":0,"_bbp_forum_subforum_count":0,"footnotes":""},"categories":[128],"tags":[],"class_list":["post-7366","post","type-post","status-publish","format-standard","has-post-thumbnail","hentry","category-comunitat-de-petits"],"post_mailing_queue_ids":[],"_links":{"self":[{"href":"https:\/\/agora.xtec.cat\/escolapacocandel\/wp-json\/wp\/v2\/posts\/7366","targetHints":{"allow":["GET"]}}],"collection":[{"href":"https:\/\/agora.xtec.cat\/escolapacocandel\/wp-json\/wp\/v2\/posts"}],"about":[{"href":"https:\/\/agora.xtec.cat\/escolapacocandel\/wp-json\/wp\/v2\/types\/post"}],"author":[{"embeddable":true,"href":"https:\/\/agora.xtec.cat\/escolapacocandel\/wp-json\/wp\/v2\/users\/1"}],"replies":[{"embeddable":true,"href":"https:\/\/agora.xtec.cat\/escolapacocandel\/wp-json\/wp\/v2\/comments?post=7366"}],"version-history":[{"count":2,"href":"https:\/\/agora.xtec.cat\/escolapacocandel\/wp-json\/wp\/v2\/posts\/7366\/revisions"}],"predecessor-version":[{"id":7369,"href":"https:\/\/agora.xtec.cat\/escolapacocandel\/wp-json\/wp\/v2\/posts\/7366\/revisions\/7369"}],"wp:featuredmedia":[{"embeddable":true,"href":"https:\/\/agora.xtec.cat\/escolapacocandel\/wp-json\/wp\/v2\/media\/7368"}],"wp:attachment":[{"href":"https:\/\/agora.xtec.cat\/escolapacocandel\/wp-json\/wp\/v2\/media?parent=7366"}],"wp:term":[{"taxonomy":"category","embeddable":true,"href":"https:\/\/agora.xtec.cat\/escolapacocandel\/wp-json\/wp\/v2\/categories?post=7366"},{"taxonomy":"post_tag","embeddable":true,"href":"https:\/\/agora.xtec.cat\/escolapacocandel\/wp-json\/wp\/v2\/tags?post=7366"}],"curies":[{"name":"wp","href":"https:\/\/api.w.org\/{rel}","templated":true}]}}