{"id":7353,"date":"2023-02-13T13:51:49","date_gmt":"2023-02-13T12:51:49","guid":{"rendered":"https:\/\/agora.xtec.cat\/escolapacocandel\/?p=7353"},"modified":"2023-03-22T12:25:49","modified_gmt":"2023-03-22T11:25:49","slug":"sortida-al-caixaforum","status":"publish","type":"post","link":"https:\/\/agora.xtec.cat\/escolapacocandel\/comunitat-de-mitjans\/sortida-al-caixaforum\/","title":{"rendered":"Sortida al CaixaForum"},"content":{"rendered":"<p>Hola fam\u00edlies de 1r,<\/p>\n<p>El passat dimecres dia 1 de febrer, la classe de la xocolata i els experiments vam anar de sortida al CaixaForum. Vam fer un taller anomenat Globus 2.0, quan un mateix so explica hist\u00f2ries molt diferents. En aquest taller els infants van jugar amb el so i ho van fer amb un instrument inventat, el Globus 2.0. Tamb\u00e9 vam poder gaudir d&#8217;una estona al parc!<\/p>\n<p>Aqu\u00ed teniu les nostres fotos perqu\u00e8 veieu que b\u00e9 que ens ho vam passar:<\/p>\n<p><a href=\"https:\/\/agora.xtec.cat\/escolapacocandel\/fotos-privat\/fotos-sortida-caixaforum-1r-a\/\">Fotos 1r A &#8211; Xocolata<\/a><\/p>\n<p><a href=\"https:\/\/agora.xtec.cat\/escolapacocandel\/fotos-privat\/fotos-sortida-caixaforum-1r-b\/\">Fotos 1r B &#8211; Experiments<\/a><\/p>\n","protected":false},"excerpt":{"rendered":"<p>Hola fam\u00edlies de 1r,<br \/>\nEl passat dimecres dia 1 de febrer, la classe de la xocolata i els experiments vam anar de sortida al CaixaForum. Vam fer un taller anomenat Globus 2.0, quan un mateix so explica hist\u00f2ries molt diferents. En aquest taller els infants van&hellip;  <a href=\"https:\/\/agora.xtec.cat\/escolapacocandel\/comunitat-de-mitjans\/sortida-al-caixaforum\/\" title=\"Read Sortida al CaixaForum\">Llegeix m\u00e9s\u00bb<\/a><\/p>\n","protected":false},"author":1,"featured_media":0,"comment_status":"open","ping_status":"closed","sticky":false,"template":"","format":"standard","meta":{"_bbp_topic_count":0,"_bbp_reply_count":0,"_bbp_total_topic_count":0,"_bbp_total_reply_count":0,"_bbp_voice_count":0,"_bbp_anonymous_reply_count":0,"_bbp_topic_count_hidden":0,"_bbp_reply_count_hidden":0,"_bbp_forum_subforum_count":0,"footnotes":""},"categories":[127,140],"tags":[92],"class_list":["post-7353","post","type-post","status-publish","format-standard","hentry","category-comunitat-de-mitjans","category-1r","tag-sortides"],"post_mailing_queue_ids":[],"_links":{"self":[{"href":"https:\/\/agora.xtec.cat\/escolapacocandel\/wp-json\/wp\/v2\/posts\/7353","targetHints":{"allow":["GET"]}}],"collection":[{"href":"https:\/\/agora.xtec.cat\/escolapacocandel\/wp-json\/wp\/v2\/posts"}],"about":[{"href":"https:\/\/agora.xtec.cat\/escolapacocandel\/wp-json\/wp\/v2\/types\/post"}],"author":[{"embeddable":true,"href":"https:\/\/agora.xtec.cat\/escolapacocandel\/wp-json\/wp\/v2\/users\/1"}],"replies":[{"embeddable":true,"href":"https:\/\/agora.xtec.cat\/escolapacocandel\/wp-json\/wp\/v2\/comments?post=7353"}],"version-history":[{"count":1,"href":"https:\/\/agora.xtec.cat\/escolapacocandel\/wp-json\/wp\/v2\/posts\/7353\/revisions"}],"predecessor-version":[{"id":7354,"href":"https:\/\/agora.xtec.cat\/escolapacocandel\/wp-json\/wp\/v2\/posts\/7353\/revisions\/7354"}],"wp:attachment":[{"href":"https:\/\/agora.xtec.cat\/escolapacocandel\/wp-json\/wp\/v2\/media?parent=7353"}],"wp:term":[{"taxonomy":"category","embeddable":true,"href":"https:\/\/agora.xtec.cat\/escolapacocandel\/wp-json\/wp\/v2\/categories?post=7353"},{"taxonomy":"post_tag","embeddable":true,"href":"https:\/\/agora.xtec.cat\/escolapacocandel\/wp-json\/wp\/v2\/tags?post=7353"}],"curies":[{"name":"wp","href":"https:\/\/api.w.org\/{rel}","templated":true}]}}