{"id":7336,"date":"2023-02-13T13:15:14","date_gmt":"2023-02-13T12:15:14","guid":{"rendered":"https:\/\/agora.xtec.cat\/escolapacocandel\/?p=7336"},"modified":"2023-03-22T12:25:32","modified_gmt":"2023-03-22T11:25:32","slug":"i5-va-al-teatre-2","status":"publish","type":"post","link":"https:\/\/agora.xtec.cat\/escolapacocandel\/comunitat-de-petits\/i5-va-al-teatre-2\/","title":{"rendered":"I5 va al teatre!"},"content":{"rendered":"<p>Dilluns 30 de gener els infants dels grups de Dofins i Pirates van anar al teatre m\u00e9s petit de Barcelona, La Puntual, a veure l&#8217;espectacle de titelles &#8220;Greta la rateta&#8221;. Va ser emocionant poder viure moments tan bonics i atractius pels sentits, carregats de m\u00e0gia, diversi\u00f3 i rialles, amb els personatges i les hist\u00f2ries all\u00e0 representades.<\/p>\n<blockquote class=\"wp-embedded-content\" data-secret=\"5LnHlXVEv3\"><p><a href=\"https:\/\/agora.xtec.cat\/escolapacocandel\/comunitat-de-petits\/i5-va-al-teatre\/\">Protegit: I5 VA AL TEATRE<\/a><\/p><\/blockquote>\n<p><iframe loading=\"lazy\" class=\"wp-embedded-content\" sandbox=\"allow-scripts\" security=\"restricted\" style=\"position: absolute; clip: rect(1px, 1px, 1px, 1px);\" title=\"&#8220;Protegit: I5 VA AL TEATRE&#8221; &#8212; Escola Paco Candel\" src=\"https:\/\/agora.xtec.cat\/escolapacocandel\/comunitat-de-petits\/i5-va-al-teatre\/embed\/#?secret=UubeN0ljJP#?secret=5LnHlXVEv3\" data-secret=\"5LnHlXVEv3\" width=\"500\" height=\"282\" frameborder=\"0\" marginwidth=\"0\" marginheight=\"0\" scrolling=\"no\"><\/iframe><\/p>\n","protected":false},"excerpt":{"rendered":"<p>Dilluns 30 de gener els infants dels grups de Dofins i Pirates van anar al teatre m\u00e9s petit de Barcelona, La Puntual, a veure l&#8217;espectacle de titelles &#8220;Greta la rateta&#8221;. Va ser emocionant poder viure moments tan bonics i atractius pels sentits, carregats de m\u00e0gia,&hellip;  <a href=\"https:\/\/agora.xtec.cat\/escolapacocandel\/comunitat-de-petits\/i5-va-al-teatre-2\/\" title=\"Read I5 va al teatre!\">Llegeix m\u00e9s\u00bb<\/a><\/p>\n","protected":false},"author":1,"featured_media":7337,"comment_status":"open","ping_status":"closed","sticky":false,"template":"","format":"standard","meta":{"_bbp_topic_count":0,"_bbp_reply_count":0,"_bbp_total_topic_count":0,"_bbp_total_reply_count":0,"_bbp_voice_count":0,"_bbp_anonymous_reply_count":0,"_bbp_topic_count_hidden":0,"_bbp_reply_count_hidden":0,"_bbp_forum_subforum_count":0,"footnotes":""},"categories":[128],"tags":[92,153],"class_list":["post-7336","post","type-post","status-publish","format-standard","has-post-thumbnail","hentry","category-comunitat-de-petits","tag-sortides","tag-teatre"],"post_mailing_queue_ids":[],"_links":{"self":[{"href":"https:\/\/agora.xtec.cat\/escolapacocandel\/wp-json\/wp\/v2\/posts\/7336","targetHints":{"allow":["GET"]}}],"collection":[{"href":"https:\/\/agora.xtec.cat\/escolapacocandel\/wp-json\/wp\/v2\/posts"}],"about":[{"href":"https:\/\/agora.xtec.cat\/escolapacocandel\/wp-json\/wp\/v2\/types\/post"}],"author":[{"embeddable":true,"href":"https:\/\/agora.xtec.cat\/escolapacocandel\/wp-json\/wp\/v2\/users\/1"}],"replies":[{"embeddable":true,"href":"https:\/\/agora.xtec.cat\/escolapacocandel\/wp-json\/wp\/v2\/comments?post=7336"}],"version-history":[{"count":1,"href":"https:\/\/agora.xtec.cat\/escolapacocandel\/wp-json\/wp\/v2\/posts\/7336\/revisions"}],"predecessor-version":[{"id":7339,"href":"https:\/\/agora.xtec.cat\/escolapacocandel\/wp-json\/wp\/v2\/posts\/7336\/revisions\/7339"}],"wp:featuredmedia":[{"embeddable":true,"href":"https:\/\/agora.xtec.cat\/escolapacocandel\/wp-json\/wp\/v2\/media\/7337"}],"wp:attachment":[{"href":"https:\/\/agora.xtec.cat\/escolapacocandel\/wp-json\/wp\/v2\/media?parent=7336"}],"wp:term":[{"taxonomy":"category","embeddable":true,"href":"https:\/\/agora.xtec.cat\/escolapacocandel\/wp-json\/wp\/v2\/categories?post=7336"},{"taxonomy":"post_tag","embeddable":true,"href":"https:\/\/agora.xtec.cat\/escolapacocandel\/wp-json\/wp\/v2\/tags?post=7336"}],"curies":[{"name":"wp","href":"https:\/\/api.w.org\/{rel}","templated":true}]}}