{"id":7329,"date":"2023-02-07T15:27:46","date_gmt":"2023-02-07T14:27:46","guid":{"rendered":"https:\/\/agora.xtec.cat\/escolapacocandel\/?p=7329"},"modified":"2023-11-09T13:51:29","modified_gmt":"2023-11-09T12:51:29","slug":"el-nostre-amic-el-sol","status":"publish","type":"post","link":"https:\/\/agora.xtec.cat\/escolapacocandel\/comunitat-de-grans\/el-nostre-amic-el-sol\/","title":{"rendered":"El nostre amic el sol"},"content":{"rendered":"<p>Aquest segon trimestre, hem iniciat un projecte relacionat amb el Consum sostenible, estretament relacionat amb una problem\u00e0tica actual mundial, amb l\u2019agenda 2030 i amb l\u2019ODS 12: Consum i producci\u00f3 responsable.<\/p>\n<p>Es tracta de reduir el nostre impacte sobre el planeta produint i consumint nom\u00e9s all\u00f2 que necessitem. Tamb\u00e9 es posa el focus en la promoci\u00f3 de la gesti\u00f3 sostenible i de l\u2019\u00fas eficient dels recursos naturals, en la reducci\u00f3 de la generaci\u00f3 de residus i del malbaratament d\u2019aliments, i en el foment de la gesti\u00f3 ecol\u00f2gicament racional dels productes qu\u00edmics en les pr\u00e0ctiques de producci\u00f3 i consum. <a href=\"https:\/\/agora.xtec.cat\/escolapacocandel\/wp-content\/uploads\/usu332\/2023\/02\/1-1.jpg\"><img loading=\"lazy\" decoding=\"async\" class=\"size-thumbnail wp-image-7330 alignright\" src=\"https:\/\/agora.xtec.cat\/escolapacocandel\/wp-content\/uploads\/usu332\/2023\/02\/1-1-150x150.jpg\" alt=\"\" width=\"150\" height=\"150\" \/><\/a><\/p>\n<p>Amb els grups de 6\u00e8, va sortir tot un ventall d\u2019opcions a l\u2019hora de treballar el consum responsable, el qual inclo\u00efa la import\u00e0ncia de les energies renovables, els productes de proximitat o km0, o les ciutats m\u00e9s sostenibles. Tenint en compte l\u2019inter\u00e8s per les energies, hem anat de sortida al Camp d\u2019aprenentatge Can Santoi per experimentar amb <strong>l&#8217;energia del nostre amic el Sol.<\/strong><\/p>\n<p>El Camp d\u2019Aprenentatge (CdA) de Can Santoi \u00e9s un servei educatiu del Departament d\u2019Educaci\u00f3 de suport curricular que ofereix al professorat i als centres docents la possibilitat de desenvolupar projectes de treball per a l\u2019estudi i l\u2019experimentaci\u00f3 en un medi singular de\u00a0Catalunya com \u00e9s la Serra de Collserola i el patrimoni natural i social del Baix Llobregat.<\/p>\n<p>Hem comen\u00e7at l\u2019activitat fent una petita introducci\u00f3 sobre els diferents tipus de raigs que ens envia el Sol i la seva utilitat. Tamb\u00e9 hem comentat la influ\u00e8ncia de l\u2019efecte hivernacle i del color negre en la temperatura. Llavors ens hem dividit en grups de treball per fer diferents tipus d\u2019experiments.<\/p>\n<p>Hem vist com <strong>les plaques fotovoltaiques<\/strong>\u00a0converteixen la llum del Sol en electricitat. Sembla m\u00e0gia!! Hem muntat un senzill circuit el\u00e8ctric i hem aconseguit que el fer girar un petit ventilador quan hem sortit a l\u2019exterior a buscar la llum del Sol.<\/p>\n<p>Despr\u00e9s han realitzat un dels seg\u00fcents tallers:<a href=\"https:\/\/agora.xtec.cat\/escolapacocandel\/wp-content\/uploads\/usu332\/2023\/02\/2-1.jpg\"><img loading=\"lazy\" decoding=\"async\" class=\"alignright wp-image-7331 size-thumbnail\" src=\"https:\/\/agora.xtec.cat\/escolapacocandel\/wp-content\/uploads\/usu332\/2023\/02\/2-1-150x150.jpg\" alt=\"\" width=\"150\" height=\"150\" \/><\/a><\/p>\n<p>Uns han fet anar una <strong>cuina solar parab\u00f2lica<\/strong>, que concentrant la calor provinent del Sol els ha perm\u00e8s cuinar unes pomes amb sucre i canyella. Han comparat els resultats que obtenien amb una olla blanca i una de negre. \u00c9s incre\u00efble l\u2019eficient que \u00e9s el nostre amic Sol!<\/p>\n<p>Uns altres han fabricat <strong>uns col\u00b7lectors solars<\/strong>\u00a0i han comprovat com unes m\u00e0negues de color negre escalfaven l\u2019aigua. Tamb\u00e9 han comprovat com funciona l\u2019efecte hivernacle, comprovant que els col\u00b7lectors tancats amb un vidre per sobre esclafaven m\u00e9s l\u2019aigua. Quina energia t\u00e9 el Sol!<\/p>\n<p>Despr\u00e9s s\u2019han explicat m\u00fatuament el taller que no havien realitzat.<\/p>\n<p>Han completat una gran feina fent de cient\u00edfics!<\/p>\n<p>Finalment, la estona que ha tingut lliure (que ha sigut molt curta), han gaudit de l\u2019esport i de l\u2019aire lliure que aquest camp d\u2019aprenentatge ofereix.<\/p>\n<p>Us deixem enlla\u00e7at les fotos de la sortida.<\/p>\n<blockquote class=\"wp-embedded-content\" data-secret=\"YAlM54CwgK\"><p><a href=\"https:\/\/agora.xtec.cat\/escolapacocandel\/fotos-privat\/fotos-can-santoi\/\">Protegit: FOTOS CAN SANTOI<\/a><\/p><\/blockquote>\n<p><iframe loading=\"lazy\" class=\"wp-embedded-content\" sandbox=\"allow-scripts\" security=\"restricted\" style=\"position: absolute; clip: rect(1px, 1px, 1px, 1px);\" title=\"&#8220;Protegit: FOTOS CAN SANTOI&#8221; &#8212; Escola Paco Candel\" src=\"https:\/\/agora.xtec.cat\/escolapacocandel\/fotos-privat\/fotos-can-santoi\/embed\/#?secret=36EB8U5hCS#?secret=YAlM54CwgK\" data-secret=\"YAlM54CwgK\" width=\"500\" height=\"282\" frameborder=\"0\" marginwidth=\"0\" marginheight=\"0\" scrolling=\"no\"><\/iframe><\/p>\n","protected":false},"excerpt":{"rendered":"<p>Aquest segon trimestre, hem iniciat un projecte relacionat amb el Consum sostenible, estretament relacionat amb una problem\u00e0tica actual mundial, amb l\u2019agenda 2030 i amb l\u2019ODS 12: Consum i producci\u00f3 responsable.<br \/>\nEs tracta de reduir el nostre impacte sobre el planeta produint i consumint nom\u00e9s all\u00f2 que&hellip;  <a href=\"https:\/\/agora.xtec.cat\/escolapacocandel\/comunitat-de-grans\/el-nostre-amic-el-sol\/\" title=\"Read El nostre amic el sol\">Llegeix m\u00e9s\u00bb<\/a><\/p>\n","protected":false},"author":20,"featured_media":7332,"comment_status":"open","ping_status":"closed","sticky":false,"template":"","format":"standard","meta":{"_bbp_topic_count":0,"_bbp_reply_count":0,"_bbp_total_topic_count":0,"_bbp_total_reply_count":0,"_bbp_voice_count":0,"_bbp_anonymous_reply_count":0,"_bbp_topic_count_hidden":0,"_bbp_reply_count_hidden":0,"_bbp_forum_subforum_count":0,"footnotes":""},"categories":[129,146],"tags":[],"class_list":["post-7329","post","type-post","status-publish","format-standard","has-post-thumbnail","hentry","category-comunitat-de-grans","category-6e"],"post_mailing_queue_ids":[],"_links":{"self":[{"href":"https:\/\/agora.xtec.cat\/escolapacocandel\/wp-json\/wp\/v2\/posts\/7329","targetHints":{"allow":["GET"]}}],"collection":[{"href":"https:\/\/agora.xtec.cat\/escolapacocandel\/wp-json\/wp\/v2\/posts"}],"about":[{"href":"https:\/\/agora.xtec.cat\/escolapacocandel\/wp-json\/wp\/v2\/types\/post"}],"author":[{"embeddable":true,"href":"https:\/\/agora.xtec.cat\/escolapacocandel\/wp-json\/wp\/v2\/users\/20"}],"replies":[{"embeddable":true,"href":"https:\/\/agora.xtec.cat\/escolapacocandel\/wp-json\/wp\/v2\/comments?post=7329"}],"version-history":[{"count":1,"href":"https:\/\/agora.xtec.cat\/escolapacocandel\/wp-json\/wp\/v2\/posts\/7329\/revisions"}],"predecessor-version":[{"id":7333,"href":"https:\/\/agora.xtec.cat\/escolapacocandel\/wp-json\/wp\/v2\/posts\/7329\/revisions\/7333"}],"wp:featuredmedia":[{"embeddable":true,"href":"https:\/\/agora.xtec.cat\/escolapacocandel\/wp-json\/wp\/v2\/media\/7332"}],"wp:attachment":[{"href":"https:\/\/agora.xtec.cat\/escolapacocandel\/wp-json\/wp\/v2\/media?parent=7329"}],"wp:term":[{"taxonomy":"category","embeddable":true,"href":"https:\/\/agora.xtec.cat\/escolapacocandel\/wp-json\/wp\/v2\/categories?post=7329"},{"taxonomy":"post_tag","embeddable":true,"href":"https:\/\/agora.xtec.cat\/escolapacocandel\/wp-json\/wp\/v2\/tags?post=7329"}],"curies":[{"name":"wp","href":"https:\/\/api.w.org\/{rel}","templated":true}]}}