{"id":7319,"date":"2023-02-04T11:07:48","date_gmt":"2023-02-04T10:07:48","guid":{"rendered":"https:\/\/agora.xtec.cat\/escolapacocandel\/?p=7319"},"modified":"2023-02-04T11:07:48","modified_gmt":"2023-02-04T10:07:48","slug":"taller-improvisa-al-caixaforum-6ea","status":"publish","type":"post","link":"https:\/\/agora.xtec.cat\/escolapacocandel\/comunitat-de-grans\/taller-improvisa-al-caixaforum-6ea\/","title":{"rendered":"Taller Improvisa al Caixaforum  6\u00e8A"},"content":{"rendered":"<p>La paraula improvisa la tenim tots i totes al cap, per\u00f2 sabem que vol dir? En aquest taller els infants de 6\u00e8A han pogut gaudir d&#8217;una bona estona plena de m\u00fasica, improvisacions i creacions musicals. S&#8217;han convertit en els i les\u00a0 protagonistes, on mitjan\u00e7ant el seu cos, veu i els instruments han creat les seves pr\u00f2pies can\u00e7ons i sense necessitat de partitura.<\/p>\n<p>Us deixem un recull d&#8217;imatges i v\u00eddeos perqu\u00e8 gaudiu de cada moment.<\/p>\n<p><a href=\"https:\/\/agora.xtec.cat\/escolapacocandel\/general\/fotos-caixaforum-6ea\/\">ENLLA\u00c7 FOTOS<\/a><\/p>\n<p>&nbsp;<\/p>\n","protected":false},"excerpt":{"rendered":"<p>La paraula improvisa la tenim tots i totes al cap, per\u00f2 sabem que vol dir? En aquest taller els infants de 6\u00e8A han pogut gaudir d&#8217;una bona estona plena de m\u00fasica, improvisacions i creacions musicals. S&#8217;han convertit en els i les\u00a0 protagonistes, on mitjan\u00e7ant el&hellip;  <a href=\"https:\/\/agora.xtec.cat\/escolapacocandel\/comunitat-de-grans\/taller-improvisa-al-caixaforum-6ea\/\" title=\"Read Taller Improvisa al Caixaforum  6\u00e8A\">Llegeix m\u00e9s\u00bb<\/a><\/p>\n","protected":false},"author":22,"featured_media":7320,"comment_status":"open","ping_status":"closed","sticky":false,"template":"","format":"standard","meta":{"_bbp_topic_count":0,"_bbp_reply_count":0,"_bbp_total_topic_count":0,"_bbp_total_reply_count":0,"_bbp_voice_count":0,"_bbp_anonymous_reply_count":0,"_bbp_topic_count_hidden":0,"_bbp_reply_count_hidden":0,"_bbp_forum_subforum_count":0,"footnotes":""},"categories":[129,146],"tags":[],"class_list":["post-7319","post","type-post","status-publish","format-standard","has-post-thumbnail","hentry","category-comunitat-de-grans","category-6e"],"post_mailing_queue_ids":[],"_links":{"self":[{"href":"https:\/\/agora.xtec.cat\/escolapacocandel\/wp-json\/wp\/v2\/posts\/7319","targetHints":{"allow":["GET"]}}],"collection":[{"href":"https:\/\/agora.xtec.cat\/escolapacocandel\/wp-json\/wp\/v2\/posts"}],"about":[{"href":"https:\/\/agora.xtec.cat\/escolapacocandel\/wp-json\/wp\/v2\/types\/post"}],"author":[{"embeddable":true,"href":"https:\/\/agora.xtec.cat\/escolapacocandel\/wp-json\/wp\/v2\/users\/22"}],"replies":[{"embeddable":true,"href":"https:\/\/agora.xtec.cat\/escolapacocandel\/wp-json\/wp\/v2\/comments?post=7319"}],"version-history":[{"count":2,"href":"https:\/\/agora.xtec.cat\/escolapacocandel\/wp-json\/wp\/v2\/posts\/7319\/revisions"}],"predecessor-version":[{"id":7324,"href":"https:\/\/agora.xtec.cat\/escolapacocandel\/wp-json\/wp\/v2\/posts\/7319\/revisions\/7324"}],"wp:featuredmedia":[{"embeddable":true,"href":"https:\/\/agora.xtec.cat\/escolapacocandel\/wp-json\/wp\/v2\/media\/7320"}],"wp:attachment":[{"href":"https:\/\/agora.xtec.cat\/escolapacocandel\/wp-json\/wp\/v2\/media?parent=7319"}],"wp:term":[{"taxonomy":"category","embeddable":true,"href":"https:\/\/agora.xtec.cat\/escolapacocandel\/wp-json\/wp\/v2\/categories?post=7319"},{"taxonomy":"post_tag","embeddable":true,"href":"https:\/\/agora.xtec.cat\/escolapacocandel\/wp-json\/wp\/v2\/tags?post=7319"}],"curies":[{"name":"wp","href":"https:\/\/api.w.org\/{rel}","templated":true}]}}