{"id":7307,"date":"2023-02-02T09:54:53","date_gmt":"2023-02-02T08:54:53","guid":{"rendered":"https:\/\/agora.xtec.cat\/escolapacocandel\/?p=7307"},"modified":"2023-11-09T13:51:42","modified_gmt":"2023-11-09T12:51:42","slug":"fem-radio-fem-podcast","status":"publish","type":"post","link":"https:\/\/agora.xtec.cat\/escolapacocandel\/comunitat-de-grans\/fem-radio-fem-podcast\/","title":{"rendered":"Fem r\u00e0dio, fem podcast"},"content":{"rendered":"<p><a href=\"https:\/\/agora.xtec.cat\/escolapacocandel\/wp-content\/uploads\/usu332\/2023\/02\/1.jpg\"><img loading=\"lazy\" decoding=\"async\" class=\"size-full wp-image-7308 aligncenter\" src=\"https:\/\/agora.xtec.cat\/escolapacocandel\/wp-content\/uploads\/usu332\/2023\/02\/1.jpg\" alt=\"\" width=\"736\" height=\"277\" srcset=\"https:\/\/agora.xtec.cat\/escolapacocandel\/wp-content\/uploads\/usu332\/2023\/02\/1.jpg 736w, https:\/\/agora.xtec.cat\/escolapacocandel\/wp-content\/uploads\/usu332\/2023\/02\/1-300x113.jpg 300w\" sizes=\"auto, (max-width: 736px) 100vw, 736px\" \/><\/a><\/p>\n<p>A la comunitat de grans hem finalitzat un projecte de r\u00e0dio que vam iniciar al primer trimestre, el qual est\u00e0 estructurat en tres sessions:<\/p>\n<ul>\n<li>La sessi\u00f3 1 estava enfocada en con\u00e8ixer al Mart\u00ed, el responsable d\u2019aquest projecte que ens va fer una explicaci\u00f3 general de qu\u00e8 era un <em>podcast<\/em>, els instruments necessaris per fer una gravaci\u00f3 a la r\u00e0dio i el funcionament en general. Aquesta sessi\u00f3 es feia dins de l\u2019aula amb tot el grup.<\/li>\n<\/ul>\n<p><a href=\"https:\/\/agora.xtec.cat\/escolapacocandel\/wp-content\/uploads\/usu332\/2023\/02\/2.jpg\"><img loading=\"lazy\" decoding=\"async\" class=\"alignnone size-full wp-image-7309\" src=\"https:\/\/agora.xtec.cat\/escolapacocandel\/wp-content\/uploads\/usu332\/2023\/02\/2.jpg\" alt=\"\" width=\"890\" height=\"245\" srcset=\"https:\/\/agora.xtec.cat\/escolapacocandel\/wp-content\/uploads\/usu332\/2023\/02\/2.jpg 890w, https:\/\/agora.xtec.cat\/escolapacocandel\/wp-content\/uploads\/usu332\/2023\/02\/2-300x83.jpg 300w, https:\/\/agora.xtec.cat\/escolapacocandel\/wp-content\/uploads\/usu332\/2023\/02\/2-768x211.jpg 768w\" sizes=\"auto, (max-width: 890px) 100vw, 890px\" \/><\/a><\/p>\n<ul>\n<li>La sessi\u00f3 2 consistia, ja en petits grups de 3-4 persones, en fer una pr\u00e0ctica de r\u00e0dio, amb tot el material i la sessi\u00f3 3 \u00e9s la gravaci\u00f3 de tot el programa de la classe.<\/li>\n<\/ul>\n<p><a href=\"https:\/\/agora.xtec.cat\/escolapacocandel\/wp-content\/uploads\/usu332\/2023\/02\/3.jpg\"><img loading=\"lazy\" decoding=\"async\" class=\"alignnone size-full wp-image-7310\" src=\"https:\/\/agora.xtec.cat\/escolapacocandel\/wp-content\/uploads\/usu332\/2023\/02\/3.jpg\" alt=\"\" width=\"913\" height=\"232\" srcset=\"https:\/\/agora.xtec.cat\/escolapacocandel\/wp-content\/uploads\/usu332\/2023\/02\/3.jpg 913w, https:\/\/agora.xtec.cat\/escolapacocandel\/wp-content\/uploads\/usu332\/2023\/02\/3-300x76.jpg 300w, https:\/\/agora.xtec.cat\/escolapacocandel\/wp-content\/uploads\/usu332\/2023\/02\/3-768x195.jpg 768w\" sizes=\"auto, (max-width: 913px) 100vw, 913px\" \/><\/a><\/p>\n<p>A l\u2019hora de crear el programa vam prendre una primera decisi\u00f3 molt important que, depenent de cada grup, ten\u00edem l\u2019opci\u00f3 de fer un tipus de programa de r\u00e0dio o un altre que consistien en:<\/p>\n<ul>\n<li>Opci\u00f3 1: Es crea 1 <em>podcast<\/em> per a cada meitat del grup. Ajuntant les seccions dels grups redu\u00efts obtenim un <em>podcast<\/em> d&#8217;entre 12 i 15 minuts. En total tindrem 2 <em>podcasts<\/em> d&#8217;una sola classe.<\/li>\n<li>Opci\u00f3 2: Es crea 1 sol podcast per a tota la classe. Ajuntant les seccions dels grups redu\u00efts obtenim un podcast d&#8217;entre 18 i 25 minuts. En total tindrem 1 podcast d&#8217;una sola classe.<\/li>\n<li>Opci\u00f3 3: Cada grup redu\u00eft crea el seu podcast, de manera que tenim tants podcasts com grups redu\u00efts. Els podcast no tenen relaci\u00f3 entre ells i s\u00f3n de curta durada (entre 3 i 7 minuts)<\/li>\n<\/ul>\n<p>La part en com\u00fa de cada opci\u00f3, es realitza amb una presentaci\u00f3 del programa i un comiat, <a href=\"https:\/\/agora.xtec.cat\/escolapacocandel\/wp-content\/uploads\/usu332\/2023\/02\/4.jpg\"><img loading=\"lazy\" decoding=\"async\" class=\"wp-image-7311 size-medium alignright\" src=\"https:\/\/agora.xtec.cat\/escolapacocandel\/wp-content\/uploads\/usu332\/2023\/02\/4-225x300.jpg\" alt=\"\" width=\"225\" height=\"300\" srcset=\"https:\/\/agora.xtec.cat\/escolapacocandel\/wp-content\/uploads\/usu332\/2023\/02\/4-225x300.jpg 225w, https:\/\/agora.xtec.cat\/escolapacocandel\/wp-content\/uploads\/usu332\/2023\/02\/4.jpg 768w\" sizes=\"auto, (max-width: 225px) 100vw, 225px\" \/><\/a>a m\u00e9s d\u2019escollir un fill musical o sintonia. A m\u00e9s, la tem\u00e0tica ha sigut lliure i flexible amb les necessitats dels infants i dels interessos del grup.<\/p>\n<p>Hem dedicat moltes estones a l\u2019aula per poder fer els podcast en petit grup a trav\u00e9s d\u2019una graella compartida en Drive, a m\u00e9s de moments per poder practicar aspectes tan importants com la veu i l\u2019entonaci\u00f3, la pronunciaci\u00f3 o treure els nervis al moment de la gravaci\u00f3.<\/p>\n<p><a href=\"https:\/\/agora.xtec.cat\/escolapacocandel\/wp-content\/uploads\/usu332\/2023\/02\/6.jpg\"><img loading=\"lazy\" decoding=\"async\" class=\"alignnone wp-image-7313 size-medium\" src=\"https:\/\/agora.xtec.cat\/escolapacocandel\/wp-content\/uploads\/usu332\/2023\/02\/6-300x201.jpg\" alt=\"\" width=\"300\" height=\"201\" srcset=\"https:\/\/agora.xtec.cat\/escolapacocandel\/wp-content\/uploads\/usu332\/2023\/02\/6-300x201.jpg 300w, https:\/\/agora.xtec.cat\/escolapacocandel\/wp-content\/uploads\/usu332\/2023\/02\/6-768x514.jpg 768w, https:\/\/agora.xtec.cat\/escolapacocandel\/wp-content\/uploads\/usu332\/2023\/02\/6.jpg 836w\" sizes=\"auto, (max-width: 300px) 100vw, 300px\" \/><\/a><\/p>\n<p>Des de la comunitat de grans, volem compartir amb vosaltres les creacions que han fet els infants de 4t, 5\u00e8 i 6\u00e8. Han gaudit molt al llarg del proc\u00e9s i esperem que us agradi tamb\u00e9. Aqu\u00ed teniu els enlla\u00e7os:<\/p>\n<p><a href=\"https:\/\/drive.google.com\/file\/d\/13aFb3WTvPekit8_1WCUHPnQ0rcIEfzBv\/view?usp=share_link\">Podcast 4tA<\/a><\/p>\n<p><a href=\"https:\/\/drive.google.com\/file\/d\/1qlVHxeZ5QSgxKVeiOUALAgW7fsG4bqOU\/view?usp=share_link\">Podcast 4tB<\/a><\/p>\n<p><a href=\"https:\/\/drive.google.com\/file\/d\/19koRSMkVRrMOocFJRdy__eKobYDJIGwF\/view?usp=share_link\">Podcast 5\u00e8A<\/a><\/p>\n<p><a href=\"https:\/\/drive.google.com\/file\/d\/1aCTueYGxecT9u-ANP1xp4465hB6fqLZf\/view?usp=share_link\">Podcast 5\u00e8B<\/a><\/p>\n<p><a href=\"https:\/\/drive.google.com\/file\/d\/1sJONs-JNjmNnucuLOVU-X9NB5514Bj0m\/view?usp=share_link\">Podcast 6\u00e8A<\/a><\/p>\n<p><a href=\"https:\/\/drive.google.com\/file\/d\/14Bs0XHYFUcPs3bXQ8e1V2CC5s8az0W0S\/view?usp=share_link\">Podcast 6\u00e8B<\/a><\/p>\n","protected":false},"excerpt":{"rendered":"<p><a href=\"https:\/\/agora.xtec.cat\/escolapacocandel\/wp-content\/uploads\/usu332\/2023\/02\/1.jpg\"><\/a><br \/>\nA la comunitat de grans hem finalitzat un projecte de r\u00e0dio que vam iniciar al primer trimestre, el qual est\u00e0 estructurat en tres sessions:<\/p>\n<ul>\n<li>La sessi\u00f3 1 estava enfocada en con\u00e8ixer al Mart\u00ed, el responsable d\u2019aquest projecte que ens va fer una explicaci\u00f3 general de&hellip;  <a href=\"https:\/\/agora.xtec.cat\/escolapacocandel\/comunitat-de-grans\/fem-radio-fem-podcast\/\" title=\"Read Fem r\u00e0dio, fem podcast\">Llegeix m\u00e9s\u00bb<\/a><br \/>\n","protected":false},"author":20,"featured_media":7312,"comment_status":"open","ping_status":"closed","sticky":false,"template":"","format":"standard","meta":{"_bbp_topic_count":0,"_bbp_reply_count":0,"_bbp_total_topic_count":0,"_bbp_total_reply_count":0,"_bbp_voice_count":0,"_bbp_anonymous_reply_count":0,"_bbp_topic_count_hidden":0,"_bbp_reply_count_hidden":0,"_bbp_forum_subforum_count":0,"footnotes":""},"categories":[144,129,143,146],"tags":[],"class_list":["post-7307","post","type-post","status-publish","format-standard","has-post-thumbnail","hentry","category-5e","category-comunitat-de-grans","category-4t","category-6e"],"post_mailing_queue_ids":[],"_links":{"self":[{"href":"https:\/\/agora.xtec.cat\/escolapacocandel\/wp-json\/wp\/v2\/posts\/7307","targetHints":{"allow":["GET"]}}],"collection":[{"href":"https:\/\/agora.xtec.cat\/escolapacocandel\/wp-json\/wp\/v2\/posts"}],"about":[{"href":"https:\/\/agora.xtec.cat\/escolapacocandel\/wp-json\/wp\/v2\/types\/post"}],"author":[{"embeddable":true,"href":"https:\/\/agora.xtec.cat\/escolapacocandel\/wp-json\/wp\/v2\/users\/20"}],"replies":[{"embeddable":true,"href":"https:\/\/agora.xtec.cat\/escolapacocandel\/wp-json\/wp\/v2\/comments?post=7307"}],"version-history":[{"count":2,"href":"https:\/\/agora.xtec.cat\/escolapacocandel\/wp-json\/wp\/v2\/posts\/7307\/revisions"}],"predecessor-version":[{"id":7315,"href":"https:\/\/agora.xtec.cat\/escolapacocandel\/wp-json\/wp\/v2\/posts\/7307\/revisions\/7315"}],"wp:featuredmedia":[{"embeddable":true,"href":"https:\/\/agora.xtec.cat\/escolapacocandel\/wp-json\/wp\/v2\/media\/7312"}],"wp:attachment":[{"href":"https:\/\/agora.xtec.cat\/escolapacocandel\/wp-json\/wp\/v2\/media?parent=7307"}],"wp:term":[{"taxonomy":"category","embeddable":true,"href":"https:\/\/agora.xtec.cat\/escolapacocandel\/wp-json\/wp\/v2\/categories?post=7307"},{"taxonomy":"post_tag","embeddable":true,"href":"https:\/\/agora.xtec.cat\/escolapacocandel\/wp-json\/wp\/v2\/tags?post=7307"}],"curies":[{"name":"wp","href":"https:\/\/api.w.org\/{rel}","templated":true}]}}