{"id":730,"date":"2018-03-19T13:47:13","date_gmt":"2018-03-19T12:47:13","guid":{"rendered":"http:\/\/agora.xtec.cat\/escolapacocandel\/?p=730"},"modified":"2019-02-05T23:53:23","modified_gmt":"2019-02-05T22:53:23","slug":"preinscripcio-escolar-20182019","status":"publish","type":"post","link":"https:\/\/agora.xtec.cat\/escolapacocandel\/general\/preinscripcio-escolar-20182019\/","title":{"rendered":"PREINSCRIPCI\u00d3 ESCOLAR 2019\/2020"},"content":{"rendered":"<p>Benvolguts\/des<br \/>\nEl Departament d&#8217;ensenyament ha donat unes dates orientatives de les dates de preinscripci\u00f3 escolar pel proper curs 2019\/20- del 29 de ma\u00e7 al 9 d&#8217;abril de 2019.<br \/>\nA falta de la publicaci\u00f3 de la corresponent Resoluci\u00f3 amb el calendari i els criteris d&#8217;admissi\u00f3, us enlla\u00e7em les seg\u00fcents p\u00e0gines:<br \/>\n<a href=\"http:\/\/www.l-h.cat\/educacio\/260068_1.aspx?id=1\">Ajuntament de l&#8217;Hospitalet<\/a><br \/>\n<a href=\"http:\/\/educacio.gencat.cat\/portal\/page\/portal\/EducacioIntranet\/Inici\/PortalCentres\/PCPreinscripcioMatricula\">Departament d&#8217;ensenyament<\/a><\/p>\n","protected":false},"excerpt":{"rendered":"<p>Benvolguts\/des<br \/>\nEl Departament d&#8217;ensenyament ha donat unes dates orientatives de les dates de preinscripci\u00f3 escolar pel proper curs 2019\/20- del 29 de ma\u00e7 al 9 d&#8217;abril de 2019.<br \/>\nA falta de la publicaci\u00f3 de la corresponent Resoluci\u00f3 amb el calendari i els criteris d&#8217;admissi\u00f3, us enlla\u00e7em les&hellip;  <a href=\"https:\/\/agora.xtec.cat\/escolapacocandel\/general\/preinscripcio-escolar-20182019\/\" title=\"Read PREINSCRIPCI\u00d3 ESCOLAR 2019\/2020\">Llegeix m\u00e9s\u00bb<\/a><\/p>\n","protected":false},"author":1,"featured_media":0,"comment_status":"open","ping_status":"closed","sticky":false,"template":"","format":"standard","meta":{"_bbp_topic_count":0,"_bbp_reply_count":0,"_bbp_total_topic_count":0,"_bbp_total_reply_count":0,"_bbp_voice_count":0,"_bbp_anonymous_reply_count":0,"_bbp_topic_count_hidden":0,"_bbp_reply_count_hidden":0,"_bbp_forum_subforum_count":0,"footnotes":""},"categories":[1,4],"tags":[],"class_list":["post-730","post","type-post","status-publish","format-standard","hentry","category-general","category-portada"],"post_mailing_queue_ids":[],"_links":{"self":[{"href":"https:\/\/agora.xtec.cat\/escolapacocandel\/wp-json\/wp\/v2\/posts\/730","targetHints":{"allow":["GET"]}}],"collection":[{"href":"https:\/\/agora.xtec.cat\/escolapacocandel\/wp-json\/wp\/v2\/posts"}],"about":[{"href":"https:\/\/agora.xtec.cat\/escolapacocandel\/wp-json\/wp\/v2\/types\/post"}],"author":[{"embeddable":true,"href":"https:\/\/agora.xtec.cat\/escolapacocandel\/wp-json\/wp\/v2\/users\/1"}],"replies":[{"embeddable":true,"href":"https:\/\/agora.xtec.cat\/escolapacocandel\/wp-json\/wp\/v2\/comments?post=730"}],"version-history":[{"count":2,"href":"https:\/\/agora.xtec.cat\/escolapacocandel\/wp-json\/wp\/v2\/posts\/730\/revisions"}],"predecessor-version":[{"id":773,"href":"https:\/\/agora.xtec.cat\/escolapacocandel\/wp-json\/wp\/v2\/posts\/730\/revisions\/773"}],"wp:attachment":[{"href":"https:\/\/agora.xtec.cat\/escolapacocandel\/wp-json\/wp\/v2\/media?parent=730"}],"wp:term":[{"taxonomy":"category","embeddable":true,"href":"https:\/\/agora.xtec.cat\/escolapacocandel\/wp-json\/wp\/v2\/categories?post=730"},{"taxonomy":"post_tag","embeddable":true,"href":"https:\/\/agora.xtec.cat\/escolapacocandel\/wp-json\/wp\/v2\/tags?post=730"}],"curies":[{"name":"wp","href":"https:\/\/api.w.org\/{rel}","templated":true}]}}