{"id":7297,"date":"2023-01-31T23:15:39","date_gmt":"2023-01-31T22:15:39","guid":{"rendered":"https:\/\/agora.xtec.cat\/escolapacocandel\/?p=7297"},"modified":"2023-11-09T15:49:55","modified_gmt":"2023-11-09T14:49:55","slug":"ambient-de-laboratori-espai-daigua-2","status":"publish","type":"post","link":"https:\/\/agora.xtec.cat\/escolapacocandel\/portada\/ambient-de-laboratori-espai-daigua-2\/","title":{"rendered":"Ambient de laboratori. Espai d&#8217;aigua"},"content":{"rendered":"<p style=\"text-align: right;\"><span style=\"font-weight: 400;\"><a href=\"https:\/\/agora.xtec.cat\/escolapacocandel\/wp-content\/uploads\/usu332\/2023\/01\/4a-tongada.-1a-sessio-21-20-scaled.jpg\"><img loading=\"lazy\" decoding=\"async\" class=\"wp-image-7298 alignleft\" src=\"https:\/\/agora.xtec.cat\/escolapacocandel\/wp-content\/uploads\/usu332\/2023\/01\/4a-tongada.-1a-sessio-21-20-1024x777.jpg\" alt=\"\" width=\"297\" height=\"226\" srcset=\"https:\/\/agora.xtec.cat\/escolapacocandel\/wp-content\/uploads\/usu332\/2023\/01\/4a-tongada.-1a-sessio-21-20-1024x777.jpg 1024w, https:\/\/agora.xtec.cat\/escolapacocandel\/wp-content\/uploads\/usu332\/2023\/01\/4a-tongada.-1a-sessio-21-20-300x228.jpg 300w, https:\/\/agora.xtec.cat\/escolapacocandel\/wp-content\/uploads\/usu332\/2023\/01\/4a-tongada.-1a-sessio-21-20-768x582.jpg 768w, https:\/\/agora.xtec.cat\/escolapacocandel\/wp-content\/uploads\/usu332\/2023\/01\/4a-tongada.-1a-sessio-21-20-1536x1165.jpg 1536w, https:\/\/agora.xtec.cat\/escolapacocandel\/wp-content\/uploads\/usu332\/2023\/01\/4a-tongada.-1a-sessio-21-20-2048x1553.jpg 2048w\" sizes=\"auto, (max-width: 297px) 100vw, 297px\" \/><\/a>L\u2019ambient de laboratori ofereix als infants l\u2019oportunitat d\u2019explorar i experimentar amb diferents elements i materials. Al primer trimestre l\u2019aigua, al segon rampes, tubs i\u00a0 boles i al tercer llum, color i ombres.<\/span><\/p>\n<p><span style=\"font-weight: 400;\">En entrar al laboratori la canalla troba l\u2019espai organitzat en subespais a mode de provocaci\u00f3, les seves expressions mostren l\u2019emoci\u00f3 que genera l\u2019element triat: l\u2019aigua.<\/span><\/p>\n<p><span style=\"font-weight: 400;\">Despr\u00e9s d\u2019un temps dedicat a la trobada, salutacions i contextualitzaci\u00f3, la mainada comparteix\u00a0 el que voldran investigar i es dirigeixen amb entusiasme cap a les propostes:\u00a0<\/span><\/p>\n<p><span style=\"font-weight: 400;\">Troben diversos espais dedicats als transvasaments amb diversitat de regadores, pipetes, xeringues, embuts\u00a0 i\u00a0 contenidors de diferents formes, dimensions i varietat de brocs. Tamb\u00e9 m\u00e0negues transparents de diferents di\u00e0metres, encaixables entre s\u00ed que permeten als infants observar la traject\u00f2ria de l\u2019aigua i crear diferents circuits. En altres espais les nenes i nens\u00a0 poden explorar la flotabilitat dels objectes i el moviment d\u2019aquests en el medi aqu\u00e0tic. Tamb\u00e9 hi ha zones amb materials que conviden\u00a0 combinaci\u00f3 d\u2019elements produint aix\u00ed transformacions en aquests i tamb\u00e9 en l\u2019aigua.<\/span><\/p>\n<p><span style=\"font-weight: 400;\">La manipulaci\u00f3 i l\u2019acci\u00f3 genera descobriments que, en ocasions s\u00f3n compartits amb el grup, els companys d\u2019activitat i\/ o els adults. Tamb\u00e9\u00a0 representen gr\u00e0ficament\u00a0 les experi\u00e8ncies i les observacions fetes.\u00a0<\/span><\/p>\n<p><span style=\"font-weight: 400;\">Durant les dues primeres sessions es dona als infants la possibilitat de desar els seus experiments al laboratori, a la nevera o al congelador. Aquest fet possibilita que puguin observar com es comporten els elements en els diferents casos i segueixen de prop les transformacions. A la darrera sessi\u00f3 contemplen com l\u2019aigua posada al congelador s\u2019ha transformat en\u00a0 gel i com retorna a l\u2019estat l\u00edquid mentre la manipulen.<\/span><\/p>\n<p><span style=\"font-weight: 400;\">En aquesta mateixa sessi\u00f3 es fa el tancament de l\u2019ambient i els infants comparteixen les seves conclusions sobre els temes que s\u2019han anat obrint durant les sessions anteriors, en ocasions l\u2019acord, el desacord\u00a0 o alguna pregunta de l\u2019adult\u00a0 generen noves investigacions. Sovint a algun infant li ha quedat algun experiment o exploraci\u00f3\u00a0 pendent o vol continuar\u00a0 amb algunes d\u2019iniciades.\u00a0<\/span><\/p>\n<p><span style=\"font-weight: 400;\">L\u2019aproximaci\u00f3 que cada infant fa als materials \u00e9s \u00fanica i personal, des d\u2019aquesta perspectiva mirem l\u2019acci\u00f3 dels infants i, des del m\u00e0xim respecte a aquesta, els acompanyem a posar paraules a all\u00f2 que fan, a preguntar-se els perqu\u00e8s del que observen, a hipotetizar sobre diferents situacions i crear els seus propis projectes.<\/span><\/p>\n<p>&nbsp;<\/p>\n<p><span style=\"font-weight: 400;\">\u201c<\/span><b>La manipulaci\u00f3 i l\u2019experimentaci\u00f3<\/b><span style=\"font-weight: 400;\"> amb diferents materials afavoreixen la construcci\u00f3 de les primeres relacions causals, que els orienten en els seus comportaments d\u2019exploraci\u00f3 de l\u2019entorn.\u201d<\/span><\/p>\n<p><span style=\"font-weight: 400;\">\u00a0\u00a0\u00a0\u00a0\u00a0\u00a0\u00a0\u00a0\u00a0\u00a0\u00a0\u00a0\u00a0\u00a0\u00a0\u00a0\u00a0Curr\u00edculum Ed Infantil<\/span><\/p>\n<p><a href=\"https:\/\/agora.xtec.cat\/escolapacocandel\/fotos-privat\/ambient-de-laboratori-espai-daigua\/\">FOTOS<\/a><\/p>\n","protected":false},"excerpt":{"rendered":"<p><a href=\"https:\/\/agora.xtec.cat\/escolapacocandel\/wp-content\/uploads\/usu332\/2023\/01\/4a-tongada.-1a-sessio-21-20-scaled.jpg\"><\/a>L\u2019ambient de laboratori ofereix als infants l\u2019oportunitat d\u2019explorar i experimentar amb diferents elements i materials. Al primer trimestre l\u2019aigua, al segon rampes, tubs i\u00a0 boles i al tercer llum, color i ombres.<br \/>\nEn entrar al laboratori la canalla troba l\u2019espai organitzat en subespais a mode&hellip;  <a href=\"https:\/\/agora.xtec.cat\/escolapacocandel\/portada\/ambient-de-laboratori-espai-daigua-2\/\" title=\"Read Ambient de laboratori. Espai d&#8217;aigua\">Llegeix m\u00e9s\u00bb<\/a><\/p>\n","protected":false},"author":1,"featured_media":7298,"comment_status":"open","ping_status":"closed","sticky":false,"template":"","format":"standard","meta":{"_bbp_topic_count":0,"_bbp_reply_count":0,"_bbp_total_topic_count":0,"_bbp_total_reply_count":0,"_bbp_voice_count":0,"_bbp_anonymous_reply_count":0,"_bbp_topic_count_hidden":0,"_bbp_reply_count_hidden":0,"_bbp_forum_subforum_count":0,"footnotes":""},"categories":[128,4],"tags":[],"class_list":["post-7297","post","type-post","status-publish","format-standard","has-post-thumbnail","hentry","category-comunitat-de-petits","category-portada"],"post_mailing_queue_ids":[],"_links":{"self":[{"href":"https:\/\/agora.xtec.cat\/escolapacocandel\/wp-json\/wp\/v2\/posts\/7297","targetHints":{"allow":["GET"]}}],"collection":[{"href":"https:\/\/agora.xtec.cat\/escolapacocandel\/wp-json\/wp\/v2\/posts"}],"about":[{"href":"https:\/\/agora.xtec.cat\/escolapacocandel\/wp-json\/wp\/v2\/types\/post"}],"author":[{"embeddable":true,"href":"https:\/\/agora.xtec.cat\/escolapacocandel\/wp-json\/wp\/v2\/users\/1"}],"replies":[{"embeddable":true,"href":"https:\/\/agora.xtec.cat\/escolapacocandel\/wp-json\/wp\/v2\/comments?post=7297"}],"version-history":[{"count":3,"href":"https:\/\/agora.xtec.cat\/escolapacocandel\/wp-json\/wp\/v2\/posts\/7297\/revisions"}],"predecessor-version":[{"id":7303,"href":"https:\/\/agora.xtec.cat\/escolapacocandel\/wp-json\/wp\/v2\/posts\/7297\/revisions\/7303"}],"wp:featuredmedia":[{"embeddable":true,"href":"https:\/\/agora.xtec.cat\/escolapacocandel\/wp-json\/wp\/v2\/media\/7298"}],"wp:attachment":[{"href":"https:\/\/agora.xtec.cat\/escolapacocandel\/wp-json\/wp\/v2\/media?parent=7297"}],"wp:term":[{"taxonomy":"category","embeddable":true,"href":"https:\/\/agora.xtec.cat\/escolapacocandel\/wp-json\/wp\/v2\/categories?post=7297"},{"taxonomy":"post_tag","embeddable":true,"href":"https:\/\/agora.xtec.cat\/escolapacocandel\/wp-json\/wp\/v2\/tags?post=7297"}],"curies":[{"name":"wp","href":"https:\/\/api.w.org\/{rel}","templated":true}]}}