{"id":7283,"date":"2023-01-30T13:17:11","date_gmt":"2023-01-30T12:17:11","guid":{"rendered":"https:\/\/agora.xtec.cat\/escolapacocandel\/?p=7283"},"modified":"2024-03-06T15:26:33","modified_gmt":"2024-03-06T14:26:33","slug":"ambient-global-world","status":"publish","type":"post","link":"https:\/\/agora.xtec.cat\/escolapacocandel\/comunitat-de-grans\/ambient-global-world\/","title":{"rendered":"Ambient: Global World"},"content":{"rendered":"<p style=\"text-align: justify;\">L\u2019ambient d\u2019aprenentatge de<strong> GLOBAL WORLD<\/strong> \u00e9s un ambient destinat al treball de l\u2019\u00e0rea del Coneixement del Medi Natural, Social i Cultural, tot i que alhora permet desenvolupar altres aprenentatges relacionats amb altres \u00e0rees, fet que afavoreix a un aprenentatge interdisciplinari.<\/p>\n<p style=\"text-align: justify;\">A trav\u00e9s de les diverses propostes d\u2019aprenentatge es treballen les diferents caracter\u00edstiques de l\u2019entorn proper de l\u2019alumnat, com ara, el clima, el relleu, el territori de Catalunya i Espanya, les comarques i les prov\u00edncies, entre d\u2019altres. Sempre afavorint a l\u2019adquisici\u00f3 dels nous coneixements de forma gradual i guiada.<\/p>\n<p style=\"text-align: justify;\">Les propostes que trobem en aquest ambient s\u00f3n:<\/p>\n<ul style=\"text-align: justify;\">\n<li><strong>Gastronomia catalana<\/strong>: a partir de diferents aliments t\u00edpics de Catalunya, l\u2019alumnat haur\u00e0 d\u2019investigar i fer recerca sobre el seu lloc d\u2019origen i familiaritzar-se amb diferent tipologia de mapes.<\/li>\n<li><strong>Bus tur\u00edstic per Catalunya<\/strong>: descobrir i fer con\u00e8ixer a la resta de companys i companyes diferents llocs emblem\u00e0tics de Catalunya, aix\u00ed com la seva ubicaci\u00f3 i marcar el recorregut m\u00e9s adient amb transport p\u00fablic o privat. Com a producte final hauran d\u2019elaborar un tr\u00edptic, organitzant la informaci\u00f3 trobada d\u2019una manera llegible i ordenada.<\/li>\n<li><strong>En busca del tresor<\/strong>: con\u00e8ixer hist\u00f2ries incre\u00efbles sobre alguns bandolers i bandoleres que assetjaven el territori catal\u00e0 fa anys enrere i ajudar-los a partir de diferents pistes a trobar el recorregut que els portar\u00e0 fins el tresor amagat en alguna comarca de Catalunya!<\/li>\n<li><strong>Esports d\u2019aventura, fem r\u00e0fting!<\/strong>: on es practica el r\u00e0fting? Quan es pot practicar? Hi ha un munt de dubtes i preguntes per resoldre. Entendre per qu\u00e8 el r\u00e0fting es practica al llarg de la \u201cfaldilla\u201d\/vessant d\u2019una muntanya o que la millor \u00e8poca per practicar aquest esport \u00e9s a la primavera, s\u00f3n algunes de les q\u00fcestions que es plantegen.<\/li>\n<li><strong>Aquest estiu em remullo<\/strong>: a partir de diferents esports d\u2019aigua descobrirem els diferents tipus de comarques segons la seva ubicaci\u00f3 (costa, plana i muntanya). Tamb\u00e9 llegirem diferents tipologies textuals per saber buscar i entendre la informaci\u00f3 que es presenta.<\/li>\n<li><strong>Viatge al voltant d\u2019Espanya:<\/strong> con\u00e8ixer el territori d\u2019Espanya, les comunitats aut\u00f2nomes i les prov\u00edncies a partir d\u2019un mapa pol\u00edtic. Fer servir diferents aplicacions tecnol\u00f2giques que ens ajudin a obtenir informaci\u00f3 sobre la dist\u00e0ncia i els mitjans de transports entre diferents punts i crear una maqueta amb volum sobre el territori escollit.<\/li>\n<li><strong>Poblaci\u00f3:<\/strong> interpretar diferents pir\u00e0mides de poblaci\u00f3, con\u00e8ixer les caracter\u00edstiques de la poblaci\u00f3 segons el lloc triat i comparar entre diferents pa\u00efsos o ciutats! Una proposta molt interessant per entendre com \u00e9s el desenvolupament de la poblaci\u00f3.<\/li>\n<li><strong>Governarem el m\u00f3n:<\/strong> con\u00e8ixer el nostre sistema de govern, les figures que el formen i el seu funcionament a partir d\u2019un joc de taula, amb l\u2019objectiu final de proposar i fer arribar per correu electr\u00f2nic propostes de millora pel nostre barri.<\/li>\n<li><strong>Clima:<\/strong> quina difer\u00e8ncia hi ha entre clima i temps? Fa el mateix clima aqu\u00ed a l\u2019Hospitalet del Llobregat, que en una altra escola situada en un poble d\u2019Am\u00e8rica de Sud? Aquestes s\u00f3n algunes de les q\u00fcestions que l\u2019alumnat haur\u00e0 d\u2019anar resolent per entendre els diferents climes que hi ha i com s\u2019organitza un viatge al voltant del m\u00f3n, tenint en compte les difer\u00e8ncies clim\u00e0tiques.<\/li>\n<li><strong>Canvi clim\u00e0tic:<\/strong> a partir d\u2019un experiment descobrirem que \u00e9s l\u2019efecte hivernacle i podrem arribar a entendre quines s\u00f3n les causes del canvi clim\u00e0tic i quines conseq\u00fc\u00e8ncies t\u00e9 en aquest moment i quines podr\u00e0 tenir en un futur no molt lluny\u00e0. A m\u00e9s a m\u00e9s de desenvolupar una actitud de respecte envers el m\u00f3n que ens envolta.<\/li>\n<li><strong>Bon voyage:<\/strong> hem d\u2019organitzar un viatge, per\u00f2 abans de triar un pa\u00eds, caldr\u00e0 fer una recerca i comparar l\u2019estil de vida, el nivell socioecon\u00f2mic i la moneda oficial de diferents pa\u00efsos. Tamb\u00e9 es posaran en pr\u00e0ctica els coneixements sobre la lectura de diferents tipus de gr\u00e0fics i la creaci\u00f3 d\u2019aquests.<\/li>\n<\/ul>\n\n\t\t<style type=\"text\/css\">\n\t\t\t#gallery-1 {\n\t\t\t\tmargin: auto;\n\t\t\t}\n\t\t\t#gallery-1 .gallery-item {\n\t\t\t\tfloat: left;\n\t\t\t\tmargin-top: 10px;\n\t\t\t\ttext-align: center;\n\t\t\t\twidth: 20%;\n\t\t\t}\n\t\t\t#gallery-1 img {\n\t\t\t\tborder: 2px solid #cfcfcf;\n\t\t\t}\n\t\t\t#gallery-1 .gallery-caption {\n\t\t\t\tmargin-left: 0;\n\t\t\t}\n\t\t\t\/* see gallery_shortcode() in wp-includes\/media.php *\/\n\t\t<\/style>\n\t\t<div id='gallery-1' class='gallery galleryid-7283 gallery-columns-5 gallery-size-medium'><dl class='gallery-item'>\n\t\t\t<dt class='gallery-icon portrait'>\n\t\t\t\t<img loading=\"lazy\" decoding=\"async\" width=\"225\" height=\"300\" src=\"https:\/\/agora.xtec.cat\/escolapacocandel\/wp-content\/uploads\/usu332\/2023\/01\/WhatsApp-Image-2023-01-30-at-13.09.50-225x300.jpeg\" class=\"attachment-medium size-medium\" alt=\"\" aria-describedby=\"gallery-1-7288\" srcset=\"https:\/\/agora.xtec.cat\/escolapacocandel\/wp-content\/uploads\/usu332\/2023\/01\/WhatsApp-Image-2023-01-30-at-13.09.50-225x300.jpeg 225w, https:\/\/agora.xtec.cat\/escolapacocandel\/wp-content\/uploads\/usu332\/2023\/01\/WhatsApp-Image-2023-01-30-at-13.09.50.jpeg 768w\" sizes=\"auto, (max-width: 225px) 100vw, 225px\" \/>\n\t\t\t<\/dt>\n\t\t\t\t<dd class='wp-caption-text gallery-caption' id='gallery-1-7288'>\n\t\t\t\tDiferents mapes \n\t\t\t\t<\/dd><\/dl><dl class='gallery-item'>\n\t\t\t<dt class='gallery-icon portrait'>\n\t\t\t\t<img loading=\"lazy\" decoding=\"async\" width=\"225\" height=\"300\" src=\"https:\/\/agora.xtec.cat\/escolapacocandel\/wp-content\/uploads\/usu332\/2023\/01\/WhatsApp-Image-2023-01-30-at-13.09.51-225x300.jpeg\" class=\"attachment-medium size-medium\" alt=\"\" aria-describedby=\"gallery-1-7287\" srcset=\"https:\/\/agora.xtec.cat\/escolapacocandel\/wp-content\/uploads\/usu332\/2023\/01\/WhatsApp-Image-2023-01-30-at-13.09.51-225x300.jpeg 225w, https:\/\/agora.xtec.cat\/escolapacocandel\/wp-content\/uploads\/usu332\/2023\/01\/WhatsApp-Image-2023-01-30-at-13.09.51.jpeg 768w\" sizes=\"auto, (max-width: 225px) 100vw, 225px\" \/>\n\t\t\t<\/dt>\n\t\t\t\t<dd class='wp-caption-text gallery-caption' id='gallery-1-7287'>\n\t\t\t\tTrenca-closques magn\u00e8tic\n\t\t\t\t<\/dd><\/dl><dl class='gallery-item'>\n\t\t\t<dt class='gallery-icon portrait'>\n\t\t\t\t<img loading=\"lazy\" decoding=\"async\" width=\"225\" height=\"300\" src=\"https:\/\/agora.xtec.cat\/escolapacocandel\/wp-content\/uploads\/usu332\/2023\/01\/WhatsApp-Image-2023-01-30-at-13.09.51-1-225x300.jpeg\" class=\"attachment-medium size-medium\" alt=\"\" aria-describedby=\"gallery-1-7286\" srcset=\"https:\/\/agora.xtec.cat\/escolapacocandel\/wp-content\/uploads\/usu332\/2023\/01\/WhatsApp-Image-2023-01-30-at-13.09.51-1-225x300.jpeg 225w, https:\/\/agora.xtec.cat\/escolapacocandel\/wp-content\/uploads\/usu332\/2023\/01\/WhatsApp-Image-2023-01-30-at-13.09.51-1.jpeg 768w\" sizes=\"auto, (max-width: 225px) 100vw, 225px\" \/>\n\t\t\t<\/dt>\n\t\t\t\t<dd class='wp-caption-text gallery-caption' id='gallery-1-7286'>\n\t\t\t\tOn volem anar de viatge?\n\t\t\t\t<\/dd><\/dl><dl class='gallery-item'>\n\t\t\t<dt class='gallery-icon portrait'>\n\t\t\t\t<img loading=\"lazy\" decoding=\"async\" width=\"225\" height=\"300\" src=\"https:\/\/agora.xtec.cat\/escolapacocandel\/wp-content\/uploads\/usu332\/2023\/01\/WhatsApp-Image-2023-01-30-at-13.09.51-2-225x300.jpeg\" class=\"attachment-medium size-medium\" alt=\"\" aria-describedby=\"gallery-1-7285\" srcset=\"https:\/\/agora.xtec.cat\/escolapacocandel\/wp-content\/uploads\/usu332\/2023\/01\/WhatsApp-Image-2023-01-30-at-13.09.51-2-225x300.jpeg 225w, https:\/\/agora.xtec.cat\/escolapacocandel\/wp-content\/uploads\/usu332\/2023\/01\/WhatsApp-Image-2023-01-30-at-13.09.51-2.jpeg 768w\" sizes=\"auto, (max-width: 225px) 100vw, 225px\" \/>\n\t\t\t<\/dt>\n\t\t\t\t<dd class='wp-caption-text gallery-caption' id='gallery-1-7285'>\n\t\t\t\tMaqueta d&#8217;Espanya\n\t\t\t\t<\/dd><\/dl><dl class='gallery-item'>\n\t\t\t<dt class='gallery-icon portrait'>\n\t\t\t\t<img loading=\"lazy\" decoding=\"async\" width=\"183\" height=\"300\" src=\"https:\/\/agora.xtec.cat\/escolapacocandel\/wp-content\/uploads\/usu332\/2023\/01\/WhatsApp-Image-2023-01-30-at-13.09.51-3-183x300.jpeg\" class=\"attachment-medium size-medium\" alt=\"\" aria-describedby=\"gallery-1-7284\" srcset=\"https:\/\/agora.xtec.cat\/escolapacocandel\/wp-content\/uploads\/usu332\/2023\/01\/WhatsApp-Image-2023-01-30-at-13.09.51-3-183x300.jpeg 183w, https:\/\/agora.xtec.cat\/escolapacocandel\/wp-content\/uploads\/usu332\/2023\/01\/WhatsApp-Image-2023-01-30-at-13.09.51-3.jpeg 625w\" sizes=\"auto, (max-width: 183px) 100vw, 183px\" \/>\n\t\t\t<\/dt>\n\t\t\t\t<dd class='wp-caption-text gallery-caption' id='gallery-1-7284'>\n\t\t\t\tLlocs emblem\u00e0tics\n\t\t\t\t<\/dd><\/dl><br style=\"clear: both\" \/>\n\t\t<\/div>\n\n","protected":false},"excerpt":{"rendered":"<p>L\u2019ambient d\u2019aprenentatge de GLOBAL WORLD \u00e9s un ambient destinat al treball de l\u2019\u00e0rea del Coneixement del Medi Natural, Social i Cultural, tot i que alhora permet desenvolupar altres aprenentatges relacionats amb altres \u00e0rees, fet que afavoreix a un aprenentatge interdisciplinari.<br \/>\nA trav\u00e9s de les diverses propostes&hellip;  <a href=\"https:\/\/agora.xtec.cat\/escolapacocandel\/comunitat-de-grans\/ambient-global-world\/\" title=\"Read Ambient: Global World\">Llegeix m\u00e9s\u00bb<\/a><\/p>\n","protected":false},"author":18,"featured_media":7287,"comment_status":"open","ping_status":"closed","sticky":false,"template":"","format":"standard","meta":{"_bbp_topic_count":0,"_bbp_reply_count":0,"_bbp_total_topic_count":0,"_bbp_total_reply_count":0,"_bbp_voice_count":0,"_bbp_anonymous_reply_count":0,"_bbp_topic_count_hidden":0,"_bbp_reply_count_hidden":0,"_bbp_forum_subforum_count":0,"footnotes":""},"categories":[129],"tags":[],"class_list":["post-7283","post","type-post","status-publish","format-standard","has-post-thumbnail","hentry","category-comunitat-de-grans"],"post_mailing_queue_ids":[],"_links":{"self":[{"href":"https:\/\/agora.xtec.cat\/escolapacocandel\/wp-json\/wp\/v2\/posts\/7283","targetHints":{"allow":["GET"]}}],"collection":[{"href":"https:\/\/agora.xtec.cat\/escolapacocandel\/wp-json\/wp\/v2\/posts"}],"about":[{"href":"https:\/\/agora.xtec.cat\/escolapacocandel\/wp-json\/wp\/v2\/types\/post"}],"author":[{"embeddable":true,"href":"https:\/\/agora.xtec.cat\/escolapacocandel\/wp-json\/wp\/v2\/users\/18"}],"replies":[{"embeddable":true,"href":"https:\/\/agora.xtec.cat\/escolapacocandel\/wp-json\/wp\/v2\/comments?post=7283"}],"version-history":[{"count":3,"href":"https:\/\/agora.xtec.cat\/escolapacocandel\/wp-json\/wp\/v2\/posts\/7283\/revisions"}],"predecessor-version":[{"id":9076,"href":"https:\/\/agora.xtec.cat\/escolapacocandel\/wp-json\/wp\/v2\/posts\/7283\/revisions\/9076"}],"wp:featuredmedia":[{"embeddable":true,"href":"https:\/\/agora.xtec.cat\/escolapacocandel\/wp-json\/wp\/v2\/media\/7287"}],"wp:attachment":[{"href":"https:\/\/agora.xtec.cat\/escolapacocandel\/wp-json\/wp\/v2\/media?parent=7283"}],"wp:term":[{"taxonomy":"category","embeddable":true,"href":"https:\/\/agora.xtec.cat\/escolapacocandel\/wp-json\/wp\/v2\/categories?post=7283"},{"taxonomy":"post_tag","embeddable":true,"href":"https:\/\/agora.xtec.cat\/escolapacocandel\/wp-json\/wp\/v2\/tags?post=7283"}],"curies":[{"name":"wp","href":"https:\/\/api.w.org\/{rel}","templated":true}]}}