{"id":7255,"date":"2023-01-18T16:32:03","date_gmt":"2023-01-18T15:32:03","guid":{"rendered":"https:\/\/agora.xtec.cat\/escolapacocandel\/?p=7255"},"modified":"2023-11-09T13:53:08","modified_gmt":"2023-11-09T12:53:08","slug":"cantania-2023","status":"publish","type":"post","link":"https:\/\/agora.xtec.cat\/escolapacocandel\/comunitat-de-grans\/cantania-2023\/","title":{"rendered":"Cant\u00e0nia 2023"},"content":{"rendered":"<p>Nenes i nens de 5\u00e8,<\/p>\n<p>Aqu\u00ed us deixo l&#8217;enlla\u00e7 amb el v\u00eddeo de les can\u00e7ons de la Cant\u00e0nia. Aquests v\u00eddeos tenen la lletra, per tant podeu fer karaoke. Tamb\u00e9 aprofito per deixar-vos l&#8217;enlla\u00e7 a Soundcloud on tamb\u00e9 les podeu escoltar.<\/p>\n<p>Gaudiu-les<\/p>\n<p><strong>V\u00cdDEOS<\/strong><\/p>\n<ol>\n<li><a href=\"https:\/\/www.youtube.com\/watch?v=nxyurm2Ci-k&amp;t=50s\">UN M\u00d3N ESTRANY<\/a><\/li>\n<\/ol>\n<p>3. <a href=\"https:\/\/www.youtube.com\/watch?v=Qjxf2n4AJb8\">LA CRIDA DE LES COSES<\/a><\/p>\n<p>5. <a href=\"https:\/\/www.youtube.com\/watch?v=XJTZBa0INcU\">DES DE LA FINESTRA<\/a><\/p>\n<p>6. <a href=\"https:\/\/www.youtube.com\/watch?v=Os9B-GsfcPg&amp;t=115s\">EL M\u00d3N SEGONS DANIEL<\/a><\/p>\n<p>7. <a href=\"https:\/\/www.youtube.com\/watch?v=GlHAfXdCNsQ\">DI\u00c0LEG PREVI \u00cdNDIA<\/a><\/p>\n<p>8. <a href=\"https:\/\/www.youtube.com\/watch?v=C1_RgDYPoj4\">L&#8217;ORIGEN DE LA HUMANITAT<\/a><\/p>\n<p>9. <a href=\"https:\/\/www.youtube.com\/watch?v=GI7VW_2u-R0&amp;t=1s\">DI\u00c0LEG PREVI \u00c0FRICA<\/a><\/p>\n<p>10. <a href=\"https:\/\/www.youtube.com\/watch?v=6Ma4krJSMrc\">EL GRAN VIATGE DE KEITA<\/a><\/p>\n<p>11. <a href=\"https:\/\/www.youtube.com\/watch?v=SF1jtCRlB08\">UN SOL M\u00d3N<\/a><\/p>\n<p>12. <a href=\"https:\/\/www.youtube.com\/watch?v=wY-hFj9IHAs\">LES PORTES DEL M\u00d3N<\/a><\/p>\n<p>13. <a href=\"https:\/\/www.youtube.com\/watch?v=gcNhPpMzisc\">LES OCASIONS PERDUDES<\/a><\/p>\n<p>15. <a href=\"https:\/\/www.youtube.com\/watch?v=7uDsj1ECH-M\">EL VIATGE DE LA VIDA<\/a><\/p>\n<p style=\"text-align: center;\"><strong>ENLLA\u00c7 SOUNDCLOUD<\/strong><\/p>\n<p><a href=\"https:\/\/soundcloud.com\/lauditori\/sets\/cantania-les-portes-del-mon-raquel-garcia-tomas\/s-jGDiXOETZJp\"><img loading=\"lazy\" decoding=\"async\" class=\"size-medium wp-image-7259 aligncenter\" src=\"https:\/\/agora.xtec.cat\/escolapacocandel\/wp-content\/uploads\/usu332\/2023\/01\/Captura-2-300x178.png\" alt=\"\" width=\"300\" height=\"178\" srcset=\"https:\/\/agora.xtec.cat\/escolapacocandel\/wp-content\/uploads\/usu332\/2023\/01\/Captura-2-300x178.png 300w, https:\/\/agora.xtec.cat\/escolapacocandel\/wp-content\/uploads\/usu332\/2023\/01\/Captura-2.png 516w\" sizes=\"auto, (max-width: 300px) 100vw, 300px\" \/><\/a><\/p>\n<p>&nbsp;<\/p>\n<p>&nbsp;<\/p>\n<p>&nbsp;<\/p>\n","protected":false},"excerpt":{"rendered":"<p>Nenes i nens de 5\u00e8,<br \/>\nAqu\u00ed us deixo l&#8217;enlla\u00e7 amb el v\u00eddeo de les can\u00e7ons de la Cant\u00e0nia. Aquests v\u00eddeos tenen la lletra, per tant podeu fer karaoke. Tamb\u00e9 aprofito per deixar-vos l&#8217;enlla\u00e7 a Soundcloud on tamb\u00e9 les podeu escoltar.<br \/>\nGaudiu-les<br \/>\nV\u00cdDEOS<\/p>\n<ol>\n<li><a href=\"https:\/\/www.youtube.com\/watch?v=nxyurm2Ci-k&amp;t=50s\">UN M\u00d3N ESTRANY<\/a><\/li>\n<\/ol>\n<p>3. <a href=\"https:\/\/www.youtube.com\/watch?v=Qjxf2n4AJb8\">LA CRIDA&hellip;  <a href=\"https:\/\/agora.xtec.cat\/escolapacocandel\/comunitat-de-grans\/cantania-2023\/\" title=\"Read Cant\u00e0nia 2023\">Llegeix m\u00e9s\u00bb<\/a><\/p>\n","protected":false},"author":22,"featured_media":7256,"comment_status":"open","ping_status":"closed","sticky":false,"template":"","format":"standard","meta":{"_bbp_topic_count":0,"_bbp_reply_count":0,"_bbp_total_topic_count":0,"_bbp_total_reply_count":0,"_bbp_voice_count":0,"_bbp_anonymous_reply_count":0,"_bbp_topic_count_hidden":0,"_bbp_reply_count_hidden":0,"_bbp_forum_subforum_count":0,"footnotes":""},"categories":[144,129],"tags":[],"class_list":["post-7255","post","type-post","status-publish","format-standard","has-post-thumbnail","hentry","category-5e","category-comunitat-de-grans"],"post_mailing_queue_ids":[],"_links":{"self":[{"href":"https:\/\/agora.xtec.cat\/escolapacocandel\/wp-json\/wp\/v2\/posts\/7255","targetHints":{"allow":["GET"]}}],"collection":[{"href":"https:\/\/agora.xtec.cat\/escolapacocandel\/wp-json\/wp\/v2\/posts"}],"about":[{"href":"https:\/\/agora.xtec.cat\/escolapacocandel\/wp-json\/wp\/v2\/types\/post"}],"author":[{"embeddable":true,"href":"https:\/\/agora.xtec.cat\/escolapacocandel\/wp-json\/wp\/v2\/users\/22"}],"replies":[{"embeddable":true,"href":"https:\/\/agora.xtec.cat\/escolapacocandel\/wp-json\/wp\/v2\/comments?post=7255"}],"version-history":[{"count":3,"href":"https:\/\/agora.xtec.cat\/escolapacocandel\/wp-json\/wp\/v2\/posts\/7255\/revisions"}],"predecessor-version":[{"id":7335,"href":"https:\/\/agora.xtec.cat\/escolapacocandel\/wp-json\/wp\/v2\/posts\/7255\/revisions\/7335"}],"wp:featuredmedia":[{"embeddable":true,"href":"https:\/\/agora.xtec.cat\/escolapacocandel\/wp-json\/wp\/v2\/media\/7256"}],"wp:attachment":[{"href":"https:\/\/agora.xtec.cat\/escolapacocandel\/wp-json\/wp\/v2\/media?parent=7255"}],"wp:term":[{"taxonomy":"category","embeddable":true,"href":"https:\/\/agora.xtec.cat\/escolapacocandel\/wp-json\/wp\/v2\/categories?post=7255"},{"taxonomy":"post_tag","embeddable":true,"href":"https:\/\/agora.xtec.cat\/escolapacocandel\/wp-json\/wp\/v2\/tags?post=7255"}],"curies":[{"name":"wp","href":"https:\/\/api.w.org\/{rel}","templated":true}]}}