{"id":7242,"date":"2023-01-09T11:06:36","date_gmt":"2023-01-09T10:06:36","guid":{"rendered":"https:\/\/agora.xtec.cat\/escolapacocandel\/?p=7242"},"modified":"2023-11-09T13:52:47","modified_gmt":"2023-11-09T12:52:47","slug":"aprenem-a-afinar-lukelele","status":"publish","type":"post","link":"https:\/\/agora.xtec.cat\/escolapacocandel\/comunitat-de-grans\/aprenem-a-afinar-lukelele\/","title":{"rendered":"Aprenem a afinar l&#8217;Ukelele"},"content":{"rendered":"<p>Infants de 5\u00e8 i 6\u00e8 us deixo un v\u00eddeo tutorial per afinar l&#8217;ukelele. Aquests dies a l&#8217;aula ho anirem practicant, per\u00f2 per si alg\u00fa de vosaltres vol pot aprofitar aquest recurs.<\/p>\n<p>Recordeu! Podeu afinar amb un afinador de pin\u00e7a o amb el programa GUITARTUNA.<\/p>\n<p><a href=\"https:\/\/www.youtube.com\/watch?v=MWEjX9DiesA\">V\u00cdDEO COM AFINAR L&#8217;UKELELE<\/a><\/p>\n<p><a href=\"https:\/\/www.youtube.com\/watch?v=MWEjX9DiesA\"><img loading=\"lazy\" decoding=\"async\" class=\"size-medium wp-image-7243 alignleft\" src=\"https:\/\/agora.xtec.cat\/escolapacocandel\/wp-content\/uploads\/usu332\/2023\/01\/19c1f5e1-91ed-4201-a1f1-b1e70dbd8664-225x300.jpg\" alt=\"\" width=\"225\" height=\"300\" srcset=\"https:\/\/agora.xtec.cat\/escolapacocandel\/wp-content\/uploads\/usu332\/2023\/01\/19c1f5e1-91ed-4201-a1f1-b1e70dbd8664-225x300.jpg 225w, https:\/\/agora.xtec.cat\/escolapacocandel\/wp-content\/uploads\/usu332\/2023\/01\/19c1f5e1-91ed-4201-a1f1-b1e70dbd8664.jpg 768w\" sizes=\"auto, (max-width: 225px) 100vw, 225px\" \/><\/a><a href=\"https:\/\/agora.xtec.cat\/escolapacocandel\/wp-content\/uploads\/usu332\/2023\/01\/NOTES-A-lukelele.png\"><img loading=\"lazy\" decoding=\"async\" class=\"alignnone size-medium wp-image-7567\" src=\"https:\/\/agora.xtec.cat\/escolapacocandel\/wp-content\/uploads\/usu332\/2023\/01\/NOTES-A-lukelele-212x300.png\" alt=\"\" width=\"212\" height=\"300\" srcset=\"https:\/\/agora.xtec.cat\/escolapacocandel\/wp-content\/uploads\/usu332\/2023\/01\/NOTES-A-lukelele-212x300.png 212w, https:\/\/agora.xtec.cat\/escolapacocandel\/wp-content\/uploads\/usu332\/2023\/01\/NOTES-A-lukelele-724x1024.png 724w, https:\/\/agora.xtec.cat\/escolapacocandel\/wp-content\/uploads\/usu332\/2023\/01\/NOTES-A-lukelele-768x1086.png 768w, https:\/\/agora.xtec.cat\/escolapacocandel\/wp-content\/uploads\/usu332\/2023\/01\/NOTES-A-lukelele-1086x1536.png 1086w, https:\/\/agora.xtec.cat\/escolapacocandel\/wp-content\/uploads\/usu332\/2023\/01\/NOTES-A-lukelele.png 1414w\" sizes=\"auto, (max-width: 212px) 100vw, 212px\" \/><\/a><\/p>\n","protected":false},"excerpt":{"rendered":"<p>Infants de 5\u00e8 i 6\u00e8 us deixo un v\u00eddeo tutorial per afinar l&#8217;ukelele. Aquests dies a l&#8217;aula ho anirem practicant, per\u00f2 per si alg\u00fa de vosaltres vol pot aprofitar aquest recurs.<br \/>\nRecordeu! Podeu afinar amb un afinador de pin\u00e7a o amb el programa GUITARTUNA.<br \/>\n<a href=\"https:\/\/www.youtube.com\/watch?v=MWEjX9DiesA\">V\u00cdDEO COM&hellip;  <a href=\"https:\/\/agora.xtec.cat\/escolapacocandel\/comunitat-de-grans\/aprenem-a-afinar-lukelele\/\" title=\"Read Aprenem a afinar l&#8217;Ukelele\">Llegeix m\u00e9s\u00bb<\/a><\/p>\n","protected":false},"author":22,"featured_media":7243,"comment_status":"open","ping_status":"closed","sticky":false,"template":"","format":"standard","meta":{"_bbp_topic_count":0,"_bbp_reply_count":0,"_bbp_total_topic_count":0,"_bbp_total_reply_count":0,"_bbp_voice_count":0,"_bbp_anonymous_reply_count":0,"_bbp_topic_count_hidden":0,"_bbp_reply_count_hidden":0,"_bbp_forum_subforum_count":0,"footnotes":""},"categories":[144,129,146],"tags":[],"class_list":["post-7242","post","type-post","status-publish","format-standard","has-post-thumbnail","hentry","category-5e","category-comunitat-de-grans","category-6e"],"post_mailing_queue_ids":[],"_links":{"self":[{"href":"https:\/\/agora.xtec.cat\/escolapacocandel\/wp-json\/wp\/v2\/posts\/7242","targetHints":{"allow":["GET"]}}],"collection":[{"href":"https:\/\/agora.xtec.cat\/escolapacocandel\/wp-json\/wp\/v2\/posts"}],"about":[{"href":"https:\/\/agora.xtec.cat\/escolapacocandel\/wp-json\/wp\/v2\/types\/post"}],"author":[{"embeddable":true,"href":"https:\/\/agora.xtec.cat\/escolapacocandel\/wp-json\/wp\/v2\/users\/22"}],"replies":[{"embeddable":true,"href":"https:\/\/agora.xtec.cat\/escolapacocandel\/wp-json\/wp\/v2\/comments?post=7242"}],"version-history":[{"count":3,"href":"https:\/\/agora.xtec.cat\/escolapacocandel\/wp-json\/wp\/v2\/posts\/7242\/revisions"}],"predecessor-version":[{"id":7568,"href":"https:\/\/agora.xtec.cat\/escolapacocandel\/wp-json\/wp\/v2\/posts\/7242\/revisions\/7568"}],"wp:featuredmedia":[{"embeddable":true,"href":"https:\/\/agora.xtec.cat\/escolapacocandel\/wp-json\/wp\/v2\/media\/7243"}],"wp:attachment":[{"href":"https:\/\/agora.xtec.cat\/escolapacocandel\/wp-json\/wp\/v2\/media?parent=7242"}],"wp:term":[{"taxonomy":"category","embeddable":true,"href":"https:\/\/agora.xtec.cat\/escolapacocandel\/wp-json\/wp\/v2\/categories?post=7242"},{"taxonomy":"post_tag","embeddable":true,"href":"https:\/\/agora.xtec.cat\/escolapacocandel\/wp-json\/wp\/v2\/tags?post=7242"}],"curies":[{"name":"wp","href":"https:\/\/api.w.org\/{rel}","templated":true}]}}