{"id":7224,"date":"2022-12-21T11:00:58","date_gmt":"2022-12-21T10:00:58","guid":{"rendered":"https:\/\/agora.xtec.cat\/escolapacocandel\/?p=7224"},"modified":"2022-12-21T11:06:44","modified_gmt":"2022-12-21T10:06:44","slug":"experiments","status":"publish","type":"post","link":"https:\/\/agora.xtec.cat\/escolapacocandel\/comunitat-de-mitjans\/experiments\/","title":{"rendered":"EXPERIMENTS!!"},"content":{"rendered":"<p style=\"text-align: justify;\">A la classe de primer, van decidir ser <em><strong>la classe dels Experiments<\/strong><\/em>. No va ser f\u00e0cil arribar aquest nom, ja que hi havia propostes molt interessants i moltes ens agradaven. <a href=\"https:\/\/agora.xtec.cat\/escolapacocandel\/wp-content\/uploads\/usu332\/2022\/12\/votacio.jpg\"><img loading=\"lazy\" decoding=\"async\" class=\"wp-image-7231 alignleft\" src=\"https:\/\/agora.xtec.cat\/escolapacocandel\/wp-content\/uploads\/usu332\/2022\/12\/votacio.jpg\" alt=\"\" width=\"281\" height=\"162\" srcset=\"https:\/\/agora.xtec.cat\/escolapacocandel\/wp-content\/uploads\/usu332\/2022\/12\/votacio.jpg 846w, https:\/\/agora.xtec.cat\/escolapacocandel\/wp-content\/uploads\/usu332\/2022\/12\/votacio-300x173.jpg 300w, https:\/\/agora.xtec.cat\/escolapacocandel\/wp-content\/uploads\/usu332\/2022\/12\/votacio-768x444.jpg 768w\" sizes=\"auto, (max-width: 281px) 100vw, 281px\" \/><\/a>Despr\u00e9s de dues voltes de votaci\u00f3, va sortir aquest nom per nom\u00e9s un vot de difer\u00e8ncia. A partir d&#8217;aqu\u00ed ens vam posar a investigar sobre aquest tema. Teniem moltes ganes de fer molts experiments!!!<\/p>\n<p style=\"text-align: justify;\">El primer que vam fer va ser preguntar-nos qui fa els experiments i perqu\u00e8 els fan. Vam descobrir que s\u00f3n les <strong>cient\u00edfiques i els cient\u00edfics<\/strong> i que es fan moltes preguntes per entendre com funciona el nostre m\u00f3n.<\/p>\n<p style=\"text-align: justify;\">Despr\u00e9s vam treballar una mica com els experts i vam aprendre que cal un m\u00e8tode per investigar i experimentar. \u00c9s el que s&#8217;anomena <strong>m\u00e8tode cient\u00edfic<\/strong>. Que no \u00e9s nom\u00e9s posar-se a fer coses. Primer cal observar molt b\u00e9 i fer-se bones preguntes, despr\u00e9s cal investigar i buscar els materials per posar-se a experimentar, i finalment cal analitzar els resultats per poder comprovar les hip\u00f2tesis i treure les conclusions.<\/p>\n<p style=\"text-align: justify;\">Al llarg\u00a0del trimestre\u00a0vam fer diferents <strong>experiments<\/strong>:<\/p>\n<p>-Amb els<strong> color<\/strong>s: per veure com dels tres colors\u00a0primaris\u00a0podem obtenir tota la resta de la paleta de colors.<\/p>\n<p><a href=\"https:\/\/agora.xtec.cat\/escolapacocandel\/wp-content\/uploads\/usu332\/2022\/12\/colors.jpg\"><img loading=\"lazy\" decoding=\"async\" class=\"wp-image-7228 aligncenter\" src=\"https:\/\/agora.xtec.cat\/escolapacocandel\/wp-content\/uploads\/usu332\/2022\/12\/colors.jpg\" alt=\"\" width=\"411\" height=\"310\" srcset=\"https:\/\/agora.xtec.cat\/escolapacocandel\/wp-content\/uploads\/usu332\/2022\/12\/colors.jpg 892w, https:\/\/agora.xtec.cat\/escolapacocandel\/wp-content\/uploads\/usu332\/2022\/12\/colors-300x227.jpg 300w, https:\/\/agora.xtec.cat\/escolapacocandel\/wp-content\/uploads\/usu332\/2022\/12\/colors-768x580.jpg 768w, https:\/\/agora.xtec.cat\/escolapacocandel\/wp-content\/uploads\/usu332\/2022\/12\/colors-200x150.jpg 200w\" sizes=\"auto, (max-width: 411px) 100vw, 411px\" \/><\/a><br \/>\n-Amb l&#8217;<strong>aigua<\/strong>:\u00a0analitzant\u00a0una de les seves propietats la\u00a0CAPIL\u00b7LARITAT.<\/p>\n<p><a href=\"https:\/\/agora.xtec.cat\/escolapacocandel\/wp-content\/uploads\/usu332\/2022\/12\/aigua.jpg\"><img loading=\"lazy\" decoding=\"async\" class=\"wp-image-7226 aligncenter\" src=\"https:\/\/agora.xtec.cat\/escolapacocandel\/wp-content\/uploads\/usu332\/2022\/12\/aigua-1024x390.jpg\" alt=\"\" width=\"701\" height=\"267\" srcset=\"https:\/\/agora.xtec.cat\/escolapacocandel\/wp-content\/uploads\/usu332\/2022\/12\/aigua-1024x390.jpg 1024w, https:\/\/agora.xtec.cat\/escolapacocandel\/wp-content\/uploads\/usu332\/2022\/12\/aigua-300x114.jpg 300w, https:\/\/agora.xtec.cat\/escolapacocandel\/wp-content\/uploads\/usu332\/2022\/12\/aigua-768x292.jpg 768w, https:\/\/agora.xtec.cat\/escolapacocandel\/wp-content\/uploads\/usu332\/2022\/12\/aigua.jpg 1030w\" sizes=\"auto, (max-width: 701px) 100vw, 701px\" \/><\/a><br \/>\n-Amb\u00a0el <strong>magnetisme<\/strong>: preguntant-nos perqu\u00e8 hi ha materials que els\u00a0imants\u00a0atreuen i altres no.<\/p>\n<p><a href=\"https:\/\/agora.xtec.cat\/escolapacocandel\/wp-content\/uploads\/usu332\/2022\/12\/imans.jpg\"><img loading=\"lazy\" decoding=\"async\" class=\"wp-image-7229 aligncenter\" src=\"https:\/\/agora.xtec.cat\/escolapacocandel\/wp-content\/uploads\/usu332\/2022\/12\/imans-1024x345.jpg\" alt=\"\" width=\"688\" height=\"232\" srcset=\"https:\/\/agora.xtec.cat\/escolapacocandel\/wp-content\/uploads\/usu332\/2022\/12\/imans-1024x345.jpg 1024w, https:\/\/agora.xtec.cat\/escolapacocandel\/wp-content\/uploads\/usu332\/2022\/12\/imans-300x101.jpg 300w, https:\/\/agora.xtec.cat\/escolapacocandel\/wp-content\/uploads\/usu332\/2022\/12\/imans-768x259.jpg 768w, https:\/\/agora.xtec.cat\/escolapacocandel\/wp-content\/uploads\/usu332\/2022\/12\/imans.jpg 1094w\" sizes=\"auto, (max-width: 688px) 100vw, 688px\" \/><\/a><\/p>\n<p>-Amb l&#8217;<strong>aire<\/strong>: com utilitzar la for\u00e7a de l&#8217;aire<\/p>\n<p><a href=\"https:\/\/agora.xtec.cat\/escolapacocandel\/wp-content\/uploads\/usu332\/2022\/12\/aire.jpg\"><img loading=\"lazy\" decoding=\"async\" class=\"wp-image-7227 aligncenter\" src=\"https:\/\/agora.xtec.cat\/escolapacocandel\/wp-content\/uploads\/usu332\/2022\/12\/aire.jpg\" alt=\"\" width=\"283\" height=\"241\" srcset=\"https:\/\/agora.xtec.cat\/escolapacocandel\/wp-content\/uploads\/usu332\/2022\/12\/aire.jpg 644w, https:\/\/agora.xtec.cat\/escolapacocandel\/wp-content\/uploads\/usu332\/2022\/12\/aire-300x256.jpg 300w\" sizes=\"auto, (max-width: 283px) 100vw, 283px\" \/><\/a><\/p>\n<p>-Amb materials per\u00a0aconseguir\u00a0una <strong>reacci\u00f3 qu\u00edmica<\/strong>.<\/p>\n<p style=\"text-align: justify;\"><a href=\"https:\/\/agora.xtec.cat\/escolapacocandel\/wp-content\/uploads\/usu332\/2022\/12\/volca.png\"><img loading=\"lazy\" decoding=\"async\" class=\"wp-image-7230 aligncenter\" src=\"https:\/\/agora.xtec.cat\/escolapacocandel\/wp-content\/uploads\/usu332\/2022\/12\/volca-1024x380.png\" alt=\"\" width=\"706\" height=\"262\" srcset=\"https:\/\/agora.xtec.cat\/escolapacocandel\/wp-content\/uploads\/usu332\/2022\/12\/volca-1024x380.png 1024w, https:\/\/agora.xtec.cat\/escolapacocandel\/wp-content\/uploads\/usu332\/2022\/12\/volca-300x111.png 300w, https:\/\/agora.xtec.cat\/escolapacocandel\/wp-content\/uploads\/usu332\/2022\/12\/volca-768x285.png 768w, https:\/\/agora.xtec.cat\/escolapacocandel\/wp-content\/uploads\/usu332\/2022\/12\/volca.png 1074w\" sizes=\"auto, (max-width: 706px) 100vw, 706px\" \/><\/a><\/p>\n<p style=\"text-align: justify;\">Com a tancament del nostre projecte vam anar al Cosmocaixa a fer un taller amb el so i a experimentar a la sala gran amb els diferents EXPERIMENTS que s&#8217;hi proposen.<\/p>\n<p style=\"text-align: justify;\">Ens ho hem passat mot b\u00e9 tot investigant i hem apr\u00e8s molt, aix\u00ed i tot, encara ens queda moltes coses per aprendre; i per aix\u00f2 continuarem fent com les cient\u00edfiques i els cient\u00edfics i no deixarem de fer-nos bones preguntes per continuar aprenent sobre el nostre m\u00f3n.<\/p>\n","protected":false},"excerpt":{"rendered":"<p>A la classe de primer, van decidir ser la classe dels Experiments. No va ser f\u00e0cil arribar aquest nom, ja que hi havia propostes molt interessants i moltes ens agradaven. <a href=\"https:\/\/agora.xtec.cat\/escolapacocandel\/wp-content\/uploads\/usu332\/2022\/12\/votacio.jpg\"><\/a>Despr\u00e9s de dues voltes de votaci\u00f3, va sortir aquest nom per nom\u00e9s un vot&hellip;  <a href=\"https:\/\/agora.xtec.cat\/escolapacocandel\/comunitat-de-mitjans\/experiments\/\" title=\"Read EXPERIMENTS!!\">Llegeix m\u00e9s\u00bb<\/a><\/p>\n","protected":false},"author":1,"featured_media":0,"comment_status":"open","ping_status":"closed","sticky":false,"template":"","format":"standard","meta":{"_bbp_topic_count":0,"_bbp_reply_count":0,"_bbp_total_topic_count":0,"_bbp_total_reply_count":0,"_bbp_voice_count":0,"_bbp_anonymous_reply_count":0,"_bbp_topic_count_hidden":0,"_bbp_reply_count_hidden":0,"_bbp_forum_subforum_count":0,"footnotes":""},"categories":[127,140],"tags":[],"class_list":["post-7224","post","type-post","status-publish","format-standard","hentry","category-comunitat-de-mitjans","category-1r"],"post_mailing_queue_ids":[],"_links":{"self":[{"href":"https:\/\/agora.xtec.cat\/escolapacocandel\/wp-json\/wp\/v2\/posts\/7224","targetHints":{"allow":["GET"]}}],"collection":[{"href":"https:\/\/agora.xtec.cat\/escolapacocandel\/wp-json\/wp\/v2\/posts"}],"about":[{"href":"https:\/\/agora.xtec.cat\/escolapacocandel\/wp-json\/wp\/v2\/types\/post"}],"author":[{"embeddable":true,"href":"https:\/\/agora.xtec.cat\/escolapacocandel\/wp-json\/wp\/v2\/users\/1"}],"replies":[{"embeddable":true,"href":"https:\/\/agora.xtec.cat\/escolapacocandel\/wp-json\/wp\/v2\/comments?post=7224"}],"version-history":[{"count":3,"href":"https:\/\/agora.xtec.cat\/escolapacocandel\/wp-json\/wp\/v2\/posts\/7224\/revisions"}],"predecessor-version":[{"id":7236,"href":"https:\/\/agora.xtec.cat\/escolapacocandel\/wp-json\/wp\/v2\/posts\/7224\/revisions\/7236"}],"wp:attachment":[{"href":"https:\/\/agora.xtec.cat\/escolapacocandel\/wp-json\/wp\/v2\/media?parent=7224"}],"wp:term":[{"taxonomy":"category","embeddable":true,"href":"https:\/\/agora.xtec.cat\/escolapacocandel\/wp-json\/wp\/v2\/categories?post=7224"},{"taxonomy":"post_tag","embeddable":true,"href":"https:\/\/agora.xtec.cat\/escolapacocandel\/wp-json\/wp\/v2\/tags?post=7224"}],"curies":[{"name":"wp","href":"https:\/\/api.w.org\/{rel}","templated":true}]}}