{"id":7215,"date":"2022-12-20T17:42:42","date_gmt":"2022-12-20T16:42:42","guid":{"rendered":"https:\/\/agora.xtec.cat\/escolapacocandel\/?p=7215"},"modified":"2023-11-09T13:48:23","modified_gmt":"2023-11-09T12:48:23","slug":"projecte-actors-i-actrius","status":"publish","type":"post","link":"https:\/\/agora.xtec.cat\/escolapacocandel\/comunitat-de-mitjans\/2n\/projecte-actors-i-actrius\/","title":{"rendered":"PROJECTE ACTORS I ACTRIUS"},"content":{"rendered":"<p><span style=\"font-weight: 400;\">Benvolgudes fam\u00edlies de la classe dels actors i les actrius,<\/span><\/p>\n<p><span style=\"font-weight: 400;\">Ja hem acabat el projecte d&#8217;aquest primer trimestre i us volem explicar una mica el que hem treballat perqu\u00e8 us adoneu de tot el que hem apr\u00e8s!!!!<\/span><\/p>\n<p><span style=\"font-weight: 400;\">El primer que vam fer, gr\u00e0cies a l&#8217;exposici\u00f3 que ens va fer l&#8217;Asier va ser investigar sobre la hist\u00f2ria del cinema. Vam fer una l\u00ednia del temps per entendre-ho millor i veure com abans les pel\u00b7l\u00edcules eren mudes i en blanc i negre.<\/span><\/p>\n<p><span style=\"font-weight: 400;\">La seg\u00fcent activitat que va sorgir, va ser posar en com\u00fa i fer una pluja d&#8217;idees sobre els tipus de pel\u00b7l\u00edcules que coneixem. Uns van dir que hi ha de dibuixos, n&#8217;hi ha que ens fan por o riure&#8230; i aix\u00ed vam comen\u00e7ar a investigar sobre els g\u00e8neres cinematogr\u00e0fics.<\/span><\/p>\n<p><span style=\"font-weight: 400;\">Un dia, l&#8217;Ona Regal\u00f3n ens va portar una figura d&#8217;\u00d2scar que tenia a casa seva. Alguns no sab\u00edem qu\u00e8 era aix\u00f2 aix\u00ed que ho vam buscar. Ara ja sabem que s\u00f3n uns premis que es donen en els Estats Units. Vam buscar quan pesava aquesta figura i com era de gran. Ens vam preguntar si a Espanya no hi havia premis&#8230; Per\u00f2 s\u00ed! Aquests es diuen Goya!<\/span><\/p>\n<p><span style=\"font-weight: 400;\">Un altre dia, la Waira ens va dir que la seva mare coneixia a un actor que havia fet curtmetratges, pel\u00b7l\u00edcules que hem vist a la televisi\u00f3 i teatre. Vam tenir la sort de tenir a \u00c0lex Losada a la nostra classe i fer-li una entrevista que ens vam preparar superb\u00e9. Vam llegir entre tots i totes el seu curr\u00edculum per no fer-li preguntes repetides. Ens va agradar moooooolt!!<\/span><\/p>\n<p><span style=\"font-weight: 400;\">L&#8217;\u00c0lex ens va explicar que tot i que sols veiem als actors i les actrius en les pel\u00b7l\u00edcules, hi ha moltes m\u00e9s persones que treballen en aquest m\u00f3n\u2026 Pensant quines persones podien ser, vam comen\u00e7ar a dir que hi havia un director que deia &#8220;ACCI\u00d3&#8221;, les persones que maquillen i fan els cabells als personatges&#8230; Aix\u00ed doncs, \u00e9s com vam comen\u00e7ar a investigar, per grups i amb ajuda de les tauletes digitals sobre els oficis.\u00a0<\/span><\/p>\n<p><span style=\"font-weight: 400;\">Arran dels oficis, ens vam detenir en les persones que posen la m\u00fasica. Vam pensar que hi havia m\u00fasiques que ens feien estar contents i contentes, d&#8217;altres ens feien una miqueta de por o d&#8217;altres que ens transmeten tristesa. Per aix\u00f2, vam con\u00e8ixer qu\u00e8 \u00e9s una banda sonora. Vam escoltar bandes sonores de diferents pel\u00b7l\u00edcules i vam dibuixar i pintar all\u00f2 que ens transmetia cadascuna d&#8217;elles.<\/span><\/p>\n<p><span style=\"font-weight: 400;\">A poc a poc el projecte arriba a la fi i arriba el moment m\u00e9s esperat!!!! Vam anar al cinema a veure una com\u00e8dia molt divertida &#8220;Lilo mi amigo el cocodrilo&#8221; en 4DX!! Quina passada! Es movien els seients!! Per\u00f2 abans d&#8217;aix\u00f2&#8230; vam pensar en gran grup, amb ajuda de material manipulatiu de matem\u00e0tiques, quant hauria de pagar l&#8217;escola per les entrades i les crispetes. Vam mirar en el Google Maps el temps que trigar\u00edem a arribar i la dist\u00e0ncia que hi havia des de l&#8217;escola, per saber a quina hora hav\u00edem de sortir i no fer tard!!!!<\/span><\/p>\n<p><span style=\"font-weight: 400;\">No obstant aix\u00f2, el projecte no podia acabar aix\u00ed!! Som la classe dels actors i les actrius aix\u00ed que hav\u00edem de fer alguna representaci\u00f3. Vam comen\u00e7ar a pensar i dibuixar per grups la nostra hist\u00f2ria per crear un conte de cinema. Cadasc\u00fa del grup va dibuixar una escena i la va explicar amb la seva veu.<\/span><\/p>\n<p><span style=\"font-weight: 400;\">Finalment, cada grup, ha representat la seva breu hist\u00f2ria i aqu\u00ed us adjunto el resultat!!!!!<\/span><\/p>\n<blockquote class=\"wp-embedded-content\" data-secret=\"3pUEi6wkxE\"><p><a href=\"https:\/\/agora.xtec.cat\/escolapacocandel\/general\/un-conte-de-cinema\/\">Protegit: UN CONTE DE CINEMA<\/a><\/p><\/blockquote>\n<p><iframe loading=\"lazy\" class=\"wp-embedded-content\" sandbox=\"allow-scripts\" security=\"restricted\" style=\"position: absolute; clip: rect(1px, 1px, 1px, 1px);\" title=\"&#8220;Protegit: UN CONTE DE CINEMA&#8221; &#8212; Escola Paco Candel\" src=\"https:\/\/agora.xtec.cat\/escolapacocandel\/general\/un-conte-de-cinema\/embed\/#?secret=PH4v6iYgbu#?secret=3pUEi6wkxE\" data-secret=\"3pUEi6wkxE\" width=\"500\" height=\"282\" frameborder=\"0\" marginwidth=\"0\" marginheight=\"0\" scrolling=\"no\"><\/iframe><\/p>\n<p><span style=\"font-weight: 400;\">Hem apr\u00e8s molt\u00edssim i ens mereixem un Goya!!!!!<\/span><\/p>\n<p><a href=\"https:\/\/agora.xtec.cat\/escolapacocandel\/wp-content\/uploads\/usu332\/2022\/12\/Captura.png\"><img loading=\"lazy\" decoding=\"async\" class=\"wp-image-7216 aligncenter\" src=\"https:\/\/agora.xtec.cat\/escolapacocandel\/wp-content\/uploads\/usu332\/2022\/12\/Captura-300x136.png\" alt=\"\" width=\"311\" height=\"141\" srcset=\"https:\/\/agora.xtec.cat\/escolapacocandel\/wp-content\/uploads\/usu332\/2022\/12\/Captura-300x136.png 300w, https:\/\/agora.xtec.cat\/escolapacocandel\/wp-content\/uploads\/usu332\/2022\/12\/Captura-768x348.png 768w, https:\/\/agora.xtec.cat\/escolapacocandel\/wp-content\/uploads\/usu332\/2022\/12\/Captura.png 805w\" sizes=\"auto, (max-width: 311px) 100vw, 311px\" \/><\/a><\/p>\n","protected":false},"excerpt":{"rendered":"<p>Benvolgudes fam\u00edlies de la classe dels actors i les actrius,<br \/>\nJa hem acabat el projecte d&#8217;aquest primer trimestre i us volem explicar una mica el que hem treballat perqu\u00e8 us adoneu de tot el que hem apr\u00e8s!!!!<br \/>\nEl primer que vam fer, gr\u00e0cies a l&#8217;exposici\u00f3 que ens&hellip;  <a href=\"https:\/\/agora.xtec.cat\/escolapacocandel\/comunitat-de-mitjans\/2n\/projecte-actors-i-actrius\/\" title=\"Read PROJECTE ACTORS I ACTRIUS\">Llegeix m\u00e9s\u00bb<\/a><\/p>\n","protected":false},"author":1,"featured_media":0,"comment_status":"open","ping_status":"closed","sticky":false,"template":"","format":"standard","meta":{"_bbp_topic_count":0,"_bbp_reply_count":0,"_bbp_total_topic_count":0,"_bbp_total_reply_count":0,"_bbp_voice_count":0,"_bbp_anonymous_reply_count":0,"_bbp_topic_count_hidden":0,"_bbp_reply_count_hidden":0,"_bbp_forum_subforum_count":0,"footnotes":""},"categories":[137],"tags":[],"class_list":["post-7215","post","type-post","status-publish","format-standard","hentry","category-2n"],"post_mailing_queue_ids":[],"_links":{"self":[{"href":"https:\/\/agora.xtec.cat\/escolapacocandel\/wp-json\/wp\/v2\/posts\/7215","targetHints":{"allow":["GET"]}}],"collection":[{"href":"https:\/\/agora.xtec.cat\/escolapacocandel\/wp-json\/wp\/v2\/posts"}],"about":[{"href":"https:\/\/agora.xtec.cat\/escolapacocandel\/wp-json\/wp\/v2\/types\/post"}],"author":[{"embeddable":true,"href":"https:\/\/agora.xtec.cat\/escolapacocandel\/wp-json\/wp\/v2\/users\/1"}],"replies":[{"embeddable":true,"href":"https:\/\/agora.xtec.cat\/escolapacocandel\/wp-json\/wp\/v2\/comments?post=7215"}],"version-history":[{"count":3,"href":"https:\/\/agora.xtec.cat\/escolapacocandel\/wp-json\/wp\/v2\/posts\/7215\/revisions"}],"predecessor-version":[{"id":7223,"href":"https:\/\/agora.xtec.cat\/escolapacocandel\/wp-json\/wp\/v2\/posts\/7215\/revisions\/7223"}],"wp:attachment":[{"href":"https:\/\/agora.xtec.cat\/escolapacocandel\/wp-json\/wp\/v2\/media?parent=7215"}],"wp:term":[{"taxonomy":"category","embeddable":true,"href":"https:\/\/agora.xtec.cat\/escolapacocandel\/wp-json\/wp\/v2\/categories?post=7215"},{"taxonomy":"post_tag","embeddable":true,"href":"https:\/\/agora.xtec.cat\/escolapacocandel\/wp-json\/wp\/v2\/tags?post=7215"}],"curies":[{"name":"wp","href":"https:\/\/api.w.org\/{rel}","templated":true}]}}