{"id":7210,"date":"2022-12-20T13:16:47","date_gmt":"2022-12-20T12:16:47","guid":{"rendered":"https:\/\/agora.xtec.cat\/escolapacocandel\/?p=7210"},"modified":"2022-12-20T13:16:47","modified_gmt":"2022-12-20T12:16:47","slug":"taller-seer-a-primer","status":"publish","type":"post","link":"https:\/\/agora.xtec.cat\/escolapacocandel\/comunitat-de-mitjans\/taller-seer-a-primer\/","title":{"rendered":"Taller Seer a primer"},"content":{"rendered":"<p>Benvolgudes fam\u00edlies,<\/p>\n<p>Aquest trimestre els infants de primer hem continuat el treball de les emocions al taller Seer amb l&#8217;Olga. L&#8217;objectiu \u00e9s anar prenent consci\u00e8ncia de les nostres emocions i poder-les identificar amb paraules. Aix\u00ed doncs, com podreu veure a les fotos, vam identificar la tristesa, vam esbrinar com connectar amb aquesta emoci\u00f3, com rebaixar-la i com aquesta ens demana parlar i escoltar-la. La idea va ser fer el pas de la tristesa cap a l&#8217;alegria i acabar amb \u00e0nim i benestar.<\/p>\n<p><a href=\"https:\/\/agora.xtec.cat\/escolapacocandel\/fotos-privat\/fotos-1r-taller-seer\/\">FOTOS TALLER SEER 1r trimestre<\/a><\/p>\n","protected":false},"excerpt":{"rendered":"<p>Benvolgudes fam\u00edlies,<br \/>\nAquest trimestre els infants de primer hem continuat el treball de les emocions al taller Seer amb l&#8217;Olga. L&#8217;objectiu \u00e9s anar prenent consci\u00e8ncia de les nostres emocions i poder-les identificar amb paraules. Aix\u00ed doncs, com podreu veure a les fotos, vam identificar la tristesa,&hellip;  <a href=\"https:\/\/agora.xtec.cat\/escolapacocandel\/comunitat-de-mitjans\/taller-seer-a-primer\/\" title=\"Read Taller Seer a primer\">Llegeix m\u00e9s\u00bb<\/a><\/p>\n","protected":false},"author":1,"featured_media":0,"comment_status":"open","ping_status":"closed","sticky":false,"template":"","format":"standard","meta":{"_bbp_topic_count":0,"_bbp_reply_count":0,"_bbp_total_topic_count":0,"_bbp_total_reply_count":0,"_bbp_voice_count":0,"_bbp_anonymous_reply_count":0,"_bbp_topic_count_hidden":0,"_bbp_reply_count_hidden":0,"_bbp_forum_subforum_count":0,"footnotes":""},"categories":[127,140],"tags":[],"class_list":["post-7210","post","type-post","status-publish","format-standard","hentry","category-comunitat-de-mitjans","category-1r"],"post_mailing_queue_ids":[],"_links":{"self":[{"href":"https:\/\/agora.xtec.cat\/escolapacocandel\/wp-json\/wp\/v2\/posts\/7210","targetHints":{"allow":["GET"]}}],"collection":[{"href":"https:\/\/agora.xtec.cat\/escolapacocandel\/wp-json\/wp\/v2\/posts"}],"about":[{"href":"https:\/\/agora.xtec.cat\/escolapacocandel\/wp-json\/wp\/v2\/types\/post"}],"author":[{"embeddable":true,"href":"https:\/\/agora.xtec.cat\/escolapacocandel\/wp-json\/wp\/v2\/users\/1"}],"replies":[{"embeddable":true,"href":"https:\/\/agora.xtec.cat\/escolapacocandel\/wp-json\/wp\/v2\/comments?post=7210"}],"version-history":[{"count":1,"href":"https:\/\/agora.xtec.cat\/escolapacocandel\/wp-json\/wp\/v2\/posts\/7210\/revisions"}],"predecessor-version":[{"id":7211,"href":"https:\/\/agora.xtec.cat\/escolapacocandel\/wp-json\/wp\/v2\/posts\/7210\/revisions\/7211"}],"wp:attachment":[{"href":"https:\/\/agora.xtec.cat\/escolapacocandel\/wp-json\/wp\/v2\/media?parent=7210"}],"wp:term":[{"taxonomy":"category","embeddable":true,"href":"https:\/\/agora.xtec.cat\/escolapacocandel\/wp-json\/wp\/v2\/categories?post=7210"},{"taxonomy":"post_tag","embeddable":true,"href":"https:\/\/agora.xtec.cat\/escolapacocandel\/wp-json\/wp\/v2\/tags?post=7210"}],"curies":[{"name":"wp","href":"https:\/\/api.w.org\/{rel}","templated":true}]}}