{"id":7193,"date":"2023-02-01T10:14:59","date_gmt":"2023-02-01T09:14:59","guid":{"rendered":"https:\/\/agora.xtec.cat\/escolapacocandel\/?p=7193"},"modified":"2023-03-22T12:26:54","modified_gmt":"2023-03-22T11:26:54","slug":"el-moviment-i-laccio-a-3-anys","status":"publish","type":"post","link":"https:\/\/agora.xtec.cat\/escolapacocandel\/portada\/el-moviment-i-laccio-a-3-anys\/","title":{"rendered":"El moviment i l&#8217;acci\u00f3 a 3 anys"},"content":{"rendered":"<p>L\u2019infant \u00e9s un \u00e9sser motor que apr\u00e8n del m\u00f3n manipulant els objectes que l\u2019envolten. A partir de l\u2019activitat corporal, construeixen i elaboren els diferents esquemes del pensament.<\/p>\n<p>En els primers anys de vida, les experi\u00e8ncies viscudes amb el cos i a trav\u00e9s del cos i del moviment i les seves interaccions, s\u00f3n fonamentals per la construcci\u00f3 de la personalitat i l\u2019adquisici\u00f3 de la pr\u00f2pia identitat.<\/p>\n<p>\u00c9s aix\u00ed com en les <strong>sessions de psicomotricitat<\/strong> es treballa de manera global a partir de viv\u00e8ncies corporals que li faciliten el desenvolupament de les capacitats sensoriomotrius, perceptives, comunicatives o expressives mitjan\u00e7ant la interacci\u00f3 activa cos-entorn.<\/p>\n<p>Tot seguit podreu observar als espiadimonis i les papallones com en gaudeixen:<\/p>\n<p><a href=\"https:\/\/photos.app.goo.gl\/t4PDSZeBERLp8rSy6\">https:\/\/photos.app.goo.gl\/t4PDSZeBERLp8rSy6<\/a><\/p>\n<p>\u201c<em>L\u2019educaci\u00f3 psicomotriu \u00e9s una pr\u00e0ctica educativa, preventiva o d\u2019ajuda que per mitj\u00e0 de la viv\u00e8ncia del cos, el moviment i l\u2019acci\u00f3 i la seva posterior representaci\u00f3, actua sobre la globalitat de l\u2019infant per tal que aprengui a coneixes relacionar-se amb els altres, amb els objectes, amb l\u2019espai i amb el temps<\/em>\u201d (Viscarro i Camps, 1997).<\/p>\n","protected":false},"excerpt":{"rendered":"<p>L\u2019infant \u00e9s un \u00e9sser motor que apr\u00e8n del m\u00f3n manipulant els objectes que l\u2019envolten. A partir de l\u2019activitat corporal, construeixen i elaboren els diferents esquemes del pensament.<br \/>\nEn els primers anys de vida, les experi\u00e8ncies viscudes amb el cos i a trav\u00e9s del cos i del&hellip;  <a href=\"https:\/\/agora.xtec.cat\/escolapacocandel\/portada\/el-moviment-i-laccio-a-3-anys\/\" title=\"Read El moviment i l&#8217;acci\u00f3 a 3 anys\">Llegeix m\u00e9s\u00bb<\/a><\/p>\n","protected":false},"author":1,"featured_media":7305,"comment_status":"open","ping_status":"closed","sticky":false,"template":"","format":"standard","meta":{"_bbp_topic_count":0,"_bbp_reply_count":0,"_bbp_total_topic_count":0,"_bbp_total_reply_count":0,"_bbp_voice_count":0,"_bbp_anonymous_reply_count":0,"_bbp_topic_count_hidden":0,"_bbp_reply_count_hidden":0,"_bbp_forum_subforum_count":0,"footnotes":""},"categories":[128,4],"tags":[],"class_list":["post-7193","post","type-post","status-publish","format-standard","has-post-thumbnail","hentry","category-comunitat-de-petits","category-portada"],"post_mailing_queue_ids":[],"_links":{"self":[{"href":"https:\/\/agora.xtec.cat\/escolapacocandel\/wp-json\/wp\/v2\/posts\/7193","targetHints":{"allow":["GET"]}}],"collection":[{"href":"https:\/\/agora.xtec.cat\/escolapacocandel\/wp-json\/wp\/v2\/posts"}],"about":[{"href":"https:\/\/agora.xtec.cat\/escolapacocandel\/wp-json\/wp\/v2\/types\/post"}],"author":[{"embeddable":true,"href":"https:\/\/agora.xtec.cat\/escolapacocandel\/wp-json\/wp\/v2\/users\/1"}],"replies":[{"embeddable":true,"href":"https:\/\/agora.xtec.cat\/escolapacocandel\/wp-json\/wp\/v2\/comments?post=7193"}],"version-history":[{"count":3,"href":"https:\/\/agora.xtec.cat\/escolapacocandel\/wp-json\/wp\/v2\/posts\/7193\/revisions"}],"predecessor-version":[{"id":7358,"href":"https:\/\/agora.xtec.cat\/escolapacocandel\/wp-json\/wp\/v2\/posts\/7193\/revisions\/7358"}],"wp:featuredmedia":[{"embeddable":true,"href":"https:\/\/agora.xtec.cat\/escolapacocandel\/wp-json\/wp\/v2\/media\/7305"}],"wp:attachment":[{"href":"https:\/\/agora.xtec.cat\/escolapacocandel\/wp-json\/wp\/v2\/media?parent=7193"}],"wp:term":[{"taxonomy":"category","embeddable":true,"href":"https:\/\/agora.xtec.cat\/escolapacocandel\/wp-json\/wp\/v2\/categories?post=7193"},{"taxonomy":"post_tag","embeddable":true,"href":"https:\/\/agora.xtec.cat\/escolapacocandel\/wp-json\/wp\/v2\/tags?post=7193"}],"curies":[{"name":"wp","href":"https:\/\/api.w.org\/{rel}","templated":true}]}}