{"id":7186,"date":"2022-12-16T12:19:23","date_gmt":"2022-12-16T11:19:23","guid":{"rendered":"https:\/\/agora.xtec.cat\/escolapacocandel\/?p=7186"},"modified":"2022-12-16T12:25:21","modified_gmt":"2022-12-16T11:25:21","slug":"sortida-projecte-museu-de-la-xocolata","status":"publish","type":"post","link":"https:\/\/agora.xtec.cat\/escolapacocandel\/comunitat-de-mitjans\/sortida-projecte-museu-de-la-xocolata\/","title":{"rendered":"Sortida projecte &#8211; Museu de la Xocolata"},"content":{"rendered":"<p>El dimecres 14 de desembre la classe de la xocolata (1rA) va poder gaudir d&#8217;una sortida al Museu de la Xocolata. Amb aquesta sortida vam tancar i finalitzar el projecte del primer trimestre i del nom de la classe.<\/p>\n<p>En arribar, vam esmorzar totes i tots junts fora del Museu. Un cop v\u00e0rem esmorzar, ja ens estava esperant una monitora per fer un taller experimental amb xocolata. Durant mitj\u00e0 hora ens vam endinsar dins un conte m\u00e0gic. Despr\u00e9s de l&#8217;explicaci\u00f3 vam gaudir amb la xocolata, vam dibuixar i pintar de manera lliure i vam fabricar una figureta de xocolata, un \u00e0nec. En aquest taller, ens van explicar les parts de l&#8217;arbre del cacau i vam poder veure el cacau en els seus diferents processos. Per acabar, vam fer una visita lliure pels diversos espais del museu. Vam poder gaudir d&#8217;un dia solejat al Parc de la Ciutadella on vam dinar i jugar una bona estona.<\/p>\n<p>Va ser una sortida molt divertida on vam poder aprendre tots junts i juntes!<\/p>\n<p>A continuaci\u00f3 us deixem un tastet de fotografies: <a href=\"https:\/\/agora.xtec.cat\/escolapacocandel\/fotos-privat\/fotos-sortida-projecte-museu-de-la-xocolata\/\">Fotos &#8211; Sortida Museu de la Xocolata<\/a><\/p>\n<p>Esperem que disfruteu tant com ho vam fer nosaltres!!!!<\/p>\n<p>Mmmmmm&#8230; Xocolata!<\/p>\n","protected":false},"excerpt":{"rendered":"<p>El dimecres 14 de desembre la classe de la xocolata (1rA) va poder gaudir d&#8217;una sortida al Museu de la Xocolata. Amb aquesta sortida vam tancar i finalitzar el projecte del primer trimestre i del nom de la classe.<br \/>\nEn arribar, vam esmorzar totes i tots&hellip;  <a href=\"https:\/\/agora.xtec.cat\/escolapacocandel\/comunitat-de-mitjans\/sortida-projecte-museu-de-la-xocolata\/\" title=\"Read Sortida projecte &#8211; Museu de la Xocolata\">Llegeix m\u00e9s\u00bb<\/a><\/p>\n","protected":false},"author":1,"featured_media":0,"comment_status":"open","ping_status":"closed","sticky":false,"template":"","format":"standard","meta":{"_bbp_topic_count":0,"_bbp_reply_count":0,"_bbp_total_topic_count":0,"_bbp_total_reply_count":0,"_bbp_voice_count":0,"_bbp_anonymous_reply_count":0,"_bbp_topic_count_hidden":0,"_bbp_reply_count_hidden":0,"_bbp_forum_subforum_count":0,"footnotes":""},"categories":[127],"tags":[],"class_list":["post-7186","post","type-post","status-publish","format-standard","hentry","category-comunitat-de-mitjans"],"post_mailing_queue_ids":[],"_links":{"self":[{"href":"https:\/\/agora.xtec.cat\/escolapacocandel\/wp-json\/wp\/v2\/posts\/7186","targetHints":{"allow":["GET"]}}],"collection":[{"href":"https:\/\/agora.xtec.cat\/escolapacocandel\/wp-json\/wp\/v2\/posts"}],"about":[{"href":"https:\/\/agora.xtec.cat\/escolapacocandel\/wp-json\/wp\/v2\/types\/post"}],"author":[{"embeddable":true,"href":"https:\/\/agora.xtec.cat\/escolapacocandel\/wp-json\/wp\/v2\/users\/1"}],"replies":[{"embeddable":true,"href":"https:\/\/agora.xtec.cat\/escolapacocandel\/wp-json\/wp\/v2\/comments?post=7186"}],"version-history":[{"count":3,"href":"https:\/\/agora.xtec.cat\/escolapacocandel\/wp-json\/wp\/v2\/posts\/7186\/revisions"}],"predecessor-version":[{"id":7192,"href":"https:\/\/agora.xtec.cat\/escolapacocandel\/wp-json\/wp\/v2\/posts\/7186\/revisions\/7192"}],"wp:attachment":[{"href":"https:\/\/agora.xtec.cat\/escolapacocandel\/wp-json\/wp\/v2\/media?parent=7186"}],"wp:term":[{"taxonomy":"category","embeddable":true,"href":"https:\/\/agora.xtec.cat\/escolapacocandel\/wp-json\/wp\/v2\/categories?post=7186"},{"taxonomy":"post_tag","embeddable":true,"href":"https:\/\/agora.xtec.cat\/escolapacocandel\/wp-json\/wp\/v2\/tags?post=7186"}],"curies":[{"name":"wp","href":"https:\/\/api.w.org\/{rel}","templated":true}]}}