{"id":7135,"date":"2023-01-09T13:50:20","date_gmt":"2023-01-09T12:50:20","guid":{"rendered":"https:\/\/agora.xtec.cat\/escolapacocandel\/?p=7135"},"modified":"2023-11-09T13:52:04","modified_gmt":"2023-11-09T12:52:04","slug":"taller-de-musica-al-caixaforum-improvisa","status":"publish","type":"post","link":"https:\/\/agora.xtec.cat\/escolapacocandel\/comunitat-de-grans\/taller-de-musica-al-caixaforum-improvisa\/","title":{"rendered":"Taller de m\u00fasica al CaixaForum &#8220;Improvisa&#8221;"},"content":{"rendered":"<p>La paraula improvisa la tenim tots i totes al cap, per\u00f2 sabem que vol dir? En aquest taller els infants de 6\u00e8B han pogut gaudir d&#8217;una bona estona plena de m\u00fasica, improvisacions i creacions musicals. S&#8217;han convertit en els i les\u00a0 protagonistes, on mitjan\u00e7ant el seu cos, veu i els instruments han creat les seves pr\u00f2pies can\u00e7ons i sense necessitat de partitura.<\/p>\n<p>Us deixem un recull d&#8217;imatges i v\u00eddeos perqu\u00e8 gaudiu de cada moment.<\/p>\n<p><a href=\"https:\/\/agora.xtec.cat\/escolapacocandel\/fotos-privat\/fotos-improvisa-6eb\/\"><img loading=\"lazy\" decoding=\"async\" class=\"size-medium wp-image-7136 aligncenter\" src=\"https:\/\/agora.xtec.cat\/escolapacocandel\/wp-content\/uploads\/usu332\/2022\/12\/IMG_2846-COLLAGE-300x300.jpg\" alt=\"\" width=\"300\" height=\"300\" srcset=\"https:\/\/agora.xtec.cat\/escolapacocandel\/wp-content\/uploads\/usu332\/2022\/12\/IMG_2846-COLLAGE-300x300.jpg 300w, https:\/\/agora.xtec.cat\/escolapacocandel\/wp-content\/uploads\/usu332\/2022\/12\/IMG_2846-COLLAGE-1024x1024.jpg 1024w, https:\/\/agora.xtec.cat\/escolapacocandel\/wp-content\/uploads\/usu332\/2022\/12\/IMG_2846-COLLAGE-150x150.jpg 150w, https:\/\/agora.xtec.cat\/escolapacocandel\/wp-content\/uploads\/usu332\/2022\/12\/IMG_2846-COLLAGE-768x768.jpg 768w, https:\/\/agora.xtec.cat\/escolapacocandel\/wp-content\/uploads\/usu332\/2022\/12\/IMG_2846-COLLAGE-1536x1536.jpg 1536w, https:\/\/agora.xtec.cat\/escolapacocandel\/wp-content\/uploads\/usu332\/2022\/12\/IMG_2846-COLLAGE.jpg 2046w\" sizes=\"auto, (max-width: 300px) 100vw, 300px\" \/><\/a><\/p>\n","protected":false},"excerpt":{"rendered":"<p>La paraula improvisa la tenim tots i totes al cap, per\u00f2 sabem que vol dir? En aquest taller els infants de 6\u00e8B han pogut gaudir d&#8217;una bona estona plena de m\u00fasica, improvisacions i creacions musicals. S&#8217;han convertit en els i les\u00a0 protagonistes, on mitjan\u00e7ant el&hellip;  <a href=\"https:\/\/agora.xtec.cat\/escolapacocandel\/comunitat-de-grans\/taller-de-musica-al-caixaforum-improvisa\/\" title=\"Read Taller de m\u00fasica al CaixaForum &#8220;Improvisa&#8221;\">Llegeix m\u00e9s\u00bb<\/a><\/p>\n","protected":false},"author":22,"featured_media":7136,"comment_status":"open","ping_status":"closed","sticky":false,"template":"","format":"standard","meta":{"_bbp_topic_count":0,"_bbp_reply_count":0,"_bbp_total_topic_count":0,"_bbp_total_reply_count":0,"_bbp_voice_count":0,"_bbp_anonymous_reply_count":0,"_bbp_topic_count_hidden":0,"_bbp_reply_count_hidden":0,"_bbp_forum_subforum_count":0,"footnotes":""},"categories":[129],"tags":[],"class_list":["post-7135","post","type-post","status-publish","format-standard","has-post-thumbnail","hentry","category-comunitat-de-grans"],"post_mailing_queue_ids":[],"_links":{"self":[{"href":"https:\/\/agora.xtec.cat\/escolapacocandel\/wp-json\/wp\/v2\/posts\/7135","targetHints":{"allow":["GET"]}}],"collection":[{"href":"https:\/\/agora.xtec.cat\/escolapacocandel\/wp-json\/wp\/v2\/posts"}],"about":[{"href":"https:\/\/agora.xtec.cat\/escolapacocandel\/wp-json\/wp\/v2\/types\/post"}],"author":[{"embeddable":true,"href":"https:\/\/agora.xtec.cat\/escolapacocandel\/wp-json\/wp\/v2\/users\/22"}],"replies":[{"embeddable":true,"href":"https:\/\/agora.xtec.cat\/escolapacocandel\/wp-json\/wp\/v2\/comments?post=7135"}],"version-history":[{"count":3,"href":"https:\/\/agora.xtec.cat\/escolapacocandel\/wp-json\/wp\/v2\/posts\/7135\/revisions"}],"predecessor-version":[{"id":7141,"href":"https:\/\/agora.xtec.cat\/escolapacocandel\/wp-json\/wp\/v2\/posts\/7135\/revisions\/7141"}],"wp:featuredmedia":[{"embeddable":true,"href":"https:\/\/agora.xtec.cat\/escolapacocandel\/wp-json\/wp\/v2\/media\/7136"}],"wp:attachment":[{"href":"https:\/\/agora.xtec.cat\/escolapacocandel\/wp-json\/wp\/v2\/media?parent=7135"}],"wp:term":[{"taxonomy":"category","embeddable":true,"href":"https:\/\/agora.xtec.cat\/escolapacocandel\/wp-json\/wp\/v2\/categories?post=7135"},{"taxonomy":"post_tag","embeddable":true,"href":"https:\/\/agora.xtec.cat\/escolapacocandel\/wp-json\/wp\/v2\/tags?post=7135"}],"curies":[{"name":"wp","href":"https:\/\/api.w.org\/{rel}","templated":true}]}}