{"id":7119,"date":"2022-12-14T15:27:48","date_gmt":"2022-12-14T14:27:48","guid":{"rendered":"https:\/\/agora.xtec.cat\/escolapacocandel\/?p=7119"},"modified":"2022-12-15T12:46:28","modified_gmt":"2022-12-15T11:46:28","slug":"educacio-fisica-1r-trimestre-3r","status":"publish","type":"post","link":"https:\/\/agora.xtec.cat\/escolapacocandel\/general\/educacio-fisica-1r-trimestre-3r\/","title":{"rendered":"Educaci\u00f3 F\u00edsica 1r trimestre &#8211; 3r"},"content":{"rendered":"<p>Bon dia,<\/p>\n<p>Aqu\u00ed unes quantes imatges a les sessions d\u2019Educaci\u00f3 F\u00edsica on hem anat prenent consci\u00e8ncia de que succeeix amb el nostre sistema cardio-respiratori quan fem activitat f\u00edsica, hem treballat les nostres habilitats motrius i coordinaci\u00f3 mitjan\u00e7ant la corda, circuits, passades amb diferents material\u2026 I ens hem endinsat en la comprensi\u00f3, seguiment i creaci\u00f3 de diferents recorreguts.<\/p>\n<p>Hem jugat, fet estacions i moments de tornada a la calma, en definitiva hem gaudit molt de les sessions d\u2019EF a l\u2019hora que aprenien \ud83d\ude09 BONES FESTES!!<\/p>\n<blockquote class=\"wp-embedded-content\" data-secret=\"njhosQHWuf\"><p><a href=\"https:\/\/agora.xtec.cat\/escolapacocandel\/fotos-privat\/fotos-ef-3rs\/\">Protegit: FOTOS EF 3rs<\/a><\/p><\/blockquote>\n<p><iframe loading=\"lazy\" class=\"wp-embedded-content\" sandbox=\"allow-scripts\" security=\"restricted\" style=\"position: absolute; clip: rect(1px, 1px, 1px, 1px);\" title=\"&#8220;Protegit: FOTOS EF 3rs&#8221; &#8212; Escola Paco Candel\" src=\"https:\/\/agora.xtec.cat\/escolapacocandel\/fotos-privat\/fotos-ef-3rs\/embed\/#?secret=qLABs2qKFZ#?secret=njhosQHWuf\" data-secret=\"njhosQHWuf\" width=\"500\" height=\"282\" frameborder=\"0\" marginwidth=\"0\" marginheight=\"0\" scrolling=\"no\"><\/iframe><\/p>\n<p>&nbsp;<\/p>\n","protected":false},"excerpt":{"rendered":"<p>Bon dia,<br \/>\nAqu\u00ed unes quantes imatges a les sessions d\u2019Educaci\u00f3 F\u00edsica on hem anat prenent consci\u00e8ncia de que succeeix amb el nostre sistema cardio-respiratori quan fem activitat f\u00edsica, hem treballat les nostres habilitats motrius i coordinaci\u00f3 mitjan\u00e7ant la corda, circuits, passades amb diferents material\u2026 I ens&hellip;  <a href=\"https:\/\/agora.xtec.cat\/escolapacocandel\/general\/educacio-fisica-1r-trimestre-3r\/\" title=\"Read Educaci\u00f3 F\u00edsica 1r trimestre &#8211; 3r\">Llegeix m\u00e9s\u00bb<\/a><\/p>\n","protected":false},"author":25,"featured_media":7120,"comment_status":"open","ping_status":"closed","sticky":false,"template":"","format":"standard","meta":{"_bbp_topic_count":0,"_bbp_reply_count":0,"_bbp_total_topic_count":0,"_bbp_total_reply_count":0,"_bbp_voice_count":0,"_bbp_anonymous_reply_count":0,"_bbp_topic_count_hidden":0,"_bbp_reply_count_hidden":0,"_bbp_forum_subforum_count":0,"footnotes":""},"categories":[127,1,141],"tags":[],"class_list":["post-7119","post","type-post","status-publish","format-standard","has-post-thumbnail","hentry","category-comunitat-de-mitjans","category-general","category-3r"],"post_mailing_queue_ids":[],"_links":{"self":[{"href":"https:\/\/agora.xtec.cat\/escolapacocandel\/wp-json\/wp\/v2\/posts\/7119","targetHints":{"allow":["GET"]}}],"collection":[{"href":"https:\/\/agora.xtec.cat\/escolapacocandel\/wp-json\/wp\/v2\/posts"}],"about":[{"href":"https:\/\/agora.xtec.cat\/escolapacocandel\/wp-json\/wp\/v2\/types\/post"}],"author":[{"embeddable":true,"href":"https:\/\/agora.xtec.cat\/escolapacocandel\/wp-json\/wp\/v2\/users\/25"}],"replies":[{"embeddable":true,"href":"https:\/\/agora.xtec.cat\/escolapacocandel\/wp-json\/wp\/v2\/comments?post=7119"}],"version-history":[{"count":3,"href":"https:\/\/agora.xtec.cat\/escolapacocandel\/wp-json\/wp\/v2\/posts\/7119\/revisions"}],"predecessor-version":[{"id":7154,"href":"https:\/\/agora.xtec.cat\/escolapacocandel\/wp-json\/wp\/v2\/posts\/7119\/revisions\/7154"}],"wp:featuredmedia":[{"embeddable":true,"href":"https:\/\/agora.xtec.cat\/escolapacocandel\/wp-json\/wp\/v2\/media\/7120"}],"wp:attachment":[{"href":"https:\/\/agora.xtec.cat\/escolapacocandel\/wp-json\/wp\/v2\/media?parent=7119"}],"wp:term":[{"taxonomy":"category","embeddable":true,"href":"https:\/\/agora.xtec.cat\/escolapacocandel\/wp-json\/wp\/v2\/categories?post=7119"},{"taxonomy":"post_tag","embeddable":true,"href":"https:\/\/agora.xtec.cat\/escolapacocandel\/wp-json\/wp\/v2\/tags?post=7119"}],"curies":[{"name":"wp","href":"https:\/\/api.w.org\/{rel}","templated":true}]}}