{"id":7090,"date":"2022-12-07T10:01:12","date_gmt":"2022-12-07T09:01:12","guid":{"rendered":"https:\/\/agora.xtec.cat\/escolapacocandel\/?p=7090"},"modified":"2022-12-06T13:11:00","modified_gmt":"2022-12-06T12:11:00","slug":"ambient-de-natura","status":"publish","type":"post","link":"https:\/\/agora.xtec.cat\/escolapacocandel\/general\/ambient-de-natura\/","title":{"rendered":"Ambient de Natura"},"content":{"rendered":"<p>Apropar-nos a la natura, al m\u00f3n que ens envolta, sempre ens genera preguntes i ens ofereix possibilitats d&#8217;investigaci\u00f3 i descoberta, aix\u00ed, els materials naturals es converteixen en un bonic escenari on situar propostes.<\/p>\n<p>Aquest ambient recull propostes orientades a apropar una part de la ci\u00e8ncia als infants des d\u2019una perspectiva participativa i engrescadora. El material \u00e9s escollit amb cura per poder promoure la mobilitzaci\u00f3 de diferents aspectes: l\u2019atenci\u00f3, l\u2019observaci\u00f3, la generaci\u00f3 de preguntes, la cerca, la imaginaci\u00f3, la riquesa sensorial per endinsar-nos en les propietats dels materials, la diversitat en la igualtat i la difer\u00e8ncia dels elements de l\u2019entorn i dels \u00e9ssers vius&#8230;<\/p>\n<p>Cal tenir present que els infants s\u2019apropen a les propostes segons els seus interessos i les propostes poden anar canviant o adaptant-se a aquests interessos. Durant aquest trimestre les propostes que trobaven han estat diverses, per\u00f2 sempre tenim diverses propostes fixes.<a href=\"https:\/\/agora.xtec.cat\/escolapacocandel\/wp-content\/uploads\/usu332\/2022\/12\/PXL_20221104_143845009.jpg\"><img loading=\"lazy\" decoding=\"async\" class=\"alignright size-medium wp-image-7091\" src=\"https:\/\/agora.xtec.cat\/escolapacocandel\/wp-content\/uploads\/usu332\/2022\/12\/PXL_20221104_143845009-300x225.jpg\" alt=\"\" width=\"300\" height=\"225\" srcset=\"https:\/\/agora.xtec.cat\/escolapacocandel\/wp-content\/uploads\/usu332\/2022\/12\/PXL_20221104_143845009-300x225.jpg 300w, https:\/\/agora.xtec.cat\/escolapacocandel\/wp-content\/uploads\/usu332\/2022\/12\/PXL_20221104_143845009-768x576.jpg 768w, https:\/\/agora.xtec.cat\/escolapacocandel\/wp-content\/uploads\/usu332\/2022\/12\/PXL_20221104_143845009-200x150.jpg 200w, https:\/\/agora.xtec.cat\/escolapacocandel\/wp-content\/uploads\/usu332\/2022\/12\/PXL_20221104_143845009.jpg 800w\" sizes=\"auto, (max-width: 300px) 100vw, 300px\" \/><\/a><\/p>\n<p>Una d\u2019elles \u00e9s el dibuix al natural on els infants han de fixar-se amb molta atenci\u00f3 en els elements que tenen davant per poder plasmar-los sobre el paper procurant semblar-se el m\u00e0xim possible a la realitat. Per aix\u00f2 barregen colors amb cura i atenci\u00f3 i intenten imitar les formes i els detalls que tenen davant.<\/p>\n<p>Una altra de les propostes que m\u00e9s crida l&#8217;atenci\u00f3 en un primer moment \u00e9s la balan\u00e7a de plats. En aquest espai els infants tenen al seu abast materials naturals per poder pesar i busquen comparacions directes per saber quin element pesa m\u00e9s i a vegades els ordenen o classifiquen. A m\u00e9s, els infants m\u00e9s petits, i els grans en un primer moment, acostumen a omplir els plats de la balan\u00e7a el m\u00e0xim que poden satisfent la necessitat del que s\u2019anomena \u201cesquema de contenci\u00f3\u201d per explorar qu\u00e8 passa quan omplim, buidem, posem, treiem i quants elements pot contenir la balan\u00e7a. En aquest moment la pregunta est\u00e0 clara: quin dels dos plats pesa m\u00e9s tot ple?<\/p>\n<p>A l\u2019ambient tamb\u00e9 troben contes d\u2019animals, una taula sensorial on poder replicar el terra d\u2019un bosc, o diferents materials naturals que poder observar i investigar amb les lupes, les mans, l\u2019olfacte&#8230;<\/p>\n<p>Els jocs de taula tamb\u00e9 ens acompanyen en una de les taules, oferint la possibilitat als infants de fer hip\u00f2tesis i contrastar-les sobre les petjades dels animals i parar atenci\u00f3 per buscar-les aix\u00ed com de buscar fam\u00edlies d\u2019animals i veure semblances i difer\u00e8ncies entre mascles, femelles i cries de diferents esp\u00e8cies d\u2019animals.<\/p>\n<p><a href=\"https:\/\/agora.xtec.cat\/escolapacocandel\/wp-content\/uploads\/usu332\/2022\/12\/PXL_20221109_143123157-scaled.jpg\"><img loading=\"lazy\" decoding=\"async\" class=\"size-medium wp-image-7092 alignleft\" src=\"https:\/\/agora.xtec.cat\/escolapacocandel\/wp-content\/uploads\/usu332\/2022\/12\/PXL_20221109_143123157-300x225.jpg\" alt=\"\" width=\"300\" height=\"225\" srcset=\"https:\/\/agora.xtec.cat\/escolapacocandel\/wp-content\/uploads\/usu332\/2022\/12\/PXL_20221109_143123157-300x225.jpg 300w, https:\/\/agora.xtec.cat\/escolapacocandel\/wp-content\/uploads\/usu332\/2022\/12\/PXL_20221109_143123157-1024x768.jpg 1024w, https:\/\/agora.xtec.cat\/escolapacocandel\/wp-content\/uploads\/usu332\/2022\/12\/PXL_20221109_143123157-768x576.jpg 768w, https:\/\/agora.xtec.cat\/escolapacocandel\/wp-content\/uploads\/usu332\/2022\/12\/PXL_20221109_143123157-1536x1152.jpg 1536w, https:\/\/agora.xtec.cat\/escolapacocandel\/wp-content\/uploads\/usu332\/2022\/12\/PXL_20221109_143123157-2048x1536.jpg 2048w, https:\/\/agora.xtec.cat\/escolapacocandel\/wp-content\/uploads\/usu332\/2022\/12\/PXL_20221109_143123157-200x150.jpg 200w\" sizes=\"auto, (max-width: 300px) 100vw, 300px\" \/><\/a>La taula de llum tamb\u00e9 ens ofereix moltes possibilitats, convida els infants a participar de l&#8217;exploraci\u00f3 a partir de l&#8217;observaci\u00f3. En un rac\u00f3 de l&#8217;espai es troben radiografies d&#8217;animals i en posen i en\u00a0treuen o intenten encaixar-les com si fos un puzle. Observar els animals per dins i per fora aporta informaci\u00f3 sobre com s\u00f3n, i convida, sense que els infants siguin conscients, a buscar semblances i diferencies entre ells.<\/p>\n<p>Una altra proposta \u00e9s el minimon de l\u2019habitat del bosc on el joc simb\u00f2lic de l&#8217;h\u00e0bitat convida a que els infants es facin preguntes i a voler contestar-les. Un mat\u00ed un infant pregunta si podem posar un tigre o un lle\u00f3. A partir d&#8217;aqu\u00ed comen\u00e7a una petita investigaci\u00f3 per saber on viuen aquests animals i aix\u00ed s&#8217;inicia una nova proposta per l&#8217;ambient: <em><i>la llibreta dels h\u00e0bitats dels animals<\/i><\/em>.<\/p>\n<p><strong><em><b><i>&#8220;Los educandos aprenden de la observaci\u00f3n para despu\u00e9s desarrollar sus propios proyectos de creaci\u00f3n&#8221;. <\/i><\/b><\/em><\/strong><\/p>\n<p style=\"text-align: right;\"><strong><em><b><i>Loris Malagu<\/i><\/b><\/em><\/strong><strong><em><b><i>zzi<\/i><\/b><\/em><\/strong><\/p>\n<p>A continuaci\u00f3 us deixem un recull de fotografies de l&#8217;ambient:<\/p>\n<blockquote class=\"wp-embedded-content\" data-secret=\"29CQzvUd7p\"><p><a href=\"https:\/\/agora.xtec.cat\/escolapacocandel\/general\/fotografies-ambient-natura\/\">Protegit: Fotografies ambient Natura<\/a><\/p><\/blockquote>\n<p><iframe loading=\"lazy\" class=\"wp-embedded-content\" sandbox=\"allow-scripts\" security=\"restricted\" style=\"position: absolute; clip: rect(1px, 1px, 1px, 1px);\" title=\"&#8220;Protegit: Fotografies ambient Natura&#8221; &#8212; Escola Paco Candel\" src=\"https:\/\/agora.xtec.cat\/escolapacocandel\/general\/fotografies-ambient-natura\/embed\/#?secret=s5wJLPmGdg#?secret=29CQzvUd7p\" data-secret=\"29CQzvUd7p\" width=\"500\" height=\"282\" frameborder=\"0\" marginwidth=\"0\" marginheight=\"0\" scrolling=\"no\"><\/iframe><\/p>\n","protected":false},"excerpt":{"rendered":"<p>Apropar-nos a la natura, al m\u00f3n que ens envolta, sempre ens genera preguntes i ens ofereix possibilitats d&#8217;investigaci\u00f3 i descoberta, aix\u00ed, els materials naturals es converteixen en un bonic escenari on situar propostes.<br \/>\nAquest ambient recull propostes orientades a apropar una part de la ci\u00e8ncia als&hellip;  <a href=\"https:\/\/agora.xtec.cat\/escolapacocandel\/general\/ambient-de-natura\/\" title=\"Read Ambient de Natura\">Llegeix m\u00e9s\u00bb<\/a><\/p>\n","protected":false},"author":14,"featured_media":7092,"comment_status":"open","ping_status":"closed","sticky":false,"template":"","format":"standard","meta":{"_bbp_topic_count":0,"_bbp_reply_count":0,"_bbp_total_topic_count":0,"_bbp_total_reply_count":0,"_bbp_voice_count":0,"_bbp_anonymous_reply_count":0,"_bbp_topic_count_hidden":0,"_bbp_reply_count_hidden":0,"_bbp_forum_subforum_count":0,"footnotes":""},"categories":[128,1],"tags":[],"class_list":["post-7090","post","type-post","status-publish","format-standard","has-post-thumbnail","hentry","category-comunitat-de-petits","category-general"],"post_mailing_queue_ids":[],"_links":{"self":[{"href":"https:\/\/agora.xtec.cat\/escolapacocandel\/wp-json\/wp\/v2\/posts\/7090","targetHints":{"allow":["GET"]}}],"collection":[{"href":"https:\/\/agora.xtec.cat\/escolapacocandel\/wp-json\/wp\/v2\/posts"}],"about":[{"href":"https:\/\/agora.xtec.cat\/escolapacocandel\/wp-json\/wp\/v2\/types\/post"}],"author":[{"embeddable":true,"href":"https:\/\/agora.xtec.cat\/escolapacocandel\/wp-json\/wp\/v2\/users\/14"}],"replies":[{"embeddable":true,"href":"https:\/\/agora.xtec.cat\/escolapacocandel\/wp-json\/wp\/v2\/comments?post=7090"}],"version-history":[{"count":2,"href":"https:\/\/agora.xtec.cat\/escolapacocandel\/wp-json\/wp\/v2\/posts\/7090\/revisions"}],"predecessor-version":[{"id":7096,"href":"https:\/\/agora.xtec.cat\/escolapacocandel\/wp-json\/wp\/v2\/posts\/7090\/revisions\/7096"}],"wp:featuredmedia":[{"embeddable":true,"href":"https:\/\/agora.xtec.cat\/escolapacocandel\/wp-json\/wp\/v2\/media\/7092"}],"wp:attachment":[{"href":"https:\/\/agora.xtec.cat\/escolapacocandel\/wp-json\/wp\/v2\/media?parent=7090"}],"wp:term":[{"taxonomy":"category","embeddable":true,"href":"https:\/\/agora.xtec.cat\/escolapacocandel\/wp-json\/wp\/v2\/categories?post=7090"},{"taxonomy":"post_tag","embeddable":true,"href":"https:\/\/agora.xtec.cat\/escolapacocandel\/wp-json\/wp\/v2\/tags?post=7090"}],"curies":[{"name":"wp","href":"https:\/\/api.w.org\/{rel}","templated":true}]}}