{"id":7072,"date":"2022-12-07T10:00:38","date_gmt":"2022-12-07T09:00:38","guid":{"rendered":"https:\/\/agora.xtec.cat\/escolapacocandel\/?p=7072"},"modified":"2022-12-09T13:26:08","modified_gmt":"2022-12-09T12:26:08","slug":"ambient-de-minimons","status":"publish","type":"post","link":"https:\/\/agora.xtec.cat\/escolapacocandel\/comunitat-de-petits\/ambient-de-minimons\/","title":{"rendered":"Ambient de Minimons"},"content":{"rendered":"<p style=\"text-align: right;\">Els minimons s\u00f3n representacions de mons reals o imaginaris creats a partir de peces soltes i altres elements que poden ser m\u00e9s representatius i que conviden al joc simb\u00f2lic.<\/p>\n<p>Les peces soltes s\u00f3n elements que no tenen un prop\u00f2sit definit, per exemple, pals i pedretes que els infants troben pel carrer, troncs, nins, fustes, animals, etc. Ser\u00e0 l&#8217;infant qui busqui el prop\u00f2sit de cada pe\u00e7a utilitzant la seva imaginaci\u00f3 i creant el seu propi minimon. Cadasc\u00fa ho fa a la seva manera, el que imagina o el que li agradaria.<a href=\"https:\/\/agora.xtec.cat\/escolapacocandel\/wp-content\/uploads\/usu332\/2022\/12\/20221102_154211.jpg\"><img loading=\"lazy\" decoding=\"async\" class=\"alignright wp-image-7080\" src=\"https:\/\/agora.xtec.cat\/escolapacocandel\/wp-content\/uploads\/usu332\/2022\/12\/20221102_154211-300x169.jpg\" alt=\"\" width=\"431\" height=\"243\" srcset=\"https:\/\/agora.xtec.cat\/escolapacocandel\/wp-content\/uploads\/usu332\/2022\/12\/20221102_154211-300x169.jpg 300w, https:\/\/agora.xtec.cat\/escolapacocandel\/wp-content\/uploads\/usu332\/2022\/12\/20221102_154211-1024x576.jpg 1024w, https:\/\/agora.xtec.cat\/escolapacocandel\/wp-content\/uploads\/usu332\/2022\/12\/20221102_154211-768x432.jpg 768w, https:\/\/agora.xtec.cat\/escolapacocandel\/wp-content\/uploads\/usu332\/2022\/12\/20221102_154211.jpg 1066w\" sizes=\"auto, (max-width: 431px) 100vw, 431px\" \/><\/a><\/p>\n<p>Amb els Minimons, com tamb\u00e9 amb altres propostes, treballem moltes habilitats: imaginaci\u00f3 i creativitat, motricitat fina, intel\u00b7lig\u00e8ncia sensorial, paci\u00e8ncia i concentraci\u00f3, cooperaci\u00f3 amb el grup, resoluci\u00f3 de conflictes, l\u00f2gica i matem\u00e0tiques, etc. L\u2019Ambient de minimons consisteix en crear, jugar, imaginar, converses, representacions.. Quan els infants entren a la classe sempre troben\u00a0 propostes ja muntades i materials al voltant d\u2019una fusta o sobre una taula per crear ells i elles els seus propis mons. De vegades, tamb\u00e9 poden trobar una proposta relacionada amb un conte, per qu\u00e8&#8230; quantes coses es poden fer mitjan\u00e7ant un conte? Un munt, i quan \u00e9s manipulat amb les nostres mans, encara \u00e9s millor.<\/p>\n<p>L\u2019Ambient s\u00f3n 3 sessions; a la primera expliquem el material i en qu\u00e8 consisteix aquest ambient i ens assegurem de qu\u00e8 l&#8217;infant sap on es guarden els diferents elements un cop acabi el joc. A la segona ja no hi ha cap explicaci\u00f3, entren, es passa la llista i a jugar! I la tercera sessi\u00f3 disposen de retoladors i fulls per poder representar aix\u00f2 que m\u00e9s els hi ha agradat de l\u2019ambient o dibuixar un minimon. A finalitzar cada sessi\u00f3, sempre es fa una petita rotllana per compartir amb els companys i companyes al que hem jugat o qu\u00e8 hem creat.<\/p>\n<p>Com a proposta fixa en cada sessi\u00f3 troben la granja, una granja de fusta sobre una gespa amb animals de granja. Com a propostes ja fetes han hagut; La tardor, una platja, un h\u00e0bitat de dinosaures, sorra amb ossos de dinosaures i uns pinzells per poder ser exploradors i exploradores per una estona. Un minimon de l\u2019hivern.<\/p>\n<p>Amb aquests mons ens apropem tant a la vida real, representant el que han viscut en algun moment de la seva vida com a la imagin\u00e0ria, creant all\u00f2 que els hi agradaria viure. Amb l\u2019observaci\u00f3 per part de l\u2019adult poden veure moments de joc simb\u00f2lic amb aquestes peces soltes, fent de fam\u00edlia amb un beb\u00e8, fent una rotllana i representant el rol de mestra&#8230;<\/p>\n<p>Els nens i les nenes tenen tamb\u00e9 l\u2019oportunitat de vivenciar les seves primeres intu\u00efcions geom\u00e8triques, organitzant la posici\u00f3 dels objectes en l\u2019espai. Aquests mons s\u00f3n, per tant, el resultat d\u2019organitzar el coneixement que tenen de les coses que l\u2019envolten posant en joc la seva reflexi\u00f3 i actuant d\u2019una manera conscient implicant-se en el joc.<br \/>\n<a href=\"https:\/\/agora.xtec.cat\/escolapacocandel\/wp-content\/uploads\/usu332\/2022\/12\/minimon-platja.png\"><img loading=\"lazy\" decoding=\"async\" class=\"size-medium wp-image-7077 alignleft\" src=\"https:\/\/agora.xtec.cat\/escolapacocandel\/wp-content\/uploads\/usu332\/2022\/12\/minimon-platja-300x274.png\" alt=\"\" width=\"300\" height=\"274\" srcset=\"https:\/\/agora.xtec.cat\/escolapacocandel\/wp-content\/uploads\/usu332\/2022\/12\/minimon-platja-300x274.png 300w, https:\/\/agora.xtec.cat\/escolapacocandel\/wp-content\/uploads\/usu332\/2022\/12\/minimon-platja.png 588w\" sizes=\"auto, (max-width: 300px) 100vw, 300px\" \/><\/a><br \/>\nAmb l&#8217;escenari d&#8217;una taula buida, una nena de 5 anys, comen\u00e7a a crear el que ser\u00e0 per ella el seu m\u00f3n idea, en el qual trobem des d&#8217;arbres, flors, pedres que representen un cam\u00ed, animals al costat d&#8217;un arbre perqu\u00e8 puguin menjar, petxines que faran de platja,cases com una gran ciutat, i persones&#8230; Al seu m\u00f3n conviuen animals i persones alhora, platja i ciutat&#8230; I ella engrescada amb el seu minimon intenta explicar-li-ho als seus companys i companyes per si volen ajudar-la.<\/p>\n<p><strong><em>\u201cL\u2019infant te cent llenguatges, cent mans, cent pensaments, cent formes de pensar, de jugar i de parlar, cent sempre cent maneres d\u2019escoltar, de sorprendre, d\u2019estimar, cent alegries per cantar i entendre\u201d (Loris Malaguzzi)<\/em><\/strong><\/p>\n<p>&nbsp;<\/p>\n<p>A continuaci\u00f3 us deixem un recull de fotografies de l&#8217;ambient de minimons:<\/p>\n<blockquote class=\"wp-embedded-content\" data-secret=\"mQcoDVsxcp\"><p><a href=\"https:\/\/agora.xtec.cat\/escolapacocandel\/general\/fotografies-ambient-minimons\/\">Protegit: Fotografies ambient minimons<\/a><\/p><\/blockquote>\n<p><iframe loading=\"lazy\" class=\"wp-embedded-content\" sandbox=\"allow-scripts\" security=\"restricted\" style=\"position: absolute; clip: rect(1px, 1px, 1px, 1px);\" title=\"&#8220;Protegit: Fotografies ambient minimons&#8221; &#8212; Escola Paco Candel\" src=\"https:\/\/agora.xtec.cat\/escolapacocandel\/general\/fotografies-ambient-minimons\/embed\/#?secret=wZIbeKAMJt#?secret=mQcoDVsxcp\" data-secret=\"mQcoDVsxcp\" width=\"500\" height=\"282\" frameborder=\"0\" marginwidth=\"0\" marginheight=\"0\" scrolling=\"no\"><\/iframe><\/p>\n","protected":false},"excerpt":{"rendered":"<p>Els minimons s\u00f3n representacions de mons reals o imaginaris creats a partir de peces soltes i altres elements que poden ser m\u00e9s representatius i que conviden al joc simb\u00f2lic.<br \/>\nLes peces soltes s\u00f3n elements que no tenen un prop\u00f2sit definit, per exemple, pals i pedretes que&hellip;  <a href=\"https:\/\/agora.xtec.cat\/escolapacocandel\/comunitat-de-petits\/ambient-de-minimons\/\" title=\"Read Ambient de Minimons\">Llegeix m\u00e9s\u00bb<\/a><\/p>\n","protected":false},"author":14,"featured_media":7077,"comment_status":"open","ping_status":"closed","sticky":false,"template":"","format":"standard","meta":{"_bbp_topic_count":0,"_bbp_reply_count":0,"_bbp_total_topic_count":0,"_bbp_total_reply_count":0,"_bbp_voice_count":0,"_bbp_anonymous_reply_count":0,"_bbp_topic_count_hidden":0,"_bbp_reply_count_hidden":0,"_bbp_forum_subforum_count":0,"footnotes":""},"categories":[128],"tags":[],"class_list":["post-7072","post","type-post","status-publish","format-standard","has-post-thumbnail","hentry","category-comunitat-de-petits"],"post_mailing_queue_ids":[],"_links":{"self":[{"href":"https:\/\/agora.xtec.cat\/escolapacocandel\/wp-json\/wp\/v2\/posts\/7072","targetHints":{"allow":["GET"]}}],"collection":[{"href":"https:\/\/agora.xtec.cat\/escolapacocandel\/wp-json\/wp\/v2\/posts"}],"about":[{"href":"https:\/\/agora.xtec.cat\/escolapacocandel\/wp-json\/wp\/v2\/types\/post"}],"author":[{"embeddable":true,"href":"https:\/\/agora.xtec.cat\/escolapacocandel\/wp-json\/wp\/v2\/users\/14"}],"replies":[{"embeddable":true,"href":"https:\/\/agora.xtec.cat\/escolapacocandel\/wp-json\/wp\/v2\/comments?post=7072"}],"version-history":[{"count":4,"href":"https:\/\/agora.xtec.cat\/escolapacocandel\/wp-json\/wp\/v2\/posts\/7072\/revisions"}],"predecessor-version":[{"id":7098,"href":"https:\/\/agora.xtec.cat\/escolapacocandel\/wp-json\/wp\/v2\/posts\/7072\/revisions\/7098"}],"wp:featuredmedia":[{"embeddable":true,"href":"https:\/\/agora.xtec.cat\/escolapacocandel\/wp-json\/wp\/v2\/media\/7077"}],"wp:attachment":[{"href":"https:\/\/agora.xtec.cat\/escolapacocandel\/wp-json\/wp\/v2\/media?parent=7072"}],"wp:term":[{"taxonomy":"category","embeddable":true,"href":"https:\/\/agora.xtec.cat\/escolapacocandel\/wp-json\/wp\/v2\/categories?post=7072"},{"taxonomy":"post_tag","embeddable":true,"href":"https:\/\/agora.xtec.cat\/escolapacocandel\/wp-json\/wp\/v2\/tags?post=7072"}],"curies":[{"name":"wp","href":"https:\/\/api.w.org\/{rel}","templated":true}]}}