{"id":7058,"date":"2022-12-21T11:05:50","date_gmt":"2022-12-21T10:05:50","guid":{"rendered":"https:\/\/agora.xtec.cat\/escolapacocandel\/?p=7058"},"modified":"2023-01-20T17:52:08","modified_gmt":"2023-01-20T16:52:08","slug":"mmm-la-xocolata","status":"publish","type":"post","link":"https:\/\/agora.xtec.cat\/escolapacocandel\/comunitat-de-mitjans\/mmm-la-xocolata\/","title":{"rendered":"MMM&#8230; la xocolata!"},"content":{"rendered":"<p><strong>LA XOCOLATA<\/strong><\/p>\n<p>Els infants de 1r A van decidir, despr\u00e9s d&#8217;una votaci\u00f3 molt renyida, que el nom de la classe fos <em>La xocolata.<\/em> El nom de l&#8217;aula ha estat el projecte d&#8217;aquest primer trimestre i totes elles i ells han volgut saber i investigar moltes coses. Com tot all\u00f2 que vol\u00edem saber no ho pod\u00edem investigar, vam decidir marcar-nos uns objectius.<\/p>\n<ul>\n<li style=\"list-style-type: none;\">\n<ul>\n<li>D&#8217;on prov\u00e9 el cacau?<\/li>\n<li>L&#8217;arbre del cacau.<\/li>\n<li>El proc\u00e9s del cacau.<\/li>\n<li>Tipus de xocolata.<\/li>\n<\/ul>\n<\/li>\n<\/ul>\n<p>A partir d&#8217;aqu\u00ed, vam rebre una carta d&#8217;una mestra xocolatera on ens anomenava una paraula que la majoria no hav\u00edem escoltat mai: AM\u00c8RICA. Aix\u00f2 ens va crear curiositat i vam esbrinar on estava Am\u00e8rica i quina relaci\u00f3 tenia amb la xocolata.<\/p>\n<p><img loading=\"lazy\" decoding=\"async\" class=\"wp-image-7152 alignleft\" style=\"border: none; color: #2795b6;\" src=\"https:\/\/agora.xtec.cat\/escolapacocandel\/wp-content\/uploads\/usu332\/2022\/12\/IMG_2800.jpg\" alt=\"\" width=\"165\" height=\"220\" srcset=\"https:\/\/agora.xtec.cat\/escolapacocandel\/wp-content\/uploads\/usu332\/2022\/12\/IMG_2800.jpg 621w, https:\/\/agora.xtec.cat\/escolapacocandel\/wp-content\/uploads\/usu332\/2022\/12\/IMG_2800-225x300.jpg 225w\" sizes=\"auto, (max-width: 165px) 100vw, 165px\" \/><\/p>\n<p>Despr\u00e9s vam descobrir que la xocolata provenia d&#8217;un arbre anomenat Arbre del Cacau. Llavors, vam investigar les seves parts per arribar al fruit del cacau.<\/p>\n<p><img loading=\"lazy\" decoding=\"async\" class=\"alignright\" src=\"https:\/\/lh3.googleusercontent.com\/yohPL4tsX79RccGlB57VWro4AfTa_c_afRfDGyfp-kCfnpRdtyhNfL9bjL1MwfnMe8kSS7IV8ghqmjxIvpBDfI011DchFxr8y13LRhZtzw7Pc9ZfQvYWzzwpZIwAoI4ZpJeTPjmik1zCak3nsq9q9yUscUTLVW0ggh--Y3wUVTd72fjSrm9YGcAq9yTh0Jlm7kRkw5-ekIaz9eTCLdj5Ba0hNS_cm8UyFDRFk-k58fjsrFZxNKrdDyHqlIU1zyXC7Cts67Pt_HqxuuyjWEhYFF3oWobvTSg_GTgGUuxXhynP-RmTDaLd3c8anFtP2bT-lRi5gKfT4LvqWyREYiwQAVe1xtn-vrqU8jH5GXDaLJPdeX_Y8XsRZBEg-HF3trLiv602WhHp8nkGPGbVO8JBWjKmKyRlOEyouYa19h3aq6u8m2qmDU0PPtZwDHS4U-Qh_TPzHFn0hPWqsASG21Q59gtFzinK_H9Cxb4g_nz3_p1MzpX8wI29Pgc9Td1Z7MKN4xsIZHlfOGtuBlCKO0ccjh4cCzmYhSZZYcbvULNgLKSOSBDQhlhsZn9ezYnC3hHW1tSd2P81b6BUAXOi4-O82U6xnB21B2ubkvTI9Q457v7DnEBbyR0pphJPzCCBck7WJFt3IWNC1m1NtTmRUnwbV7Wl6PaxdF61_MNwjSKUAYtKjYM8u2VKXFQ9WmZNgImO_4IJpsaoDUGs86Qqfwe6uU1wh1SqoXAj6VT5J3ciYJ3OVag8sptsHJNm4ciKguFvJJUYKPWZ6qiFgB-_SSo-OPBfd8Dohrx0TbmKPXHgkS9CRDBd6peRfuHDshPRii5c9NfmElrRfjucs8mTckQKSfzBn_QuX5OxiUfV2UYtKHuJRSEYC84PNdRhHlHceCQhgIBIWzDb4ilPgZy0Frd_QoQpyHYmB479sRj3QraA9IDQ=w1104-h828-no?authuser=0\" width=\"235\" height=\"176\" \/><\/p>\n<p>Un cop ja sab\u00edem que sortia d&#8217;un arbre, ens vam preguntar com d&#8217;aquell fruit passava a fer-se xocolata. Per tant, vam buscar quin era el proc\u00e9s del cacau per arribar a la xocolata.<\/p>\n<p><span style=\"font-family: inherit; font-size: 1em;\">Despr\u00e9s, ten\u00edem molta curiositat per saber per qu\u00e8 la xocolata tenia diferents colors, doncs, vam investigar els seus tipus. <\/span><\/p>\n<p><span style=\"font-family: inherit; font-size: 1em;\">Llavors ens vam adonar que s&#8217;utilitzaven diferents ingredients segons si\u00a0<\/span><span style=\"font-family: inherit; font-size: 1em;\">\u00e9s xocolata negra, amb llet o blanca.<\/span><\/p>\n<p><img loading=\"lazy\" decoding=\"async\" class=\"alignleft\" src=\"https:\/\/lh3.googleusercontent.com\/VoVrNpvAzduBhe-ovWtYxffeHDrm2jd1Y1rMg2wJEB3TTOaLOu22Y5RxsGOU4xbhSivqQLdtZCUpM8o1WDRtnESLC3j7rPbv4YryKTE92gpx8bw6P8qX_dFWxvFaSQ1M6WdKYKF2WmnEj9JqDrvfABOz666vXWLXtDhdc9GlmEL0s3kNRzE86ZH8s_284Wy1WOCZynItPfODAkVkIxsmrnglYA-sqwM9mJQmSv6nFZ3KbXkM75_3fohGF8VpYC8ecl3pTCLZ0KKjaW7Ihzbevz29Eq3fT99iEjx966jpvXsoNQis-PsV7YmQBUj7ZmpWxiMhdamEe1WjpF2oGndYbrgKeQHYu6v9PvY-uQKGTUGgvmXZcwh8wRuU_0l7u8YR8cDxCdsuY7CEncpUsHfW7kARR1TNMnZF6Py9MCHS4L0frX97w0Jmxoo4UJweWw6PqEGP_dUiBr1y24IBf4kmwyqpQ3M9m42thY1PZYn9pfhhhNAcJLBiiLGFkeNsww9MFOumkdZLwdAfSXytDK-hR3a634ilBPUdRAuH_Kl-eGjOgAHaZCTa35chOEo7wLnG82i3fu-Op1wAGf82SFZkuV0__L8YmlRlkgKVby11znaUpFyCwa_RWzlhWw5EAR6c-cMeQQjOLhKTupQAJ6P0hgzKQyWiRvlpnD_loZJRgljbiCtiJ1cMHLA12gicNpQzHeUKGW1nutsw2QKZusW2uU8DJBuH0KWSrHWKnv4EwzS0sS16cs3lJruJP6QShC7RQVdktWPJzqejAH9GoMzg97odY6TtCqB9168D-9DFZoYotTz-6HlGyqc7kdCUtGWaXLvLaEOdlOdfgNPHm-B4qw2-IzLSFsQGvaDoUM_NpTxDrABNM71wOotpWAeVMiYaWYhogO2rpgqc1mC76IpoCgcun9rena7af984Pc1X-iac=w623-h828-no?authuser=0\" width=\"140\" height=\"187\" \/>Entremig d&#8217;aquesta investigaci\u00f3, vam pintar amb xocolata, alguns vam aprofitar per menjar-ne una mica, i ens ho hem passat molt b\u00e9!<\/p>\n<p>Per acabar el projecte, hem anat de sortida al Museu de la Xocolata i ara ja s\u00ed que es pot dir que som tot uns experts.<\/p>\n<p>Fins aviat fam\u00edlies!<\/p>\n","protected":false},"excerpt":{"rendered":"<p>LA XOCOLATA<br \/>\nEls infants de 1r A van decidir, despr\u00e9s d&#8217;una votaci\u00f3 molt renyida, que el nom de la classe fos La xocolata. El nom de l&#8217;aula ha estat el projecte d&#8217;aquest primer trimestre i totes elles i ells han volgut saber i investigar moltes coses.&hellip;  <a href=\"https:\/\/agora.xtec.cat\/escolapacocandel\/comunitat-de-mitjans\/mmm-la-xocolata\/\" title=\"Read MMM&#8230; la xocolata!\">Llegeix m\u00e9s\u00bb<\/a><\/p>\n","protected":false},"author":1,"featured_media":0,"comment_status":"open","ping_status":"closed","sticky":false,"template":"","format":"standard","meta":{"_bbp_topic_count":0,"_bbp_reply_count":0,"_bbp_total_topic_count":0,"_bbp_total_reply_count":0,"_bbp_voice_count":0,"_bbp_anonymous_reply_count":0,"_bbp_topic_count_hidden":0,"_bbp_reply_count_hidden":0,"_bbp_forum_subforum_count":0,"footnotes":""},"categories":[127],"tags":[],"class_list":["post-7058","post","type-post","status-publish","format-standard","hentry","category-comunitat-de-mitjans"],"post_mailing_queue_ids":[],"_links":{"self":[{"href":"https:\/\/agora.xtec.cat\/escolapacocandel\/wp-json\/wp\/v2\/posts\/7058","targetHints":{"allow":["GET"]}}],"collection":[{"href":"https:\/\/agora.xtec.cat\/escolapacocandel\/wp-json\/wp\/v2\/posts"}],"about":[{"href":"https:\/\/agora.xtec.cat\/escolapacocandel\/wp-json\/wp\/v2\/types\/post"}],"author":[{"embeddable":true,"href":"https:\/\/agora.xtec.cat\/escolapacocandel\/wp-json\/wp\/v2\/users\/1"}],"replies":[{"embeddable":true,"href":"https:\/\/agora.xtec.cat\/escolapacocandel\/wp-json\/wp\/v2\/comments?post=7058"}],"version-history":[{"count":3,"href":"https:\/\/agora.xtec.cat\/escolapacocandel\/wp-json\/wp\/v2\/posts\/7058\/revisions"}],"predecessor-version":[{"id":7281,"href":"https:\/\/agora.xtec.cat\/escolapacocandel\/wp-json\/wp\/v2\/posts\/7058\/revisions\/7281"}],"wp:attachment":[{"href":"https:\/\/agora.xtec.cat\/escolapacocandel\/wp-json\/wp\/v2\/media?parent=7058"}],"wp:term":[{"taxonomy":"category","embeddable":true,"href":"https:\/\/agora.xtec.cat\/escolapacocandel\/wp-json\/wp\/v2\/categories?post=7058"},{"taxonomy":"post_tag","embeddable":true,"href":"https:\/\/agora.xtec.cat\/escolapacocandel\/wp-json\/wp\/v2\/tags?post=7058"}],"curies":[{"name":"wp","href":"https:\/\/api.w.org\/{rel}","templated":true}]}}