{"id":7048,"date":"2022-12-16T10:58:28","date_gmt":"2022-12-16T09:58:28","guid":{"rendered":"https:\/\/agora.xtec.cat\/escolapacocandel\/?p=7048"},"modified":"2022-12-16T10:58:28","modified_gmt":"2022-12-16T09:58:28","slug":"ritmes-i-veus-dafrica-3r-de-primaria","status":"publish","type":"post","link":"https:\/\/agora.xtec.cat\/escolapacocandel\/general\/ritmes-i-veus-dafrica-3r-de-primaria\/","title":{"rendered":"Ritmes i veus d&#8217;\u00c0frica 3r de Prim\u00e0ria"},"content":{"rendered":"<p>Fam\u00edlies de 3r,<\/p>\n<p>Aquest passat dimecres 30 de novembre els infants de l&#8217;Univers i el Cinema van anar al Caixa F\u00f2rum a gaudir d&#8217;una activitat de m\u00fasica: Ritmes i veus d&#8217;Africa.<\/p>\n<p>En una sala for\u00e7a gran, un monitor, ens va fer de guia per treballar diferents ritmes que podem fer amb el nostre cos. Vam poder ballar, cantar i fer coreografies de dos pa\u00efsos africans: Ganna i Sud-\u00e0frica.<\/p>\n<p>Les can\u00e7ons que vam aprendre s\u00f3n for\u00e7a divertides! Us animem a que mireu els v\u00eddeos i aix\u00ed poder-les cantar a casa tots plegats i plegades!<\/p>\n<p>&nbsp;<\/p>\n<p>Mestres de 3r<\/p>\n<blockquote class=\"wp-embedded-content\" data-secret=\"IXkOYi4qC5\"><p><a href=\"https:\/\/agora.xtec.cat\/escolapacocandel\/fotos-privat\/fotos-ritmes-i-veus-dafrica\/\">Protegit: Fotos Ritmes i veus d&#8217;\u00c0frica<\/a><\/p><\/blockquote>\n<p><iframe loading=\"lazy\" class=\"wp-embedded-content\" sandbox=\"allow-scripts\" security=\"restricted\" style=\"position: absolute; clip: rect(1px, 1px, 1px, 1px);\" title=\"&#8220;Protegit: Fotos Ritmes i veus d&#8217;\u00c0frica&#8221; &#8212; Escola Paco Candel\" src=\"https:\/\/agora.xtec.cat\/escolapacocandel\/fotos-privat\/fotos-ritmes-i-veus-dafrica\/embed\/#?secret=ECJc7cDYck#?secret=IXkOYi4qC5\" data-secret=\"IXkOYi4qC5\" width=\"500\" height=\"282\" frameborder=\"0\" marginwidth=\"0\" marginheight=\"0\" scrolling=\"no\"><\/iframe><\/p>\n","protected":false},"excerpt":{"rendered":"<p>Fam\u00edlies de 3r,<br \/>\nAquest passat dimecres 30 de novembre els infants de l&#8217;Univers i el Cinema van anar al Caixa F\u00f2rum a gaudir d&#8217;una activitat de m\u00fasica: Ritmes i veus d&#8217;Africa.<br \/>\nEn una sala for\u00e7a gran, un monitor, ens va fer de guia per treballar diferents ritmes&hellip;  <a href=\"https:\/\/agora.xtec.cat\/escolapacocandel\/general\/ritmes-i-veus-dafrica-3r-de-primaria\/\" title=\"Read Ritmes i veus d&#8217;\u00c0frica 3r de Prim\u00e0ria\">Llegeix m\u00e9s\u00bb<\/a><\/p>\n","protected":false},"author":1,"featured_media":0,"comment_status":"open","ping_status":"closed","sticky":false,"template":"","format":"standard","meta":{"_bbp_topic_count":0,"_bbp_reply_count":0,"_bbp_total_topic_count":0,"_bbp_total_reply_count":0,"_bbp_voice_count":0,"_bbp_anonymous_reply_count":0,"_bbp_topic_count_hidden":0,"_bbp_reply_count_hidden":0,"_bbp_forum_subforum_count":0,"footnotes":""},"categories":[127,1,141],"tags":[],"class_list":["post-7048","post","type-post","status-publish","format-standard","hentry","category-comunitat-de-mitjans","category-general","category-3r"],"post_mailing_queue_ids":[],"_links":{"self":[{"href":"https:\/\/agora.xtec.cat\/escolapacocandel\/wp-json\/wp\/v2\/posts\/7048","targetHints":{"allow":["GET"]}}],"collection":[{"href":"https:\/\/agora.xtec.cat\/escolapacocandel\/wp-json\/wp\/v2\/posts"}],"about":[{"href":"https:\/\/agora.xtec.cat\/escolapacocandel\/wp-json\/wp\/v2\/types\/post"}],"author":[{"embeddable":true,"href":"https:\/\/agora.xtec.cat\/escolapacocandel\/wp-json\/wp\/v2\/users\/1"}],"replies":[{"embeddable":true,"href":"https:\/\/agora.xtec.cat\/escolapacocandel\/wp-json\/wp\/v2\/comments?post=7048"}],"version-history":[{"count":3,"href":"https:\/\/agora.xtec.cat\/escolapacocandel\/wp-json\/wp\/v2\/posts\/7048\/revisions"}],"predecessor-version":[{"id":7184,"href":"https:\/\/agora.xtec.cat\/escolapacocandel\/wp-json\/wp\/v2\/posts\/7048\/revisions\/7184"}],"wp:attachment":[{"href":"https:\/\/agora.xtec.cat\/escolapacocandel\/wp-json\/wp\/v2\/media?parent=7048"}],"wp:term":[{"taxonomy":"category","embeddable":true,"href":"https:\/\/agora.xtec.cat\/escolapacocandel\/wp-json\/wp\/v2\/categories?post=7048"},{"taxonomy":"post_tag","embeddable":true,"href":"https:\/\/agora.xtec.cat\/escolapacocandel\/wp-json\/wp\/v2\/tags?post=7048"}],"curies":[{"name":"wp","href":"https:\/\/api.w.org\/{rel}","templated":true}]}}