{"id":7001,"date":"2022-12-09T10:00:42","date_gmt":"2022-12-09T09:00:42","guid":{"rendered":"https:\/\/agora.xtec.cat\/escolapacocandel\/?p=7001"},"modified":"2022-12-01T11:39:43","modified_gmt":"2022-12-01T10:39:43","slug":"ambient-onu","status":"publish","type":"post","link":"https:\/\/agora.xtec.cat\/escolapacocandel\/comunitat-de-grans\/ambient-onu\/","title":{"rendered":"Ambient ONU"},"content":{"rendered":"<p><strong>ONU\u00a0<\/strong><\/p>\n<p style=\"text-align: left;\">Els ambients sempre tenen una caracter\u00edstica molt important que \u00e9s la col\u00b7laboraci\u00f3 i la descoberta a trav\u00e9s de nous reptes. Aquest any, s&#8217;ha proposat a la comunitat de grans, un nou ambient <span style=\"font-family: inherit; font-size: 1em;\">que \u00e9s el de l&#8217;ONU. Aquest nou repte agafa la idea de la mateixa Organitzaci\u00f3 de les nacions unides on els pa\u00efsos participants, generen debats i propostes per tal de millorar problemes del m\u00f3n.<\/span><\/p>\n<p><img loading=\"lazy\" decoding=\"async\" class=\"alignleft\" src=\"https:\/\/definicion.de\/wp-content\/uploads\/2008\/08\/onu.png\" alt=\"Qu\u00e9 es ONU - Definici\u00f3n, Significado y Concepto\" width=\"174\" height=\"122\" \/><\/p>\n<p style=\"text-align: left;\">L&#8217;inici d&#8217;aquest ambient \u00e9s amb la presentaci\u00f3 formal de &#8220;l&#8217;ONU&#8221; i ells <span style=\"font-family: inherit; font-size: 1em;\">i elles com me<\/span><span style=\"font-family: inherit; font-size: 1em;\">mbres oficials. Un cop iniciat aquest moment, escullen el pa\u00eds el qual hauran de repres<\/span><span style=\"font-family: inherit; font-size: 1em;\">entar en tot moment.<\/span><\/p>\n<p>&nbsp;<\/p>\n<p style=\"text-align: left;\">Seguidament i una vegada ent\u00e8s aquest concepte, es planteja un\u00a0<span class=\"hiddenGreenError\" style=\"padding-bottom: 2px; background-image: url('..\/..\/..\/..\/..\/images\/squiggle_green.png'); background-repeat: repeat-x; background-position: left bottom; cursor: default; color: #000000; font-family: 'Open Sans', Helvetica, Arial, sans-serif; font-size: 16px; font-style: normal; font-variant-ligatures: normal; font-variant-caps: normal; font-weight: 300; letter-spacing: normal; orphans: 2; text-align: start; text-indent: 0px; text-transform: none; white-space: normal; widows: 2; word-spacing: 0px; -webkit-text-stroke-width: 0px; text-decoration-thickness: initial; text-decoration-style: initial; text-decoration-color: initial;\">problema<\/span>\u00a0mundial actual que han de solucionar entre tots i totes mitjan\u00e7ant un debat final que es realitza l&#8217;\u00faltima sessi\u00f3. Per poder arribar aquest debat, \u00e9s necessari primer de tot, entendre que \u00e9s un debat i, en segon lloc, con\u00e8ixer a profunditat aquell pa\u00eds que s&#8217;est\u00e0 representant mitjan\u00e7ant totes les sessions restants de l&#8217;ambient.<\/p>\n<p style=\"text-align: left;\">Aquest ambient \u00e9s un moment de reflexi\u00f3 cr\u00edtica i coneixen\u00e7a del m\u00f3n des de nous conceptes com l&#8217;econ\u00f2mic i el pol\u00edtic, endinsant-nos en drets humans,\u00a0<span class=\"hiddenGreenError\" style=\"padding-bottom: 2px; background-image: url('..\/..\/..\/..\/..\/images\/squiggle_green.png'); background-repeat: repeat-x; background-position: left bottom; cursor: default; color: #000000; font-family: 'Open Sans', Helvetica, Arial, sans-serif; font-size: 16px; font-style: normal; font-variant-ligatures: normal; font-variant-caps: normal; font-weight: 300; letter-spacing: normal; orphans: 2; text-align: start; text-indent: 0px; text-transform: none; white-space: normal; widows: 2; word-spacing: 0px; -webkit-text-stroke-width: 0px; text-decoration-thickness: initial; text-decoration-style: initial; text-decoration-color: initial;\">problemes<\/span>\u00a0mediambientals i clim\u00e0tics.<\/p>\n<p>&nbsp;<\/p>\n","protected":false},"excerpt":{"rendered":"<p>ONU\u00a0<br \/>\nEls ambients sempre tenen una caracter\u00edstica molt important que \u00e9s la col\u00b7laboraci\u00f3 i la descoberta a trav\u00e9s de nous reptes. Aquest any, s&#8217;ha proposat a la comunitat de grans, un nou ambient que \u00e9s el de l&#8217;ONU. Aquest nou repte agafa la idea de la&hellip;  <a href=\"https:\/\/agora.xtec.cat\/escolapacocandel\/comunitat-de-grans\/ambient-onu\/\" title=\"Read Ambient ONU\">Llegeix m\u00e9s\u00bb<\/a><\/p>\n","protected":false},"author":1,"featured_media":0,"comment_status":"open","ping_status":"closed","sticky":false,"template":"","format":"standard","meta":{"_bbp_topic_count":0,"_bbp_reply_count":0,"_bbp_total_topic_count":0,"_bbp_total_reply_count":0,"_bbp_voice_count":0,"_bbp_anonymous_reply_count":0,"_bbp_topic_count_hidden":0,"_bbp_reply_count_hidden":0,"_bbp_forum_subforum_count":0,"footnotes":""},"categories":[129],"tags":[96],"class_list":["post-7001","post","type-post","status-publish","format-standard","hentry","category-comunitat-de-grans","tag-ambients"],"post_mailing_queue_ids":[],"_links":{"self":[{"href":"https:\/\/agora.xtec.cat\/escolapacocandel\/wp-json\/wp\/v2\/posts\/7001","targetHints":{"allow":["GET"]}}],"collection":[{"href":"https:\/\/agora.xtec.cat\/escolapacocandel\/wp-json\/wp\/v2\/posts"}],"about":[{"href":"https:\/\/agora.xtec.cat\/escolapacocandel\/wp-json\/wp\/v2\/types\/post"}],"author":[{"embeddable":true,"href":"https:\/\/agora.xtec.cat\/escolapacocandel\/wp-json\/wp\/v2\/users\/1"}],"replies":[{"embeddable":true,"href":"https:\/\/agora.xtec.cat\/escolapacocandel\/wp-json\/wp\/v2\/comments?post=7001"}],"version-history":[{"count":3,"href":"https:\/\/agora.xtec.cat\/escolapacocandel\/wp-json\/wp\/v2\/posts\/7001\/revisions"}],"predecessor-version":[{"id":7044,"href":"https:\/\/agora.xtec.cat\/escolapacocandel\/wp-json\/wp\/v2\/posts\/7001\/revisions\/7044"}],"wp:attachment":[{"href":"https:\/\/agora.xtec.cat\/escolapacocandel\/wp-json\/wp\/v2\/media?parent=7001"}],"wp:term":[{"taxonomy":"category","embeddable":true,"href":"https:\/\/agora.xtec.cat\/escolapacocandel\/wp-json\/wp\/v2\/categories?post=7001"},{"taxonomy":"post_tag","embeddable":true,"href":"https:\/\/agora.xtec.cat\/escolapacocandel\/wp-json\/wp\/v2\/tags?post=7001"}],"curies":[{"name":"wp","href":"https:\/\/api.w.org\/{rel}","templated":true}]}}