{"id":6989,"date":"2022-11-29T14:51:50","date_gmt":"2022-11-29T13:51:50","guid":{"rendered":"https:\/\/agora.xtec.cat\/escolapacocandel\/?p=6989"},"modified":"2023-11-09T13:48:44","modified_gmt":"2023-11-09T12:48:44","slug":"entrevistem-a-un-actor","status":"publish","type":"post","link":"https:\/\/agora.xtec.cat\/escolapacocandel\/comunitat-de-mitjans\/2n\/entrevistem-a-un-actor\/","title":{"rendered":"ENTREVISTEM A UN ACTOR"},"content":{"rendered":"<p><span style=\"font-weight: 400;\">Benvolgudes fam\u00edlies de la classe dels actors i les actrius,<\/span><\/p>\n<p><span style=\"font-weight: 400;\">Fa unes setmanes va venir a la nostra escola l&#8217;actor \u00c0lex Losada a qui vam poder fer una entrevista gr\u00e0cies a una mare que ens va posar en contacte amb ell.<\/span><\/p>\n<p><span style=\"font-weight: 400;\">Uns dies abans ens van facilitar el seu curr\u00edculum i vam estar llegint tot el que havia fet : teatre, cinema, curtmetratges, pel\u00b7l\u00edcules!\u00a0<\/span><\/p>\n<p><span style=\"font-weight: 400;\">Quan ja sab\u00edem moltes coses perqu\u00e8 hav\u00edem estat investigant sobre ell, vam pensar entre tots i totes quines preguntes li podr\u00edem fer el dia que vingu\u00e9s a l&#8217;entrevista i cadasc\u00fa les va anotar a la llibreta personal.<\/span><\/p>\n<p><span style=\"font-weight: 400;\">Aqu\u00ed teniu algunes fotografies de com ens vam organitzar a classe per poder rebre&#8217;l.<\/span><\/p>\n<p><a href=\"https:\/\/agora.xtec.cat\/escolapacocandel\/fotos-privat\/fotos-entrevista-actor\/\">FOTOS ENTREVISTA ACTOR<\/a><\/p>\n","protected":false},"excerpt":{"rendered":"<p>Benvolgudes fam\u00edlies de la classe dels actors i les actrius,<br \/>\nFa unes setmanes va venir a la nostra escola l&#8217;actor \u00c0lex Losada a qui vam poder fer una entrevista gr\u00e0cies a una mare que ens va posar en contacte amb ell.<br \/>\nUns dies abans ens van facilitar&hellip;  <a href=\"https:\/\/agora.xtec.cat\/escolapacocandel\/comunitat-de-mitjans\/2n\/entrevistem-a-un-actor\/\" title=\"Read ENTREVISTEM A UN ACTOR\">Llegeix m\u00e9s\u00bb<\/a><\/p>\n","protected":false},"author":1,"featured_media":7667,"comment_status":"open","ping_status":"closed","sticky":false,"template":"","format":"standard","meta":{"_bbp_topic_count":0,"_bbp_reply_count":0,"_bbp_total_topic_count":0,"_bbp_total_reply_count":0,"_bbp_voice_count":0,"_bbp_anonymous_reply_count":0,"_bbp_topic_count_hidden":0,"_bbp_reply_count_hidden":0,"_bbp_forum_subforum_count":0,"footnotes":""},"categories":[137],"tags":[99],"class_list":["post-6989","post","type-post","status-publish","format-standard","has-post-thumbnail","hentry","category-2n","tag-projecte"],"post_mailing_queue_ids":[],"_links":{"self":[{"href":"https:\/\/agora.xtec.cat\/escolapacocandel\/wp-json\/wp\/v2\/posts\/6989","targetHints":{"allow":["GET"]}}],"collection":[{"href":"https:\/\/agora.xtec.cat\/escolapacocandel\/wp-json\/wp\/v2\/posts"}],"about":[{"href":"https:\/\/agora.xtec.cat\/escolapacocandel\/wp-json\/wp\/v2\/types\/post"}],"author":[{"embeddable":true,"href":"https:\/\/agora.xtec.cat\/escolapacocandel\/wp-json\/wp\/v2\/users\/1"}],"replies":[{"embeddable":true,"href":"https:\/\/agora.xtec.cat\/escolapacocandel\/wp-json\/wp\/v2\/comments?post=6989"}],"version-history":[{"count":2,"href":"https:\/\/agora.xtec.cat\/escolapacocandel\/wp-json\/wp\/v2\/posts\/6989\/revisions"}],"predecessor-version":[{"id":7670,"href":"https:\/\/agora.xtec.cat\/escolapacocandel\/wp-json\/wp\/v2\/posts\/6989\/revisions\/7670"}],"wp:featuredmedia":[{"embeddable":true,"href":"https:\/\/agora.xtec.cat\/escolapacocandel\/wp-json\/wp\/v2\/media\/7667"}],"wp:attachment":[{"href":"https:\/\/agora.xtec.cat\/escolapacocandel\/wp-json\/wp\/v2\/media?parent=6989"}],"wp:term":[{"taxonomy":"category","embeddable":true,"href":"https:\/\/agora.xtec.cat\/escolapacocandel\/wp-json\/wp\/v2\/categories?post=6989"},{"taxonomy":"post_tag","embeddable":true,"href":"https:\/\/agora.xtec.cat\/escolapacocandel\/wp-json\/wp\/v2\/tags?post=6989"}],"curies":[{"name":"wp","href":"https:\/\/api.w.org\/{rel}","templated":true}]}}