{"id":6963,"date":"2022-11-30T09:00:54","date_gmt":"2022-11-30T08:00:54","guid":{"rendered":"https:\/\/agora.xtec.cat\/escolapacocandel\/?p=6963"},"modified":"2022-12-01T11:40:10","modified_gmt":"2022-12-01T10:40:10","slug":"projecte-logotips","status":"publish","type":"post","link":"https:\/\/agora.xtec.cat\/escolapacocandel\/comunitat-de-grans\/projecte-logotips\/","title":{"rendered":"Projecte Logotips"},"content":{"rendered":"<p style=\"text-align: justify;\">El nom de la classe \u00e9s un referent pels infants i serveix per identificar el grup en diverses situacions educatives i l\u00fadiques. Aprofitant aquesta situaci\u00f3, el grup comen\u00e7a a pensar quina proposta fer i a treballar en el tema, el qual normalment neix d&#8217;un inter\u00e8s com\u00fa a l&#8217;hora de triar el nom de la classe. L&#8217;alumnat de la classe de\u00a0<span class=\"hiddenSpellError\">6\u00e8A<\/span>\u00a0ha escollit aquest trimestre l&#8217;\u00faltim &#8220;nom de la classe&#8221; abans de finalitzat l&#8217;etapa de prim\u00e0ria: <strong>LOGOTIPS<\/strong>.<\/p>\n<p style=\"text-align: justify;\">Aquest any, com a grup ho tenien prou clar i des de l&#8217;inici s&#8217;escoltava amb for\u00e7a aquesta idea. En primer lloc, vam fer unes exposicions individuals, en parelles o petits grups per escoltar les propostes, fer preguntes a la resta i anar pensant quines activitats dur a terme amb aquest projecte. A m\u00e9s, destaquen objectius globals del projecte que acompanyen fins que termina com:<br \/>\n&#8211; Saber expressar l&#8217;opini\u00f3 personal.<br \/>\n&#8211; Respectar les aportacions dels altres i el proc\u00e9s d&#8217;elecci\u00f3 del nom.<br \/>\n&#8211; Sentir la pertinen\u00e7a a un grup.<\/p>\n<p>Es parteix sempre de la iniciativa individual i lliure de cada infant per passar a la votaci\u00f3 democr\u00e0tica de tothom plegats. Una vegada tothom ha exposat la seva opini\u00f3 i s&#8217;ha decidit el nom de la classe, arriba la pluja d&#8217;idees, la qual determinar\u00e0 els aprenentatges i sabers que el grup vol treballar i com ho vol fer. Aquesta pluja d&#8217;idees va ser la base des de la tasca inicial fins a arribar a la tasca final. Tamb\u00e9 \u00e9s un document viu que com a grup hem anat revisant, fen anotacions i modificant. A m\u00e9s a\u00a0<span class=\"hiddenGrammarError\">m\u00e9s<\/span>\u00a0hem dissenyat i elaborat la nostra porta de l&#8217;aula de manera col\u00b7laborativa i tothom aportant les nostres idees.<\/p>\n<p style=\"text-align: justify;\">Amb aquest projecte dels Logotips hem encabit diversos aspectes relacionats amb el m\u00e0rqueting i la publicitat, el disseny de logotips i marques, l&#8217;evoluci\u00f3 d&#8217;una marca i sobretot, una part m\u00e9s cr\u00edtica respecte al que ens trobem darrere d&#8217;una marca (avantatges i inconvenients, si s\u00f3n perjudicials\u00a0<span class=\"hiddenGrammarError\">pe<\/span>l planeta, contaminaci\u00f3 i reciclatge&#8230;). L&#8217;\u00e0mbit digital ha estat molt present en el proc\u00e9s de les tasques i la gran majoria estan en suport <em>Classroom, Canva, Drive<\/em> o\u00a0<em><span class=\"hiddenGrammarError\">Power Point<\/span><\/em>, gr\u00e0cies als dispositius unipersonals dels quals disposen els i les alumnes.<br \/>\nEl projecte s&#8217;ha dut a terme en estones de Teixit d&#8217;aula i en angl\u00e8s, amb les estones de\u00a0<em><span class=\"hiddenGrammarError\">Project<\/span><\/em>.<\/p>\n<p style=\"text-align: justify;\">Tamb\u00e9 amb la sortida de projecte al Museu del Disseny de Barcelona, hem pogut aprendre aspectes relacionats amb el disseny i realitzar un taller <strong>&#8220;L&#8217;abec\u00e9 del disseny gr\u00e0fic: color, tipografia i composici\u00f3&#8221;<\/strong>.<a href=\"https:\/\/agora.xtec.cat\/escolapacocandel\/wp-content\/uploads\/usu332\/2022\/11\/Sortida-Projecte-35.jpg\"><img loading=\"lazy\" decoding=\"async\" class=\"wp-image-6994 size-medium alignright\" src=\"https:\/\/agora.xtec.cat\/escolapacocandel\/wp-content\/uploads\/usu332\/2022\/11\/Sortida-Projecte-35-300x225.jpg\" alt=\"\" width=\"300\" height=\"225\" srcset=\"https:\/\/agora.xtec.cat\/escolapacocandel\/wp-content\/uploads\/usu332\/2022\/11\/Sortida-Projecte-35-300x225.jpg 300w, https:\/\/agora.xtec.cat\/escolapacocandel\/wp-content\/uploads\/usu332\/2022\/11\/Sortida-Projecte-35-768x576.jpg 768w, https:\/\/agora.xtec.cat\/escolapacocandel\/wp-content\/uploads\/usu332\/2022\/11\/Sortida-Projecte-35-200x150.jpg 200w, https:\/\/agora.xtec.cat\/escolapacocandel\/wp-content\/uploads\/usu332\/2022\/11\/Sortida-Projecte-35.jpg 1024w\" sizes=\"auto, (max-width: 300px) 100vw, 300px\" \/><\/a><br \/>\nEn la visita, primer van veure l&#8217;exposici\u00f3: Dissenyes o treballes? La nova comunicaci\u00f3 visual. 1980 \u2013 2003, l&#8217;alumnat va poder con\u00e8ixer les principals eines i processos del disseny gr\u00e0fic. A partir d&#8217;algunes peces de la col\u00b7lecci\u00f3 van descobrir la import\u00e0ncia de la tipografia, el color i la composici\u00f3. Despr\u00e9s, al taller, van crear els seus personatges tipogr\u00e0fics. L&#8217;objectiu d&#8217;aquest taller, \u00e9s continuar explorant les potencialitats de la tipografia com a eina de comunicaci\u00f3, tot activant la imaginaci\u00f3 i les compet\u00e8ncies art\u00edstiques. Tamb\u00e9, al llarg de l&#8217;activitat es fomenta el treball en equip per tal de generar narratives visuals que dialoguin amb els principis del disseny gr\u00e0fic.<\/p>\n<p><strong>Us deixem les fotos de la sortida aqu\u00ed tamb\u00e9:\u00a0<\/strong><a href=\"https:\/\/agora.xtec.cat\/escolapacocandel\/fotos-privat\/sortida-projecte-6ea\/\">https:\/\/agora.xtec.cat\/escolapacocandel\/fotos-privat\/sortida-projecte-6ea\/<\/a><\/p>\n<p style=\"text-align: justify;\">Aquest projecte ha tingut molt de pres\u00e8ncia al llarg del trimestre i la seva tasca final ha estat enfocada<a href=\"https:\/\/agora.xtec.cat\/escolapacocandel\/wp-content\/uploads\/usu332\/2022\/11\/Sortida-Projecte-38.jpg\"><img loading=\"lazy\" decoding=\"async\" class=\"wp-image-6995 size-medium alignright\" src=\"https:\/\/agora.xtec.cat\/escolapacocandel\/wp-content\/uploads\/usu332\/2022\/11\/Sortida-Projecte-38-300x225.jpg\" alt=\"\" width=\"300\" height=\"225\" srcset=\"https:\/\/agora.xtec.cat\/escolapacocandel\/wp-content\/uploads\/usu332\/2022\/11\/Sortida-Projecte-38-300x225.jpg 300w, https:\/\/agora.xtec.cat\/escolapacocandel\/wp-content\/uploads\/usu332\/2022\/11\/Sortida-Projecte-38-768x576.jpg 768w, https:\/\/agora.xtec.cat\/escolapacocandel\/wp-content\/uploads\/usu332\/2022\/11\/Sortida-Projecte-38-200x150.jpg 200w, https:\/\/agora.xtec.cat\/escolapacocandel\/wp-content\/uploads\/usu332\/2022\/11\/Sortida-Projecte-38.jpg 1024w\" sizes=\"auto, (max-width: 300px) 100vw, 300px\" \/><\/a> a la creaci\u00f3 d&#8217;un logotip. Aprofitant tota la inspiraci\u00f3 i idees que hem pogut agafar amb la sortida del projecte, fem aquest disseny que ha de tenir en compte alguns aspectes com: finalitat del logotip, esl\u00f2gan, mesures i colors&#8230;<\/p>\n<p style=\"text-align: justify;\">La metodologia est\u00e0 basada en el treball per projectes: qu\u00e8 en sabem?, qu\u00e8 volem saber? (amb la formulaci\u00f3 d&#8217;hip\u00f2tesi\/desenvolupament del tema), i qu\u00e8 hem apr\u00e8s? Aquesta \u00faltima pregunta ser\u00e0 el tancament d&#8217;aquest projecte del nom de la classe, tot i que mai se sap fins on arribaran els seus interessos i desenvolupament, ja que aquest nom de la classe ens acompanyar\u00e0 tot el curs escolar!<\/p>\n<p>&nbsp;<\/p>\n","protected":false},"excerpt":{"rendered":"<p>El nom de la classe \u00e9s un referent pels infants i serveix per identificar el grup en diverses situacions educatives i l\u00fadiques. Aprofitant aquesta situaci\u00f3, el grup comen\u00e7a a pensar quina proposta fer i a treballar en el tema, el qual normalment neix d&#8217;un inter\u00e8s&hellip;  <a href=\"https:\/\/agora.xtec.cat\/escolapacocandel\/comunitat-de-grans\/projecte-logotips\/\" title=\"Read Projecte Logotips\">Llegeix m\u00e9s\u00bb<\/a><\/p>\n","protected":false},"author":20,"featured_media":6964,"comment_status":"open","ping_status":"closed","sticky":false,"template":"","format":"standard","meta":{"_bbp_topic_count":0,"_bbp_reply_count":0,"_bbp_total_topic_count":0,"_bbp_total_reply_count":0,"_bbp_voice_count":0,"_bbp_anonymous_reply_count":0,"_bbp_topic_count_hidden":0,"_bbp_reply_count_hidden":0,"_bbp_forum_subforum_count":0,"footnotes":""},"categories":[129,146],"tags":[99],"class_list":["post-6963","post","type-post","status-publish","format-standard","has-post-thumbnail","hentry","category-comunitat-de-grans","category-6e","tag-projecte"],"post_mailing_queue_ids":[],"_links":{"self":[{"href":"https:\/\/agora.xtec.cat\/escolapacocandel\/wp-json\/wp\/v2\/posts\/6963","targetHints":{"allow":["GET"]}}],"collection":[{"href":"https:\/\/agora.xtec.cat\/escolapacocandel\/wp-json\/wp\/v2\/posts"}],"about":[{"href":"https:\/\/agora.xtec.cat\/escolapacocandel\/wp-json\/wp\/v2\/types\/post"}],"author":[{"embeddable":true,"href":"https:\/\/agora.xtec.cat\/escolapacocandel\/wp-json\/wp\/v2\/users\/20"}],"replies":[{"embeddable":true,"href":"https:\/\/agora.xtec.cat\/escolapacocandel\/wp-json\/wp\/v2\/comments?post=6963"}],"version-history":[{"count":2,"href":"https:\/\/agora.xtec.cat\/escolapacocandel\/wp-json\/wp\/v2\/posts\/6963\/revisions"}],"predecessor-version":[{"id":6996,"href":"https:\/\/agora.xtec.cat\/escolapacocandel\/wp-json\/wp\/v2\/posts\/6963\/revisions\/6996"}],"wp:featuredmedia":[{"embeddable":true,"href":"https:\/\/agora.xtec.cat\/escolapacocandel\/wp-json\/wp\/v2\/media\/6964"}],"wp:attachment":[{"href":"https:\/\/agora.xtec.cat\/escolapacocandel\/wp-json\/wp\/v2\/media?parent=6963"}],"wp:term":[{"taxonomy":"category","embeddable":true,"href":"https:\/\/agora.xtec.cat\/escolapacocandel\/wp-json\/wp\/v2\/categories?post=6963"},{"taxonomy":"post_tag","embeddable":true,"href":"https:\/\/agora.xtec.cat\/escolapacocandel\/wp-json\/wp\/v2\/tags?post=6963"}],"curies":[{"name":"wp","href":"https:\/\/api.w.org\/{rel}","templated":true}]}}