{"id":6955,"date":"2022-12-12T09:00:45","date_gmt":"2022-12-12T08:00:45","guid":{"rendered":"https:\/\/agora.xtec.cat\/escolapacocandel\/?p=6955"},"modified":"2022-12-01T11:38:36","modified_gmt":"2022-12-01T10:38:36","slug":"els-oceans","status":"publish","type":"post","link":"https:\/\/agora.xtec.cat\/escolapacocandel\/comunitat-de-grans\/els-oceans\/","title":{"rendered":"Els oceans"},"content":{"rendered":"<p style=\"text-align: left;\">ELS OCEANS<\/p>\n<p style=\"text-align: left;\">Aix\u00ed \u00e9s diu la classe de 4tB de l\u2019escola Paco Candel. Les nenes i nens d\u2019aquest grup van exposar les seves propostes pel nom de la classe. Van sortir un munt d\u2019idees, noms i propostes, totes elles molt interessants! Per poder decidir-nos, vam posar en marxa una votaci\u00f3, la qual va ser molt ajustada i definitivament, en un tancar i obrir d&#8217;ulls, ja ten\u00edem nom per la classe: \u201cELS OCEANS\u201d.<\/p>\n<p><a href=\"https:\/\/agora.xtec.cat\/escolapacocandel\/wp-content\/uploads\/usu332\/2022\/11\/insta-3.jpg\"><img loading=\"lazy\" decoding=\"async\" class=\"wp-image-6958 alignleft\" src=\"https:\/\/agora.xtec.cat\/escolapacocandel\/wp-content\/uploads\/usu332\/2022\/11\/insta-3.jpg\" alt=\"\" width=\"134\" height=\"141\" srcset=\"https:\/\/agora.xtec.cat\/escolapacocandel\/wp-content\/uploads\/usu332\/2022\/11\/insta-3.jpg 828w, https:\/\/agora.xtec.cat\/escolapacocandel\/wp-content\/uploads\/usu332\/2022\/11\/insta-3-285x300.jpg 285w, https:\/\/agora.xtec.cat\/escolapacocandel\/wp-content\/uploads\/usu332\/2022\/11\/insta-3-768x810.jpg 768w\" sizes=\"auto, (max-width: 134px) 100vw, 134px\" \/><\/a>A partir d\u2019aquest moment, s\u2019iniciava i s\u2019engegava un nou projecte que tindria una durada aproximada d\u2019un trimestre, per\u00f2 com ja sabeu&#8230; el nom de la classe ens acompanyar\u00e0 tot el curs escolar, i per tant, qui sap si haurem de seguir per potenciar els interessos de l\u2019alumnat i el seu desenvolupament.<\/p>\n<p style=\"text-align: left;\">Per poder comen\u00e7ar, va ser necessari, crear uns equips cooperatius, on cada membre de l\u2019equip desenvolupava un c\u00e0rrec: coordinador\/a, il\u00b7lustrador\/a, secretari\/\u00e0ria, portaveu i responsable de material.<\/p>\n<p style=\"text-align: left;\">Una vegada que cada equip havia decidit els c\u00e0rrecs i el seu nom, vam passar a fer una pluja d\u2019idees amb totes les curiositats i neguits que en sorgien. Aquesta llista infinita va arribar en mans d\u2019unes persones an\u00f2nimes, que encara hem de descobrir qui s\u00f3n i cada setmana ens fan arribar cartes a l\u2019escola, en les quals trobem diferents reptes.<a href=\"https:\/\/agora.xtec.cat\/escolapacocandel\/wp-content\/uploads\/usu332\/2022\/11\/insta-4.jpg\"><img loading=\"lazy\" decoding=\"async\" class=\"wp-image-6959 alignright\" src=\"https:\/\/agora.xtec.cat\/escolapacocandel\/wp-content\/uploads\/usu332\/2022\/11\/insta-4-784x1024.jpg\" alt=\"\" width=\"166\" height=\"216\" srcset=\"https:\/\/agora.xtec.cat\/escolapacocandel\/wp-content\/uploads\/usu332\/2022\/11\/insta-4-784x1024.jpg 784w, https:\/\/agora.xtec.cat\/escolapacocandel\/wp-content\/uploads\/usu332\/2022\/11\/insta-4-230x300.jpg 230w, https:\/\/agora.xtec.cat\/escolapacocandel\/wp-content\/uploads\/usu332\/2022\/11\/insta-4-768x1004.jpg 768w, https:\/\/agora.xtec.cat\/escolapacocandel\/wp-content\/uploads\/usu332\/2022\/11\/insta-4.jpg 828w\" sizes=\"auto, (max-width: 166px) 100vw, 166px\" \/><\/a><\/p>\n<p style=\"text-align: left;\">Van comen\u00e7ar a arribar cartes a l\u2019escola i eren per la nostra classe! En aquests sobres pod\u00edem trobar diferents consignes, tasques i reptes per resoldre de forma cooperativa. Alguns van ser:<\/p>\n<ul style=\"text-align: left;\">\n<li>Resoldre un trencaclosques dels oceans i continents.<\/li>\n<li>Investigar les diferents zones que podem trobar dins de l\u2019oce\u00e0 (les seves profunditats) i els animals marins m\u00e9s fascinants!<\/li>\n<li>Una lectura individual i col\u00b7lectiva amb curiositats marines.<\/li>\n<li>Elaboraci\u00f3 d\u2019un gr\u00e0fic de barres amb la informaci\u00f3 recollida (transports mar\u00edtims).<\/li>\n<li>Pensar preguntes per crear un Kahoot.<\/li>\n<\/ul>\n<p style=\"text-align: left;\">Despr\u00e9s de resoldre cada repte, pod\u00edem obrir unes pistes. Aquestes eren unes peces d\u2019un trencaclosques magn\u00e8tic! Amb aquestes vam descobrir que per tancar abans de vacances aquest projecte anir\u00edem de sortida a l\u2019Aqu\u00e0rium de Barcelona on ens esperaven un equip d\u2019especialistes per fer una visita a l\u2019espai tancat aqu\u00e0tic m\u00e9s gran de la ciutat i fer un <a href=\"https:\/\/www.aquariumbcn.com\/ca\/educacio\/primaria\/activitats-experimentals\/descobrint-els-vertebrats\/\">taller experimental<\/a> relacionat amb els animals vertebrats!<\/p>\n<p>&nbsp;<\/p>\n<p style=\"text-align: left;\"><strong><em>Un projecte que ens ha perm\u00e8s navegar per l\u2019oce\u00e0 m\u00e9s extens de tots: el nostre pensament!<\/em><\/strong><\/p>\n<p style=\"text-align: left;\">M\u00e9s endavant us explicarem com va ser la sortida!<\/p>\n<p style=\"text-align: left;\">Fins aviat fam\u00edlies!<\/p>\n","protected":false},"excerpt":{"rendered":"<p>ELS OCEANS<br \/>\nAix\u00ed \u00e9s diu la classe de 4tB de l\u2019escola Paco Candel. Les nenes i nens d\u2019aquest grup van exposar les seves propostes pel nom de la classe. Van sortir un munt d\u2019idees, noms i propostes, totes elles molt interessants! Per poder decidir-nos, vam posar&hellip;  <a href=\"https:\/\/agora.xtec.cat\/escolapacocandel\/comunitat-de-grans\/els-oceans\/\" title=\"Read Els oceans\">Llegeix m\u00e9s\u00bb<\/a><\/p>\n","protected":false},"author":18,"featured_media":6959,"comment_status":"open","ping_status":"closed","sticky":false,"template":"","format":"standard","meta":{"_bbp_topic_count":0,"_bbp_reply_count":0,"_bbp_total_topic_count":0,"_bbp_total_reply_count":0,"_bbp_voice_count":0,"_bbp_anonymous_reply_count":0,"_bbp_topic_count_hidden":0,"_bbp_reply_count_hidden":0,"_bbp_forum_subforum_count":0,"footnotes":""},"categories":[129,143],"tags":[99],"class_list":["post-6955","post","type-post","status-publish","format-standard","has-post-thumbnail","hentry","category-comunitat-de-grans","category-4t","tag-projecte"],"post_mailing_queue_ids":[],"_links":{"self":[{"href":"https:\/\/agora.xtec.cat\/escolapacocandel\/wp-json\/wp\/v2\/posts\/6955","targetHints":{"allow":["GET"]}}],"collection":[{"href":"https:\/\/agora.xtec.cat\/escolapacocandel\/wp-json\/wp\/v2\/posts"}],"about":[{"href":"https:\/\/agora.xtec.cat\/escolapacocandel\/wp-json\/wp\/v2\/types\/post"}],"author":[{"embeddable":true,"href":"https:\/\/agora.xtec.cat\/escolapacocandel\/wp-json\/wp\/v2\/users\/18"}],"replies":[{"embeddable":true,"href":"https:\/\/agora.xtec.cat\/escolapacocandel\/wp-json\/wp\/v2\/comments?post=6955"}],"version-history":[{"count":3,"href":"https:\/\/agora.xtec.cat\/escolapacocandel\/wp-json\/wp\/v2\/posts\/6955\/revisions"}],"predecessor-version":[{"id":6962,"href":"https:\/\/agora.xtec.cat\/escolapacocandel\/wp-json\/wp\/v2\/posts\/6955\/revisions\/6962"}],"wp:featuredmedia":[{"embeddable":true,"href":"https:\/\/agora.xtec.cat\/escolapacocandel\/wp-json\/wp\/v2\/media\/6959"}],"wp:attachment":[{"href":"https:\/\/agora.xtec.cat\/escolapacocandel\/wp-json\/wp\/v2\/media?parent=6955"}],"wp:term":[{"taxonomy":"category","embeddable":true,"href":"https:\/\/agora.xtec.cat\/escolapacocandel\/wp-json\/wp\/v2\/categories?post=6955"},{"taxonomy":"post_tag","embeddable":true,"href":"https:\/\/agora.xtec.cat\/escolapacocandel\/wp-json\/wp\/v2\/tags?post=6955"}],"curies":[{"name":"wp","href":"https:\/\/api.w.org\/{rel}","templated":true}]}}