{"id":6946,"date":"2022-11-25T09:59:06","date_gmt":"2022-11-25T08:59:06","guid":{"rendered":"https:\/\/agora.xtec.cat\/escolapacocandel\/?p=6946"},"modified":"2022-12-01T12:54:38","modified_gmt":"2022-12-01T11:54:38","slug":"la-festa-del-10","status":"publish","type":"post","link":"https:\/\/agora.xtec.cat\/escolapacocandel\/comunitat-de-mitjans\/1r\/la-festa-del-10\/","title":{"rendered":"LA FESTA DEL 10!"},"content":{"rendered":"<p>Hola fam\u00edlies!<\/p>\n<p>Aquests dies hem estat treballant els n\u00fameros i la descomposici\u00f3 del 10.\u00a0Com ara ja som uns experts en tot el que t\u00e9 a veure amb el n\u00famero 10, ho hem pogut celebrar i aix\u00ed de b\u00e9 ens ho hem passat!!<\/p>\n<p>Espero que gaudiu tant com nosaltres!<\/p>\n<p><a href=\"https:\/\/agora.xtec.cat\/escolapacocandel\/fotos-privat\/recull-fotos-festa-del-10\/\">Recull de fotos<\/a><\/p>\n<p>Una abra\u00e7ada,<\/p>\n<p>M\u00f3nica i Rosa<\/p>\n<p>&nbsp;<\/p>\n<p>&nbsp;<\/p>\n","protected":false},"excerpt":{"rendered":"<p>Hola fam\u00edlies!<br \/>\nAquests dies hem estat treballant els n\u00fameros i la descomposici\u00f3 del 10.\u00a0Com ara ja som uns experts en tot el que t\u00e9 a veure amb el n\u00famero 10, ho hem pogut celebrar i aix\u00ed de b\u00e9 ens ho hem passat!!<br \/>\nEspero que gaudiu tant com&hellip;  <a href=\"https:\/\/agora.xtec.cat\/escolapacocandel\/comunitat-de-mitjans\/1r\/la-festa-del-10\/\" title=\"Read LA FESTA DEL 10!\">Llegeix m\u00e9s\u00bb<\/a><\/p>\n","protected":false},"author":1,"featured_media":0,"comment_status":"open","ping_status":"closed","sticky":false,"template":"","format":"standard","meta":{"_bbp_topic_count":0,"_bbp_reply_count":0,"_bbp_total_topic_count":0,"_bbp_total_reply_count":0,"_bbp_voice_count":0,"_bbp_anonymous_reply_count":0,"_bbp_topic_count_hidden":0,"_bbp_reply_count_hidden":0,"_bbp_forum_subforum_count":0,"footnotes":""},"categories":[140],"tags":[],"class_list":["post-6946","post","type-post","status-publish","format-standard","hentry","category-1r"],"post_mailing_queue_ids":[],"_links":{"self":[{"href":"https:\/\/agora.xtec.cat\/escolapacocandel\/wp-json\/wp\/v2\/posts\/6946","targetHints":{"allow":["GET"]}}],"collection":[{"href":"https:\/\/agora.xtec.cat\/escolapacocandel\/wp-json\/wp\/v2\/posts"}],"about":[{"href":"https:\/\/agora.xtec.cat\/escolapacocandel\/wp-json\/wp\/v2\/types\/post"}],"author":[{"embeddable":true,"href":"https:\/\/agora.xtec.cat\/escolapacocandel\/wp-json\/wp\/v2\/users\/1"}],"replies":[{"embeddable":true,"href":"https:\/\/agora.xtec.cat\/escolapacocandel\/wp-json\/wp\/v2\/comments?post=6946"}],"version-history":[{"count":2,"href":"https:\/\/agora.xtec.cat\/escolapacocandel\/wp-json\/wp\/v2\/posts\/6946\/revisions"}],"predecessor-version":[{"id":7055,"href":"https:\/\/agora.xtec.cat\/escolapacocandel\/wp-json\/wp\/v2\/posts\/6946\/revisions\/7055"}],"wp:attachment":[{"href":"https:\/\/agora.xtec.cat\/escolapacocandel\/wp-json\/wp\/v2\/media?parent=6946"}],"wp:term":[{"taxonomy":"category","embeddable":true,"href":"https:\/\/agora.xtec.cat\/escolapacocandel\/wp-json\/wp\/v2\/categories?post=6946"},{"taxonomy":"post_tag","embeddable":true,"href":"https:\/\/agora.xtec.cat\/escolapacocandel\/wp-json\/wp\/v2\/tags?post=6946"}],"curies":[{"name":"wp","href":"https:\/\/api.w.org\/{rel}","templated":true}]}}