{"id":6918,"date":"2022-11-15T09:45:40","date_gmt":"2022-11-15T08:45:40","guid":{"rendered":"https:\/\/agora.xtec.cat\/escolapacocandel\/?p=6918"},"modified":"2023-11-09T13:49:29","modified_gmt":"2023-11-09T12:49:29","slug":"la-clika","status":"publish","type":"post","link":"https:\/\/agora.xtec.cat\/escolapacocandel\/comunitat-de-mitjans\/2n\/la-clika\/","title":{"rendered":"La Clika"},"content":{"rendered":"<p>Benvolgudes fam\u00edlies i nens i nenes de 2n,<\/p>\n<p>Durant aquest curs els infants de 2n estan preparant la cantata de la Clika, i us preguntareu&#8230;Qu\u00e8 \u00e9s aix\u00f2 de la clika? Doncs qui millor que els personatges principals per explicar-ho. Mireu el seg\u00fcent v\u00eddeo.<\/p>\n<p><iframe loading=\"lazy\" src=\"\/\/www.youtube.com\/embed\/Ud0-ERI7S2g\" width=\"560\" height=\"314\" allowfullscreen=\"allowfullscreen\"><\/iframe><\/p>\n<p>Doncs si, la Clika \u00e9s un grup d&#8217;amics i amigues que es reuneixen i comparteixen els seus moments i viv\u00e8ncies. I enguany els infants de 2n, juntament amb altres nens i nenes de l&#8217;Hospitalet cantaran les can\u00e7ons d&#8217;aquesta colla d&#8217;amics i amigues, al teatre Joventut. Encara no sabem dates, per\u00f2 tan bon punt les tinguem us les farem arribar. Aquell dia podreu venir de p\u00fablic i gaudir de les can\u00e7ons que cantaran els nens i nenes.<\/p>\n<p>Si voleu seguir a la clika, ho podeu fer mitjan\u00e7ant instagram @lacllika.cat o al seu canal de youtube La clika, on trobareu totes les seves can\u00e7ons. Esperem que gaudiu tots i totes d&#8217;aquestes m\u00fasiques i no nom\u00e9s pel seu ritme, sin\u00f3 tamb\u00e9 pel que expliquen.<\/p>\n<p><a href=\"https:\/\/www.youtube.com\/c\/LACLIKA-CAT\">ENLLA\u00c7 CANAL DE YOUTUBE<\/a><\/p>\n<p>Ens veiem aviat!<\/p>\n","protected":false},"excerpt":{"rendered":"<p>Benvolgudes fam\u00edlies i nens i nenes de 2n,<br \/>\nDurant aquest curs els infants de 2n estan preparant la cantata de la Clika, i us preguntareu&#8230;Qu\u00e8 \u00e9s aix\u00f2 de la clika? Doncs qui millor que els personatges principals per explicar-ho. Mireu el seg\u00fcent v\u00eddeo.<\/p>\n<p>Doncs si, la Clika&hellip;  <a href=\"https:\/\/agora.xtec.cat\/escolapacocandel\/comunitat-de-mitjans\/2n\/la-clika\/\" title=\"Read La Clika\">Llegeix m\u00e9s\u00bb<\/a><\/p>\n","protected":false},"author":22,"featured_media":0,"comment_status":"open","ping_status":"closed","sticky":false,"template":"","format":"standard","meta":{"_bbp_topic_count":0,"_bbp_reply_count":0,"_bbp_total_topic_count":0,"_bbp_total_reply_count":0,"_bbp_voice_count":0,"_bbp_anonymous_reply_count":0,"_bbp_topic_count_hidden":0,"_bbp_reply_count_hidden":0,"_bbp_forum_subforum_count":0,"footnotes":""},"categories":[137],"tags":[90],"class_list":["post-6918","post","type-post","status-publish","format-standard","hentry","category-2n","tag-musica"],"post_mailing_queue_ids":[],"_links":{"self":[{"href":"https:\/\/agora.xtec.cat\/escolapacocandel\/wp-json\/wp\/v2\/posts\/6918","targetHints":{"allow":["GET"]}}],"collection":[{"href":"https:\/\/agora.xtec.cat\/escolapacocandel\/wp-json\/wp\/v2\/posts"}],"about":[{"href":"https:\/\/agora.xtec.cat\/escolapacocandel\/wp-json\/wp\/v2\/types\/post"}],"author":[{"embeddable":true,"href":"https:\/\/agora.xtec.cat\/escolapacocandel\/wp-json\/wp\/v2\/users\/22"}],"replies":[{"embeddable":true,"href":"https:\/\/agora.xtec.cat\/escolapacocandel\/wp-json\/wp\/v2\/comments?post=6918"}],"version-history":[{"count":2,"href":"https:\/\/agora.xtec.cat\/escolapacocandel\/wp-json\/wp\/v2\/posts\/6918\/revisions"}],"predecessor-version":[{"id":6922,"href":"https:\/\/agora.xtec.cat\/escolapacocandel\/wp-json\/wp\/v2\/posts\/6918\/revisions\/6922"}],"wp:attachment":[{"href":"https:\/\/agora.xtec.cat\/escolapacocandel\/wp-json\/wp\/v2\/media?parent=6918"}],"wp:term":[{"taxonomy":"category","embeddable":true,"href":"https:\/\/agora.xtec.cat\/escolapacocandel\/wp-json\/wp\/v2\/categories?post=6918"},{"taxonomy":"post_tag","embeddable":true,"href":"https:\/\/agora.xtec.cat\/escolapacocandel\/wp-json\/wp\/v2\/tags?post=6918"}],"curies":[{"name":"wp","href":"https:\/\/api.w.org\/{rel}","templated":true}]}}