{"id":6912,"date":"2022-11-15T09:22:49","date_gmt":"2022-11-15T08:22:49","guid":{"rendered":"https:\/\/agora.xtec.cat\/escolapacocandel\/?p=6912"},"modified":"2022-12-01T11:41:34","modified_gmt":"2022-12-01T10:41:34","slug":"sortida-caixaforum-preludi-samba-i-swing","status":"publish","type":"post","link":"https:\/\/agora.xtec.cat\/escolapacocandel\/comunitat-de-grans\/sortida-caixaforum-preludi-samba-i-swing\/","title":{"rendered":"Sortida Caixaforum &#8220;Preludi, Samba i Swing&#8221;"},"content":{"rendered":"<p>L&#8217;alumnat de 5\u00e8, hem gaudit d&#8217;una taller musical al CaixaForum de Barcelona. Mitjan\u00e7ant el so de diferents instruments de percussi\u00f3 i l&#8217;acompanyament en piano del tallerista, en Juanjo, els infants han descobert que no hi ha tanta diferencia entre els 3 estils treballats. Al final hi ha un motiu que sempre \u00e9s repeteix i que nom\u00e9s canviant la velocitat s&#8217;aconsegueix una m\u00fasica o altra. Hem gaudit molt de l&#8217;experi\u00e8ncia.<\/p>\n<p>Aqu\u00ed us deixem un recull de fotos i v\u00eddeos.<\/p>\n<p><a href=\"https:\/\/agora.xtec.cat\/escolapacocandel\/fotos-privat\/fotos-caixaforum-5e\/\"><img loading=\"lazy\" decoding=\"async\" class=\"size-medium wp-image-6913 aligncenter\" src=\"https:\/\/agora.xtec.cat\/escolapacocandel\/wp-content\/uploads\/usu332\/2022\/11\/IMG_2491-300x213.jpg\" alt=\"\" width=\"300\" height=\"213\" srcset=\"https:\/\/agora.xtec.cat\/escolapacocandel\/wp-content\/uploads\/usu332\/2022\/11\/IMG_2491-300x213.jpg 300w, https:\/\/agora.xtec.cat\/escolapacocandel\/wp-content\/uploads\/usu332\/2022\/11\/IMG_2491-1024x728.jpg 1024w, https:\/\/agora.xtec.cat\/escolapacocandel\/wp-content\/uploads\/usu332\/2022\/11\/IMG_2491-768x546.jpg 768w, https:\/\/agora.xtec.cat\/escolapacocandel\/wp-content\/uploads\/usu332\/2022\/11\/IMG_2491-1536x1092.jpg 1536w, https:\/\/agora.xtec.cat\/escolapacocandel\/wp-content\/uploads\/usu332\/2022\/11\/IMG_2491-2048x1457.jpg 2048w\" sizes=\"auto, (max-width: 300px) 100vw, 300px\" \/><\/a><\/p>\n<p>&nbsp;<\/p>\n","protected":false},"excerpt":{"rendered":"<p>L&#8217;alumnat de 5\u00e8, hem gaudit d&#8217;una taller musical al CaixaForum de Barcelona. Mitjan\u00e7ant el so de diferents instruments de percussi\u00f3 i l&#8217;acompanyament en piano del tallerista, en Juanjo, els infants han descobert que no hi ha tanta diferencia entre els 3 estils treballats. Al final&hellip;  <a href=\"https:\/\/agora.xtec.cat\/escolapacocandel\/comunitat-de-grans\/sortida-caixaforum-preludi-samba-i-swing\/\" title=\"Read Sortida Caixaforum &#8220;Preludi, Samba i Swing&#8221;\">Llegeix m\u00e9s\u00bb<\/a><\/p>\n","protected":false},"author":22,"featured_media":0,"comment_status":"open","ping_status":"closed","sticky":false,"template":"","format":"standard","meta":{"_bbp_topic_count":0,"_bbp_reply_count":0,"_bbp_total_topic_count":0,"_bbp_total_reply_count":0,"_bbp_voice_count":0,"_bbp_anonymous_reply_count":0,"_bbp_topic_count_hidden":0,"_bbp_reply_count_hidden":0,"_bbp_forum_subforum_count":0,"footnotes":""},"categories":[144,129],"tags":[90,92],"class_list":["post-6912","post","type-post","status-publish","format-standard","hentry","category-5e","category-comunitat-de-grans","tag-musica","tag-sortides"],"post_mailing_queue_ids":[],"_links":{"self":[{"href":"https:\/\/agora.xtec.cat\/escolapacocandel\/wp-json\/wp\/v2\/posts\/6912","targetHints":{"allow":["GET"]}}],"collection":[{"href":"https:\/\/agora.xtec.cat\/escolapacocandel\/wp-json\/wp\/v2\/posts"}],"about":[{"href":"https:\/\/agora.xtec.cat\/escolapacocandel\/wp-json\/wp\/v2\/types\/post"}],"author":[{"embeddable":true,"href":"https:\/\/agora.xtec.cat\/escolapacocandel\/wp-json\/wp\/v2\/users\/22"}],"replies":[{"embeddable":true,"href":"https:\/\/agora.xtec.cat\/escolapacocandel\/wp-json\/wp\/v2\/comments?post=6912"}],"version-history":[{"count":3,"href":"https:\/\/agora.xtec.cat\/escolapacocandel\/wp-json\/wp\/v2\/posts\/6912\/revisions"}],"predecessor-version":[{"id":6937,"href":"https:\/\/agora.xtec.cat\/escolapacocandel\/wp-json\/wp\/v2\/posts\/6912\/revisions\/6937"}],"wp:attachment":[{"href":"https:\/\/agora.xtec.cat\/escolapacocandel\/wp-json\/wp\/v2\/media?parent=6912"}],"wp:term":[{"taxonomy":"category","embeddable":true,"href":"https:\/\/agora.xtec.cat\/escolapacocandel\/wp-json\/wp\/v2\/categories?post=6912"},{"taxonomy":"post_tag","embeddable":true,"href":"https:\/\/agora.xtec.cat\/escolapacocandel\/wp-json\/wp\/v2\/tags?post=6912"}],"curies":[{"name":"wp","href":"https:\/\/api.w.org\/{rel}","templated":true}]}}