{"id":6902,"date":"2022-11-14T10:24:22","date_gmt":"2022-11-14T09:24:22","guid":{"rendered":"https:\/\/agora.xtec.cat\/escolapacocandel\/?p=6902"},"modified":"2022-12-01T11:41:53","modified_gmt":"2022-12-01T10:41:53","slug":"sortida-egipte","status":"publish","type":"post","link":"https:\/\/agora.xtec.cat\/escolapacocandel\/comunitat-de-mitjans\/sortida-egipte\/","title":{"rendered":"Sortida EGIPTE!"},"content":{"rendered":"<p>La setmana passada vam tenir l&#8217;oportunitat de posar a prova tot el que hem anat aprenent a les estones de projecte, i a m\u00e9s a m\u00e9s vam aprendre&#8217;n moltes de noves!<\/p>\n<p>Vam anar al Campus Arqueol\u00f2gic del Museu Egipci a Palau-solit\u00e0 i Plegamans, all\u00e0 ens esperaven dues persones de personal de monitoratge que ens acompanyarien tota l&#8217;estona del taller, i \u00e9s que vam estar 3h treballant de valent!<\/p>\n<p>Mireu les fotografies per veure com vam fer una aut\u00e8ntica excavaci\u00f3 i tot el que hi vam trobar:<\/p>\n<p><a href=\"https:\/\/photos.app.goo.gl\/6kbhdoJntjdYTpNQ9\" target=\"_blank\" rel=\"noopener\">https:\/\/agora.xtec.cat\/escolapacocandel\/fotos-privat\/fotos-sortida-egipte\/FOTOS<\/a><\/p>\n","protected":false},"excerpt":{"rendered":"<p>La setmana passada vam tenir l&#8217;oportunitat de posar a prova tot el que hem anat aprenent a les estones de projecte, i a m\u00e9s a m\u00e9s vam aprendre&#8217;n moltes de noves!<br \/>\nVam anar al Campus Arqueol\u00f2gic del Museu Egipci a Palau-solit\u00e0 i Plegamans, all\u00e0 ens esperaven&hellip;  <a href=\"https:\/\/agora.xtec.cat\/escolapacocandel\/comunitat-de-mitjans\/sortida-egipte\/\" title=\"Read Sortida EGIPTE!\">Llegeix m\u00e9s\u00bb<\/a><\/p>\n","protected":false},"author":27,"featured_media":6903,"comment_status":"open","ping_status":"closed","sticky":false,"template":"","format":"standard","meta":{"_bbp_topic_count":0,"_bbp_reply_count":0,"_bbp_total_topic_count":0,"_bbp_total_reply_count":0,"_bbp_voice_count":0,"_bbp_anonymous_reply_count":0,"_bbp_topic_count_hidden":0,"_bbp_reply_count_hidden":0,"_bbp_forum_subforum_count":0,"footnotes":""},"categories":[127,137],"tags":[92],"class_list":["post-6902","post","type-post","status-publish","format-standard","has-post-thumbnail","hentry","category-comunitat-de-mitjans","category-2n","tag-sortides"],"post_mailing_queue_ids":[],"_links":{"self":[{"href":"https:\/\/agora.xtec.cat\/escolapacocandel\/wp-json\/wp\/v2\/posts\/6902","targetHints":{"allow":["GET"]}}],"collection":[{"href":"https:\/\/agora.xtec.cat\/escolapacocandel\/wp-json\/wp\/v2\/posts"}],"about":[{"href":"https:\/\/agora.xtec.cat\/escolapacocandel\/wp-json\/wp\/v2\/types\/post"}],"author":[{"embeddable":true,"href":"https:\/\/agora.xtec.cat\/escolapacocandel\/wp-json\/wp\/v2\/users\/27"}],"replies":[{"embeddable":true,"href":"https:\/\/agora.xtec.cat\/escolapacocandel\/wp-json\/wp\/v2\/comments?post=6902"}],"version-history":[{"count":2,"href":"https:\/\/agora.xtec.cat\/escolapacocandel\/wp-json\/wp\/v2\/posts\/6902\/revisions"}],"predecessor-version":[{"id":6936,"href":"https:\/\/agora.xtec.cat\/escolapacocandel\/wp-json\/wp\/v2\/posts\/6902\/revisions\/6936"}],"wp:featuredmedia":[{"embeddable":true,"href":"https:\/\/agora.xtec.cat\/escolapacocandel\/wp-json\/wp\/v2\/media\/6903"}],"wp:attachment":[{"href":"https:\/\/agora.xtec.cat\/escolapacocandel\/wp-json\/wp\/v2\/media?parent=6902"}],"wp:term":[{"taxonomy":"category","embeddable":true,"href":"https:\/\/agora.xtec.cat\/escolapacocandel\/wp-json\/wp\/v2\/categories?post=6902"},{"taxonomy":"post_tag","embeddable":true,"href":"https:\/\/agora.xtec.cat\/escolapacocandel\/wp-json\/wp\/v2\/tags?post=6902"}],"curies":[{"name":"wp","href":"https:\/\/api.w.org\/{rel}","templated":true}]}}