{"id":6892,"date":"2022-11-07T12:38:04","date_gmt":"2022-11-07T11:38:04","guid":{"rendered":"https:\/\/agora.xtec.cat\/escolapacocandel\/?p=6892"},"modified":"2022-12-01T11:42:10","modified_gmt":"2022-12-01T10:42:10","slug":"sortida-projecte-el-museu-de-les-ciencies-naturals-de-barcelona","status":"publish","type":"post","link":"https:\/\/agora.xtec.cat\/escolapacocandel\/general\/sortida-projecte-el-museu-de-les-ciencies-naturals-de-barcelona\/","title":{"rendered":"Sortida projecte: el museu de les ci\u00e8ncies naturals de Barcelona"},"content":{"rendered":"<p>El dijous passat vam anar a visitar el museu de les ci\u00e8ncies naturals de Barcelona. La classe de les investigadores i els investigadors vam anar a ampliar els nostres coneixements dels animals, de les plantes, de la flora i dels f\u00f2ssils. La primera part del mat\u00ed, vam poder circular lliurement pel museu per tal d&#8217;anar descobrint en petits grups totes les sales que t\u00e9 el museu. Vam aprofitar les sales d&#8217;audiovisuals, les pantalles interactives i totes les exposicions que tenia obertes el museu.<\/p>\n<p>La segona part de l&#8217;activitat va ser la recerca de l&#8217;illa d&#8217;Hip\u00e0cia. Una activitat de descoberta, d&#8217;investigaci\u00f3 i d&#8217;aplicaci\u00f3 del m\u00e8tode cient\u00edfic. La proposta que ens va fer el museu \u00e9s que amb la creaci\u00f3 de quatre equips de treball, cada un d&#8217;ells, investigues amb el seu propi full de ruta una de les parts de l&#8217;illa d&#8217;Hip\u00e0cia. Un equip es va encarregar de les coquines, l&#8217;altre del clima, l&#8217;altre de la flora i l&#8217;altre dels micromam\u00edfers. Despr\u00e9s de dues hores de minuciosa investigaci\u00f3 utilitzant tot d&#8217;eines i objectes d&#8217;aut\u00e8ntics professionals de la recerca, els equips van fer una posada en com\u00fa de tot all\u00f2 que van descobrir i van poder explicar si les seves hip\u00f2tesis inicials s&#8217;havien complert.<\/p>\n<p>Per acabar el dia, vam dinar al costat del museu, a l&#8217;aire lliure. Aprofitant que pod\u00edem gaudir d&#8217;un parc meravell\u00f3s que encaixava perfectament amb la seva edat.<\/p>\n<p>&nbsp;<\/p>\n<blockquote class=\"wp-embedded-content\" data-secret=\"c46uKA542f\"><p><a href=\"https:\/\/agora.xtec.cat\/escolapacocandel\/fotos-privat\/recull-fotos-sortida-projecte\/\">Protegit: Recull fotos sortida projecte<\/a><\/p><\/blockquote>\n<p><iframe loading=\"lazy\" class=\"wp-embedded-content\" sandbox=\"allow-scripts\" security=\"restricted\" style=\"position: absolute; clip: rect(1px, 1px, 1px, 1px);\" title=\"&#8220;Protegit: Recull fotos sortida projecte&#8221; &#8212; Escola Paco Candel\" src=\"https:\/\/agora.xtec.cat\/escolapacocandel\/fotos-privat\/recull-fotos-sortida-projecte\/embed\/#?secret=Z8lhN9Vnk5#?secret=c46uKA542f\" data-secret=\"c46uKA542f\" width=\"500\" height=\"282\" frameborder=\"0\" marginwidth=\"0\" marginheight=\"0\" scrolling=\"no\"><\/iframe><\/p>\n","protected":false},"excerpt":{"rendered":"<p>El dijous passat vam anar a visitar el museu de les ci\u00e8ncies naturals de Barcelona. La classe de les investigadores i els investigadors vam anar a ampliar els nostres coneixements dels animals, de les plantes, de la flora i dels f\u00f2ssils. La primera part del&hellip;  <a href=\"https:\/\/agora.xtec.cat\/escolapacocandel\/general\/sortida-projecte-el-museu-de-les-ciencies-naturals-de-barcelona\/\" title=\"Read Sortida projecte: el museu de les ci\u00e8ncies naturals de Barcelona\">Llegeix m\u00e9s\u00bb<\/a><\/p>\n","protected":false},"author":28,"featured_media":6893,"comment_status":"open","ping_status":"closed","sticky":false,"template":"","format":"standard","meta":{"_bbp_topic_count":0,"_bbp_reply_count":0,"_bbp_total_topic_count":0,"_bbp_total_reply_count":0,"_bbp_voice_count":0,"_bbp_anonymous_reply_count":0,"_bbp_topic_count_hidden":0,"_bbp_reply_count_hidden":0,"_bbp_forum_subforum_count":0,"footnotes":""},"categories":[1],"tags":[99,92],"class_list":["post-6892","post","type-post","status-publish","format-standard","has-post-thumbnail","hentry","category-general","tag-projecte","tag-sortides"],"post_mailing_queue_ids":[],"_links":{"self":[{"href":"https:\/\/agora.xtec.cat\/escolapacocandel\/wp-json\/wp\/v2\/posts\/6892","targetHints":{"allow":["GET"]}}],"collection":[{"href":"https:\/\/agora.xtec.cat\/escolapacocandel\/wp-json\/wp\/v2\/posts"}],"about":[{"href":"https:\/\/agora.xtec.cat\/escolapacocandel\/wp-json\/wp\/v2\/types\/post"}],"author":[{"embeddable":true,"href":"https:\/\/agora.xtec.cat\/escolapacocandel\/wp-json\/wp\/v2\/users\/28"}],"replies":[{"embeddable":true,"href":"https:\/\/agora.xtec.cat\/escolapacocandel\/wp-json\/wp\/v2\/comments?post=6892"}],"version-history":[{"count":1,"href":"https:\/\/agora.xtec.cat\/escolapacocandel\/wp-json\/wp\/v2\/posts\/6892\/revisions"}],"predecessor-version":[{"id":6894,"href":"https:\/\/agora.xtec.cat\/escolapacocandel\/wp-json\/wp\/v2\/posts\/6892\/revisions\/6894"}],"wp:featuredmedia":[{"embeddable":true,"href":"https:\/\/agora.xtec.cat\/escolapacocandel\/wp-json\/wp\/v2\/media\/6893"}],"wp:attachment":[{"href":"https:\/\/agora.xtec.cat\/escolapacocandel\/wp-json\/wp\/v2\/media?parent=6892"}],"wp:term":[{"taxonomy":"category","embeddable":true,"href":"https:\/\/agora.xtec.cat\/escolapacocandel\/wp-json\/wp\/v2\/categories?post=6892"},{"taxonomy":"post_tag","embeddable":true,"href":"https:\/\/agora.xtec.cat\/escolapacocandel\/wp-json\/wp\/v2\/tags?post=6892"}],"curies":[{"name":"wp","href":"https:\/\/api.w.org\/{rel}","templated":true}]}}