{"id":6869,"date":"2022-10-29T02:29:46","date_gmt":"2022-10-29T00:29:46","guid":{"rendered":"https:\/\/agora.xtec.cat\/escolapacocandel\/?p=6869"},"modified":"2022-11-07T21:51:05","modified_gmt":"2022-11-07T20:51:05","slug":"castaween-week","status":"publish","type":"post","link":"https:\/\/agora.xtec.cat\/escolapacocandel\/comunitat-de-petits\/castaween-week\/","title":{"rendered":"Castaween Week"},"content":{"rendered":"<p><strong>A<\/strong>questa ha estat una <strong>setmana<\/strong> plena de sensacions, emocions, disfresses, hist\u00f2ries, descobertes, creacions, trobades i molt m\u00e9s &#8230;<\/p>\n<p><a href=\"https:\/\/agora.xtec.cat\/escolapacocandel\/wp-content\/uploads\/usu332\/2022\/10\/20221025_151137-scaled.jpg\"><img loading=\"lazy\" decoding=\"async\" class=\"wp-image-6874 alignleft\" src=\"https:\/\/agora.xtec.cat\/escolapacocandel\/wp-content\/uploads\/usu332\/2022\/10\/20221025_151137-1024x710.jpg\" alt=\"\u201cLes emocions que hem de potenciar s\u00f3n l'alegria, la confian\u00e7a i la curiositat\u201d \u00a0 \u00a0 \u00a0 \u00a0 \u00a0 \u00a0 \u00a0 \u00a0 \u00a0 \u00a0 \u00a0 \u00a0 \u00a0 \u00a0 \u00a0 \u00a0 \u00a0 \u00a0 \u00a0 \u00a0 \u00a0 \u00a0 \u00a0 \u00a0 \u00a0 \u00a0 \u00a0 \u00a0 \u00a0 \u00a0 \u00a0 \u00a0 \u00a0 \u00a0 \u00a0 \u00a0 \u00a0 \u00a0 \u00a0 \u00a0 \u00a0 \u00a0 \u00a0 \u00a0 \u00a0 \u00a0 \u00a0 \u00a0 \u00a0 \u00a0David Bueno\" width=\"611\" height=\"423\" srcset=\"https:\/\/agora.xtec.cat\/escolapacocandel\/wp-content\/uploads\/usu332\/2022\/10\/20221025_151137-1024x710.jpg 1024w, https:\/\/agora.xtec.cat\/escolapacocandel\/wp-content\/uploads\/usu332\/2022\/10\/20221025_151137-300x208.jpg 300w, https:\/\/agora.xtec.cat\/escolapacocandel\/wp-content\/uploads\/usu332\/2022\/10\/20221025_151137-768x532.jpg 768w, https:\/\/agora.xtec.cat\/escolapacocandel\/wp-content\/uploads\/usu332\/2022\/10\/20221025_151137-1536x1064.jpg 1536w, https:\/\/agora.xtec.cat\/escolapacocandel\/wp-content\/uploads\/usu332\/2022\/10\/20221025_151137-2048x1419.jpg 2048w\" sizes=\"auto, (max-width: 611px) 100vw, 611px\" \/><\/a><\/p>\n<p>&nbsp;<\/p>\n<p>&nbsp;<\/p>\n<p>\u201cLes emocions que hem de potenciar s\u00f3n<\/p>\n<p style=\"text-align: center;\">l&#8217;<strong>alegria<\/strong>,<\/p>\n<p style=\"text-align: center;\">la <strong>confian\u00e7a<\/strong><\/p>\n<p style=\"text-align: center;\">i la <strong>curiositat <\/strong>\u201d<\/p>\n<p style=\"text-align: center;\">David Bueno<\/p>\n<p>&nbsp;<\/p>\n<p>&nbsp;<\/p>\n<p>Comen\u00e7ava la setmana amb el muntatge d\u2019una <strong>gran exposici\u00f3<\/strong> de carbasses, castanyes i d\u2019altres produccions que les fam\u00edlies vau preparar per a l\u2019escola.<\/p>\n<p>Un v\u00eddeo on sortia una m\u00f2mia i la castanyera presentava un repte per a mitjans i grans tot fent una Gimcana, mentre\u00a0 petites i petits s&#8217;endinsaven\u00a0 en uns\u00a0 <strong>ambients tem\u00e0tics de lliure circulaci\u00f3<\/strong> en els quals van poder gaudir de les diferents propostes com a comunitat i en interacci\u00f3 amb tot els infants d\u2019aquesta. Els diferents espais oferien la possibilitat de:<\/p>\n<p><strong><a style=\"color: #2795b6; font-weight: 400;\" href=\"https:\/\/agora.xtec.cat\/escolapacocandel\/wp-content\/uploads\/usu332\/2022\/10\/IMG_4316.jpg\"><img loading=\"lazy\" decoding=\"async\" class=\"wp-image-6872 alignleft\" src=\"https:\/\/agora.xtec.cat\/escolapacocandel\/wp-content\/uploads\/usu332\/2022\/10\/IMG_4316.jpg\" alt=\"\" width=\"199\" height=\"153\" srcset=\"https:\/\/agora.xtec.cat\/escolapacocandel\/wp-content\/uploads\/usu332\/2022\/10\/IMG_4316.jpg 320w, https:\/\/agora.xtec.cat\/escolapacocandel\/wp-content\/uploads\/usu332\/2022\/10\/IMG_4316-300x232.jpg 300w\" sizes=\"auto, (max-width: 199px) 100vw, 199px\" \/><\/a><br \/>\n<\/strong><strong>Manipular<\/strong>, fer composicions amb <strong>elements de tardor<\/strong>, <strong>explorar<\/strong> les seves caracter\u00edstiques i possibilitats en diferents estats i <strong>observar<\/strong> \u00a0les empremtes\u00a0que aquests deixen sobre el paper quan es combinen amb pintura.<\/p>\n<p><strong>Jugar<\/strong> amb la <strong>llum, la foscor, el color i les ombres.<\/strong><\/p>\n<p><strong>Explorar<\/strong> les possibilitats de <strong>transformaci\u00f3 de la imatge<\/strong> amb disfresses, maquillatge i m\u00e0scares de creac<a href=\"https:\/\/agora.xtec.cat\/escolapacocandel\/wp-content\/uploads\/usu332\/2022\/10\/IMG_20221025_151542-scaled.jpg\"><img loading=\"lazy\" decoding=\"async\" class=\"wp-image-6873 alignright\" src=\"https:\/\/agora.xtec.cat\/escolapacocandel\/wp-content\/uploads\/usu332\/2022\/10\/IMG_20221025_151542-1024x819.jpg\" alt=\"\" width=\"204\" height=\"163\" srcset=\"https:\/\/agora.xtec.cat\/escolapacocandel\/wp-content\/uploads\/usu332\/2022\/10\/IMG_20221025_151542-1024x819.jpg 1024w, https:\/\/agora.xtec.cat\/escolapacocandel\/wp-content\/uploads\/usu332\/2022\/10\/IMG_20221025_151542-300x240.jpg 300w, https:\/\/agora.xtec.cat\/escolapacocandel\/wp-content\/uploads\/usu332\/2022\/10\/IMG_20221025_151542-768x614.jpg 768w, https:\/\/agora.xtec.cat\/escolapacocandel\/wp-content\/uploads\/usu332\/2022\/10\/IMG_20221025_151542-1536x1228.jpg 1536w, https:\/\/agora.xtec.cat\/escolapacocandel\/wp-content\/uploads\/usu332\/2022\/10\/IMG_20221025_151542-2048x1638.jpg 2048w\" sizes=\"auto, (max-width: 204px) 100vw, 204px\" \/><\/a>i\u00f3 pr\u00f2pia.<\/p>\n<p><strong>Elaborar<\/strong><strong> creacions pl\u00e0stiques<\/strong> diverses \u00a0combinant diferents materials i <strong>explorant les possibilitats expressives del tra\u00e7 i el color<\/strong>.<\/p>\n<p>El punt final de la setmana l\u2019ha posat la festa de la <strong>Castanyada<\/strong>: \u00a0unes castanyeres molt especials han repartit castanyes amorosament als infants dels grups, aix\u00ed com \u00a0han gaudit de la festa que ha reunit al pati a les tres comunitats d\u2019infants de l\u2019escola. Petits i mitjans han cantat alhora la <strong>can\u00e7\u00f3 de la castanyera<\/strong> i el grup de sis\u00e8 ha deixat tothom bocabadat amb el seu <strong>ball de bastons<\/strong>. Realment un gran final de festa, en el qual tamb\u00e9 hem pogut <strong>ballar al comp\u00e0s de diferents can\u00e7ons<\/strong>.<\/p>\n<p>Aqu\u00ed us deixem algunes fotos d\u2019aquests moments<\/p>\n<p><a href=\"https:\/\/agora.xtec.cat\/escolapacocandel\/?p=6881&amp;preview=true\">FOTOS DE CASTAWEEN WEEK<\/a><\/p>\n<p>&nbsp;<\/p>\n<p>&nbsp;<\/p>\n","protected":false},"excerpt":{"rendered":"<p>Aquesta ha estat una setmana plena de sensacions, emocions, disfresses, hist\u00f2ries, descobertes, creacions, trobades i molt m\u00e9s &#8230;<br \/>\n<a href=\"https:\/\/agora.xtec.cat\/escolapacocandel\/wp-content\/uploads\/usu332\/2022\/10\/20221025_151137-scaled.jpg\"><\/a><br \/>\n&nbsp;<br \/>\n&nbsp;<br \/>\n\u201cLes emocions que hem de potenciar s\u00f3n<br \/>\nl&#8217;alegria,<br \/>\nla confian\u00e7a<br \/>\ni la curiositat \u201d<br \/>\nDavid Bueno<br \/>\n&nbsp;<br \/>\n&nbsp;<br \/>\nComen\u00e7ava la setmana amb el muntatge d\u2019una gran exposici\u00f3 de carbasses, castanyes i d\u2019altres produccions que&hellip;  <a href=\"https:\/\/agora.xtec.cat\/escolapacocandel\/comunitat-de-petits\/castaween-week\/\" title=\"Read Castaween Week\">Llegeix m\u00e9s\u00bb<\/a><\/p>\n","protected":false},"author":1,"featured_media":6874,"comment_status":"open","ping_status":"closed","sticky":false,"template":"","format":"standard","meta":{"_bbp_topic_count":0,"_bbp_reply_count":0,"_bbp_total_topic_count":0,"_bbp_total_reply_count":0,"_bbp_voice_count":0,"_bbp_anonymous_reply_count":0,"_bbp_topic_count_hidden":0,"_bbp_reply_count_hidden":0,"_bbp_forum_subforum_count":0,"footnotes":""},"categories":[128],"tags":[],"class_list":["post-6869","post","type-post","status-publish","format-standard","has-post-thumbnail","hentry","category-comunitat-de-petits"],"post_mailing_queue_ids":[],"_links":{"self":[{"href":"https:\/\/agora.xtec.cat\/escolapacocandel\/wp-json\/wp\/v2\/posts\/6869","targetHints":{"allow":["GET"]}}],"collection":[{"href":"https:\/\/agora.xtec.cat\/escolapacocandel\/wp-json\/wp\/v2\/posts"}],"about":[{"href":"https:\/\/agora.xtec.cat\/escolapacocandel\/wp-json\/wp\/v2\/types\/post"}],"author":[{"embeddable":true,"href":"https:\/\/agora.xtec.cat\/escolapacocandel\/wp-json\/wp\/v2\/users\/1"}],"replies":[{"embeddable":true,"href":"https:\/\/agora.xtec.cat\/escolapacocandel\/wp-json\/wp\/v2\/comments?post=6869"}],"version-history":[{"count":3,"href":"https:\/\/agora.xtec.cat\/escolapacocandel\/wp-json\/wp\/v2\/posts\/6869\/revisions"}],"predecessor-version":[{"id":6897,"href":"https:\/\/agora.xtec.cat\/escolapacocandel\/wp-json\/wp\/v2\/posts\/6869\/revisions\/6897"}],"wp:featuredmedia":[{"embeddable":true,"href":"https:\/\/agora.xtec.cat\/escolapacocandel\/wp-json\/wp\/v2\/media\/6874"}],"wp:attachment":[{"href":"https:\/\/agora.xtec.cat\/escolapacocandel\/wp-json\/wp\/v2\/media?parent=6869"}],"wp:term":[{"taxonomy":"category","embeddable":true,"href":"https:\/\/agora.xtec.cat\/escolapacocandel\/wp-json\/wp\/v2\/categories?post=6869"},{"taxonomy":"post_tag","embeddable":true,"href":"https:\/\/agora.xtec.cat\/escolapacocandel\/wp-json\/wp\/v2\/tags?post=6869"}],"curies":[{"name":"wp","href":"https:\/\/api.w.org\/{rel}","templated":true}]}}