{"id":6858,"date":"2022-10-25T15:07:30","date_gmt":"2022-10-25T13:07:30","guid":{"rendered":"https:\/\/agora.xtec.cat\/escolapacocandel\/?p=6858"},"modified":"2022-12-01T11:42:22","modified_gmt":"2022-12-01T10:42:22","slug":"sortida-projecte-5ea","status":"publish","type":"post","link":"https:\/\/agora.xtec.cat\/escolapacocandel\/comunitat-de-grans\/sortida-projecte-5ea\/","title":{"rendered":"Sortida projecte 5\u00e8A"},"content":{"rendered":"<p>Aquest dilluns els nens i nenes de la classe de 5\u00e8A van fer la sortida del projecte a l&#8217;espai cultural de la Fundaci\u00f3 Sabadell. All\u00e0 van realitzar un taller sobre els invents cient\u00edfics.<br \/>\nAquest taller proposava un recorregut per la hist\u00f2ria de la ci\u00e8ncia de manera pr\u00e0ctica i manipulativa. Es va centrar en activitats d&#8217;experimentaci\u00f3 sobre els diferents \u00e0mbits de la ci\u00e8ncia i l&#8217; alumnat va tenir l\u2019oportunitat de realitzar diferents experiments relacionats amb algun cient\u00edfic\/a important de la hist\u00f2ria. Totes les activitats es van dur a terme mitjan\u00e7ant el treball cooperatiu.<br \/>\nA continuaci\u00f3 teniu un petit recull fotogr\u00e0fic de la sortida:<\/p>\n<blockquote class=\"wp-embedded-content\" data-secret=\"qyLrmObZmc\"><p><a href=\"https:\/\/agora.xtec.cat\/escolapacocandel\/fotos-privat\/fotos-sortida-projecte-5ea\/\">Protegit: Fotos sortida projecte 5\u00e8A<\/a><\/p><\/blockquote>\n<p><iframe loading=\"lazy\" class=\"wp-embedded-content\" sandbox=\"allow-scripts\" security=\"restricted\" style=\"position: absolute; clip: rect(1px, 1px, 1px, 1px);\" title=\"&#8220;Protegit: Fotos sortida projecte 5\u00e8A&#8221; &#8212; Escola Paco Candel\" src=\"https:\/\/agora.xtec.cat\/escolapacocandel\/fotos-privat\/fotos-sortida-projecte-5ea\/embed\/#?secret=VupF0GOaMY#?secret=qyLrmObZmc\" data-secret=\"qyLrmObZmc\" width=\"500\" height=\"282\" frameborder=\"0\" marginwidth=\"0\" marginheight=\"0\" scrolling=\"no\"><\/iframe><\/p>\n<p>&nbsp;<\/p>\n","protected":false},"excerpt":{"rendered":"<p>Aquest dilluns els nens i nenes de la classe de 5\u00e8A van fer la sortida del projecte a l&#8217;espai cultural de la Fundaci\u00f3 Sabadell. All\u00e0 van realitzar un taller sobre els invents cient\u00edfics.<br \/>\nAquest taller proposava un recorregut per la hist\u00f2ria de la ci\u00e8ncia de manera&hellip;  <a href=\"https:\/\/agora.xtec.cat\/escolapacocandel\/comunitat-de-grans\/sortida-projecte-5ea\/\" title=\"Read Sortida projecte 5\u00e8A\">Llegeix m\u00e9s\u00bb<\/a><\/p>\n","protected":false},"author":21,"featured_media":6859,"comment_status":"open","ping_status":"closed","sticky":false,"template":"","format":"standard","meta":{"_bbp_topic_count":0,"_bbp_reply_count":0,"_bbp_total_topic_count":0,"_bbp_total_reply_count":0,"_bbp_voice_count":0,"_bbp_anonymous_reply_count":0,"_bbp_topic_count_hidden":0,"_bbp_reply_count_hidden":0,"_bbp_forum_subforum_count":0,"footnotes":""},"categories":[129],"tags":[99,92],"class_list":["post-6858","post","type-post","status-publish","format-standard","has-post-thumbnail","hentry","category-comunitat-de-grans","tag-projecte","tag-sortides"],"post_mailing_queue_ids":[],"_links":{"self":[{"href":"https:\/\/agora.xtec.cat\/escolapacocandel\/wp-json\/wp\/v2\/posts\/6858","targetHints":{"allow":["GET"]}}],"collection":[{"href":"https:\/\/agora.xtec.cat\/escolapacocandel\/wp-json\/wp\/v2\/posts"}],"about":[{"href":"https:\/\/agora.xtec.cat\/escolapacocandel\/wp-json\/wp\/v2\/types\/post"}],"author":[{"embeddable":true,"href":"https:\/\/agora.xtec.cat\/escolapacocandel\/wp-json\/wp\/v2\/users\/21"}],"replies":[{"embeddable":true,"href":"https:\/\/agora.xtec.cat\/escolapacocandel\/wp-json\/wp\/v2\/comments?post=6858"}],"version-history":[{"count":1,"href":"https:\/\/agora.xtec.cat\/escolapacocandel\/wp-json\/wp\/v2\/posts\/6858\/revisions"}],"predecessor-version":[{"id":6860,"href":"https:\/\/agora.xtec.cat\/escolapacocandel\/wp-json\/wp\/v2\/posts\/6858\/revisions\/6860"}],"wp:featuredmedia":[{"embeddable":true,"href":"https:\/\/agora.xtec.cat\/escolapacocandel\/wp-json\/wp\/v2\/media\/6859"}],"wp:attachment":[{"href":"https:\/\/agora.xtec.cat\/escolapacocandel\/wp-json\/wp\/v2\/media?parent=6858"}],"wp:term":[{"taxonomy":"category","embeddable":true,"href":"https:\/\/agora.xtec.cat\/escolapacocandel\/wp-json\/wp\/v2\/categories?post=6858"},{"taxonomy":"post_tag","embeddable":true,"href":"https:\/\/agora.xtec.cat\/escolapacocandel\/wp-json\/wp\/v2\/tags?post=6858"}],"curies":[{"name":"wp","href":"https:\/\/api.w.org\/{rel}","templated":true}]}}