{"id":6822,"date":"2022-10-13T11:57:48","date_gmt":"2022-10-13T09:57:48","guid":{"rendered":"https:\/\/agora.xtec.cat\/escolapacocandel\/?p=6822"},"modified":"2023-11-09T13:53:04","modified_gmt":"2023-11-09T12:53:04","slug":"sortida-de-germanor-parc-de-la-gualba","status":"publish","type":"post","link":"https:\/\/agora.xtec.cat\/escolapacocandel\/comunitat-de-grans\/sortida-de-germanor-parc-de-la-gualba\/","title":{"rendered":"Sortida de germanor &#8211; Parc de la Gualba"},"content":{"rendered":"<p>La primera sortida d&#8217;aquest curs ha arribat i la comunitat de grans hem marxat per fer germanor i poder gaudir d&#8217;un dia a la natura. El lloc escollit ha sigut el Parc de la Gualba.<\/p>\n<p>El Parc Mediambiental de Gualba est\u00e0 situat al mass\u00eds del Montseny, integrat dins de l\u2019\u00e0rea protegida del Parc Natural del Montseny, Reserva Natural de la Biosfera per la UNESCO, \u00e9s un parad\u00eds forestal de m\u00e9s de 60 hect\u00e0rees .<\/p>\n<p>Dins del Parc es pot gaudir de c\u00e0mping, zona de p\u00edcnic i barbacoes, restaurant, bar i piscina. Hi ha diferents senderes per a fer la ruta, amb itineraris senyalitzats fins al Mirador del Salt (133 metres d&#8217;altura).<br \/>\nPer a la pujada al Mirador del Salt de Gualba hi ha dos itineraris: la pujada la realitzem per l&#8217;itinerari blau, per a gaudir del curs del riu, els seus gorgs i fonts fins a arribar al Salt de Gualba. Per a la baixada, vam agafar l&#8217;itinerari groc per a gaudir de l&#8217;antic tancat dels senglars.<\/p>\n<p>Ha estat un dia per a compartir moments amb tots els infants i fam\u00edlies que ens han acompanyat, connectar amb la naturalesa i gaudir de l&#8217;entorn.<br \/>\nAqu\u00ed us deixem les fotos i v\u00eddeos de l&#8217;excursi\u00f3:<\/p>\n<blockquote class=\"wp-embedded-content\" data-secret=\"74VCmYKolw\"><p><a href=\"https:\/\/agora.xtec.cat\/escolapacocandel\/fotos-privat\/fotos-parc-de-la-gualba\/\">Protegit: Fotos Parc de la Gualba<\/a><\/p><\/blockquote>\n<p><iframe loading=\"lazy\" class=\"wp-embedded-content\" sandbox=\"allow-scripts\" security=\"restricted\" style=\"position: absolute; clip: rect(1px, 1px, 1px, 1px);\" title=\"&#8220;Protegit: Fotos Parc de la Gualba&#8221; &#8212; Escola Paco Candel\" src=\"https:\/\/agora.xtec.cat\/escolapacocandel\/fotos-privat\/fotos-parc-de-la-gualba\/embed\/#?secret=gUCyj7pi2j#?secret=74VCmYKolw\" data-secret=\"74VCmYKolw\" width=\"500\" height=\"282\" frameborder=\"0\" marginwidth=\"0\" marginheight=\"0\" scrolling=\"no\"><\/iframe><\/p>\n","protected":false},"excerpt":{"rendered":"<p>La primera sortida d&#8217;aquest curs ha arribat i la comunitat de grans hem marxat per fer germanor i poder gaudir d&#8217;un dia a la natura. El lloc escollit ha sigut el Parc de la Gualba.<br \/>\nEl Parc Mediambiental de Gualba est\u00e0 situat al mass\u00eds del Montseny,&hellip;  <a href=\"https:\/\/agora.xtec.cat\/escolapacocandel\/comunitat-de-grans\/sortida-de-germanor-parc-de-la-gualba\/\" title=\"Read Sortida de germanor &#8211; Parc de la Gualba\">Llegeix m\u00e9s\u00bb<\/a><\/p>\n","protected":false},"author":20,"featured_media":6823,"comment_status":"open","ping_status":"closed","sticky":false,"template":"","format":"standard","meta":{"_bbp_topic_count":0,"_bbp_reply_count":0,"_bbp_total_topic_count":0,"_bbp_total_reply_count":0,"_bbp_voice_count":0,"_bbp_anonymous_reply_count":0,"_bbp_topic_count_hidden":0,"_bbp_reply_count_hidden":0,"_bbp_forum_subforum_count":0,"footnotes":""},"categories":[144,129,143,146],"tags":[92],"class_list":["post-6822","post","type-post","status-publish","format-standard","has-post-thumbnail","hentry","category-5e","category-comunitat-de-grans","category-4t","category-6e","tag-sortides"],"post_mailing_queue_ids":[],"_links":{"self":[{"href":"https:\/\/agora.xtec.cat\/escolapacocandel\/wp-json\/wp\/v2\/posts\/6822","targetHints":{"allow":["GET"]}}],"collection":[{"href":"https:\/\/agora.xtec.cat\/escolapacocandel\/wp-json\/wp\/v2\/posts"}],"about":[{"href":"https:\/\/agora.xtec.cat\/escolapacocandel\/wp-json\/wp\/v2\/types\/post"}],"author":[{"embeddable":true,"href":"https:\/\/agora.xtec.cat\/escolapacocandel\/wp-json\/wp\/v2\/users\/20"}],"replies":[{"embeddable":true,"href":"https:\/\/agora.xtec.cat\/escolapacocandel\/wp-json\/wp\/v2\/comments?post=6822"}],"version-history":[{"count":1,"href":"https:\/\/agora.xtec.cat\/escolapacocandel\/wp-json\/wp\/v2\/posts\/6822\/revisions"}],"predecessor-version":[{"id":6826,"href":"https:\/\/agora.xtec.cat\/escolapacocandel\/wp-json\/wp\/v2\/posts\/6822\/revisions\/6826"}],"wp:featuredmedia":[{"embeddable":true,"href":"https:\/\/agora.xtec.cat\/escolapacocandel\/wp-json\/wp\/v2\/media\/6823"}],"wp:attachment":[{"href":"https:\/\/agora.xtec.cat\/escolapacocandel\/wp-json\/wp\/v2\/media?parent=6822"}],"wp:term":[{"taxonomy":"category","embeddable":true,"href":"https:\/\/agora.xtec.cat\/escolapacocandel\/wp-json\/wp\/v2\/categories?post=6822"},{"taxonomy":"post_tag","embeddable":true,"href":"https:\/\/agora.xtec.cat\/escolapacocandel\/wp-json\/wp\/v2\/tags?post=6822"}],"curies":[{"name":"wp","href":"https:\/\/api.w.org\/{rel}","templated":true}]}}