{"id":6784,"date":"2022-10-11T11:25:31","date_gmt":"2022-10-11T09:25:31","guid":{"rendered":"https:\/\/agora.xtec.cat\/escolapacocandel\/?p=6784"},"modified":"2023-11-09T13:49:49","modified_gmt":"2023-11-09T12:49:49","slug":"sortida-germanor-parc-de-torreblanca","status":"publish","type":"post","link":"https:\/\/agora.xtec.cat\/escolapacocandel\/comunitat-de-mitjans\/sortida-germanor-parc-de-torreblanca\/","title":{"rendered":"Sortida germanor parc de Torreblanca"},"content":{"rendered":"<p>Durant aquest curs els infants de 1r, 2n i 3r, treballaran per comunitats d&#8217;aprenentatge. L&#8217;estona d&#8217;ambients ser\u00e0 la principal, ja que tots i totes conviuran junts\/es.<\/p>\n<p>La sortida al parc ens ha perm\u00e8s poder-nos con\u00e8ixer d&#8217;una manera diferent. Amb una gimcana per tot el parc, els infants han pogut gaudir de cada moment. Des de passejar per la pineda, visitar el llac amb els \u00e0necs i incl\u00fas sortir d&#8217;un laberint. Ha estat tota una experi\u00e8ncia, molt enriquidora per tots i totes.<\/p>\n<p>Aqu\u00ed us deixem el recull d&#8217;imatges d&#8217;un dia m\u00e0gic, divertit i de germanor.<\/p>\n<p><a href=\"https:\/\/agora.xtec.cat\/escolapacocandel\/fotos-privat\/fotos-torreblanca\/\">RECULL DE FOTOS<\/a><\/p>\n<p><a href=\"https:\/\/agora.xtec.cat\/escolapacocandel\/wp-content\/uploads\/usu332\/2022\/10\/43172DD5-DCA5-479F-AEC5-FF4A15736FDA-COLLAGE.jpg\"><img loading=\"lazy\" decoding=\"async\" class=\"alignnone size-full wp-image-6785\" src=\"https:\/\/agora.xtec.cat\/escolapacocandel\/wp-content\/uploads\/usu332\/2022\/10\/43172DD5-DCA5-479F-AEC5-FF4A15736FDA-COLLAGE.jpg\" alt=\"\" width=\"2047\" height=\"2047\" srcset=\"https:\/\/agora.xtec.cat\/escolapacocandel\/wp-content\/uploads\/usu332\/2022\/10\/43172DD5-DCA5-479F-AEC5-FF4A15736FDA-COLLAGE.jpg 2047w, https:\/\/agora.xtec.cat\/escolapacocandel\/wp-content\/uploads\/usu332\/2022\/10\/43172DD5-DCA5-479F-AEC5-FF4A15736FDA-COLLAGE-300x300.jpg 300w, https:\/\/agora.xtec.cat\/escolapacocandel\/wp-content\/uploads\/usu332\/2022\/10\/43172DD5-DCA5-479F-AEC5-FF4A15736FDA-COLLAGE-1024x1024.jpg 1024w, https:\/\/agora.xtec.cat\/escolapacocandel\/wp-content\/uploads\/usu332\/2022\/10\/43172DD5-DCA5-479F-AEC5-FF4A15736FDA-COLLAGE-150x150.jpg 150w, https:\/\/agora.xtec.cat\/escolapacocandel\/wp-content\/uploads\/usu332\/2022\/10\/43172DD5-DCA5-479F-AEC5-FF4A15736FDA-COLLAGE-768x768.jpg 768w, https:\/\/agora.xtec.cat\/escolapacocandel\/wp-content\/uploads\/usu332\/2022\/10\/43172DD5-DCA5-479F-AEC5-FF4A15736FDA-COLLAGE-1536x1536.jpg 1536w\" sizes=\"auto, (max-width: 2047px) 100vw, 2047px\" \/><\/a><\/p>\n","protected":false},"excerpt":{"rendered":"<p>Durant aquest curs els infants de 1r, 2n i 3r, treballaran per comunitats d&#8217;aprenentatge. L&#8217;estona d&#8217;ambients ser\u00e0 la principal, ja que tots i totes conviuran junts\/es.<br \/>\nLa sortida al parc ens ha perm\u00e8s poder-nos con\u00e8ixer d&#8217;una manera diferent. Amb una gimcana per tot el parc, els&hellip;  <a href=\"https:\/\/agora.xtec.cat\/escolapacocandel\/comunitat-de-mitjans\/sortida-germanor-parc-de-torreblanca\/\" title=\"Read Sortida germanor parc de Torreblanca\">Llegeix m\u00e9s\u00bb<\/a><\/p>\n","protected":false},"author":22,"featured_media":0,"comment_status":"open","ping_status":"closed","sticky":false,"template":"","format":"standard","meta":{"_bbp_topic_count":0,"_bbp_reply_count":0,"_bbp_total_topic_count":0,"_bbp_total_reply_count":0,"_bbp_voice_count":0,"_bbp_anonymous_reply_count":0,"_bbp_topic_count_hidden":0,"_bbp_reply_count_hidden":0,"_bbp_forum_subforum_count":0,"footnotes":""},"categories":[127,140,137,141],"tags":[92],"class_list":["post-6784","post","type-post","status-publish","format-standard","hentry","category-comunitat-de-mitjans","category-1r","category-2n","category-3r","tag-sortides"],"post_mailing_queue_ids":[],"_links":{"self":[{"href":"https:\/\/agora.xtec.cat\/escolapacocandel\/wp-json\/wp\/v2\/posts\/6784","targetHints":{"allow":["GET"]}}],"collection":[{"href":"https:\/\/agora.xtec.cat\/escolapacocandel\/wp-json\/wp\/v2\/posts"}],"about":[{"href":"https:\/\/agora.xtec.cat\/escolapacocandel\/wp-json\/wp\/v2\/types\/post"}],"author":[{"embeddable":true,"href":"https:\/\/agora.xtec.cat\/escolapacocandel\/wp-json\/wp\/v2\/users\/22"}],"replies":[{"embeddable":true,"href":"https:\/\/agora.xtec.cat\/escolapacocandel\/wp-json\/wp\/v2\/comments?post=6784"}],"version-history":[{"count":3,"href":"https:\/\/agora.xtec.cat\/escolapacocandel\/wp-json\/wp\/v2\/posts\/6784\/revisions"}],"predecessor-version":[{"id":6848,"href":"https:\/\/agora.xtec.cat\/escolapacocandel\/wp-json\/wp\/v2\/posts\/6784\/revisions\/6848"}],"wp:attachment":[{"href":"https:\/\/agora.xtec.cat\/escolapacocandel\/wp-json\/wp\/v2\/media?parent=6784"}],"wp:term":[{"taxonomy":"category","embeddable":true,"href":"https:\/\/agora.xtec.cat\/escolapacocandel\/wp-json\/wp\/v2\/categories?post=6784"},{"taxonomy":"post_tag","embeddable":true,"href":"https:\/\/agora.xtec.cat\/escolapacocandel\/wp-json\/wp\/v2\/tags?post=6784"}],"curies":[{"name":"wp","href":"https:\/\/api.w.org\/{rel}","templated":true}]}}