{"id":6764,"date":"2022-10-10T22:10:05","date_gmt":"2022-10-10T20:10:05","guid":{"rendered":"https:\/\/agora.xtec.cat\/escolapacocandel\/?p=6764"},"modified":"2022-12-01T11:43:10","modified_gmt":"2022-12-01T10:43:10","slug":"reunio-inici-de-curs-1r-2","status":"publish","type":"post","link":"https:\/\/agora.xtec.cat\/escolapacocandel\/comunitat-de-mitjans\/reunio-inici-de-curs-1r-2\/","title":{"rendered":"Reuni\u00f3 inici de curs 1r"},"content":{"rendered":"<p>Benvolgudes fam\u00edlies,<\/p>\n<p>Us deixem la presentaci\u00f3 de la reuni\u00f3 de fam\u00edlies, tamb\u00e9 trobareu les\u00a0diferents informacions de com treballem els ambients, projectes i racons a les aules.<\/p>\n<p>Gr\u00e0cies com sempre per la vostra dedicaci\u00f3, confian\u00e7a i acompanyament.<\/p>\n<p>Equip de mestres de 1r<\/p>\n<p><strong>POWER REUNI\u00d3<\/strong><\/p>\n<p><a href=\"https:\/\/drive.google.com\/file\/d\/1QFTmFZztdfYeqK59QNeJ0_wSzWatK59Z\/view?usp=sharing\"><img loading=\"lazy\" decoding=\"async\" class=\"alignnone size-medium wp-image-6765\" src=\"https:\/\/agora.xtec.cat\/escolapacocandel\/wp-content\/uploads\/usu332\/2022\/10\/FOTO-1R-300x189.png\" alt=\"\" width=\"300\" height=\"189\" srcset=\"https:\/\/agora.xtec.cat\/escolapacocandel\/wp-content\/uploads\/usu332\/2022\/10\/FOTO-1R-300x189.png 300w, https:\/\/agora.xtec.cat\/escolapacocandel\/wp-content\/uploads\/usu332\/2022\/10\/FOTO-1R-768x484.png 768w, https:\/\/agora.xtec.cat\/escolapacocandel\/wp-content\/uploads\/usu332\/2022\/10\/FOTO-1R.png 893w\" sizes=\"auto, (max-width: 300px) 100vw, 300px\" \/><\/a><\/p>\n<p><strong>RACONS<\/strong><\/p>\n<p><a href=\"https:\/\/drive.google.com\/file\/d\/1SVOqAbPQVdMdURbk-XyEPuec_2jgT3Fd\/view?usp=sharing\"><img loading=\"lazy\" decoding=\"async\" class=\"alignnone size-medium wp-image-6766\" src=\"https:\/\/agora.xtec.cat\/escolapacocandel\/wp-content\/uploads\/usu332\/2022\/10\/RACONS-300x187.png\" alt=\"\" width=\"300\" height=\"187\" srcset=\"https:\/\/agora.xtec.cat\/escolapacocandel\/wp-content\/uploads\/usu332\/2022\/10\/RACONS-300x187.png 300w, https:\/\/agora.xtec.cat\/escolapacocandel\/wp-content\/uploads\/usu332\/2022\/10\/RACONS.png 509w\" sizes=\"auto, (max-width: 300px) 100vw, 300px\" \/><\/a><\/p>\n<p><strong>PROJECTES<\/strong><\/p>\n<p><a href=\"https:\/\/drive.google.com\/file\/d\/1ApMyUuWIgb6TUtmuENQ4Ib0FCBD8fVl_\/view?usp=sharing\"><img loading=\"lazy\" decoding=\"async\" class=\"alignnone size-full wp-image-6767\" src=\"https:\/\/agora.xtec.cat\/escolapacocandel\/wp-content\/uploads\/usu332\/2022\/10\/PROJECTES.png\" alt=\"\" width=\"209\" height=\"189\" \/><\/a><\/p>\n<p><strong>AMBIENTS<\/strong><\/p>\n<p><a href=\"https:\/\/drive.google.com\/file\/d\/1w82CrWdJSQb1m_qGCVD_XKz5E4iwmDSU\/view?usp=sharing\"><img loading=\"lazy\" decoding=\"async\" class=\"alignnone size-full wp-image-6768\" src=\"https:\/\/agora.xtec.cat\/escolapacocandel\/wp-content\/uploads\/usu332\/2022\/10\/AMBIENTS.png\" alt=\"\" width=\"211\" height=\"211\" srcset=\"https:\/\/agora.xtec.cat\/escolapacocandel\/wp-content\/uploads\/usu332\/2022\/10\/AMBIENTS.png 211w, https:\/\/agora.xtec.cat\/escolapacocandel\/wp-content\/uploads\/usu332\/2022\/10\/AMBIENTS-150x150.png 150w\" sizes=\"auto, (max-width: 211px) 100vw, 211px\" \/><\/a><\/p>\n<p>&nbsp;<\/p>\n<p>&nbsp;<\/p>\n","protected":false},"excerpt":{"rendered":"<p>Benvolgudes fam\u00edlies,<br \/>\nUs deixem la presentaci\u00f3 de la reuni\u00f3 de fam\u00edlies, tamb\u00e9 trobareu les\u00a0diferents informacions de com treballem els ambients, projectes i racons a les aules.<br \/>\nGr\u00e0cies com sempre per la vostra dedicaci\u00f3, confian\u00e7a i acompanyament.<br \/>\nEquip de mestres de 1r<br \/>\nPOWER REUNI\u00d3<br \/>\n<a href=\"https:\/\/drive.google.com\/file\/d\/1QFTmFZztdfYeqK59QNeJ0_wSzWatK59Z\/view?usp=sharing\"><\/a><br \/>\nRACONS<br \/>\n<a href=\"https:\/\/drive.google.com\/file\/d\/1SVOqAbPQVdMdURbk-XyEPuec_2jgT3Fd\/view?usp=sharing\"><\/a><br \/>\nPROJECTES<br \/>\n<a href=\"https:\/\/drive.google.com\/file\/d\/1ApMyUuWIgb6TUtmuENQ4Ib0FCBD8fVl_\/view?usp=sharing\"><\/a><br \/>\nAMBIENTS<br \/>\n<a href=\"https:\/\/drive.google.com\/file\/d\/1w82CrWdJSQb1m_qGCVD_XKz5E4iwmDSU\/view?usp=sharing\"><\/a><br \/>\n&nbsp;<br \/>\n&nbsp;<\/p>\n","protected":false},"author":22,"featured_media":0,"comment_status":"open","ping_status":"closed","sticky":false,"template":"","format":"standard","meta":{"_bbp_topic_count":0,"_bbp_reply_count":0,"_bbp_total_topic_count":0,"_bbp_total_reply_count":0,"_bbp_voice_count":0,"_bbp_anonymous_reply_count":0,"_bbp_topic_count_hidden":0,"_bbp_reply_count_hidden":0,"_bbp_forum_subforum_count":0,"footnotes":""},"categories":[127,140],"tags":[94],"class_list":["post-6764","post","type-post","status-publish","format-standard","hentry","category-comunitat-de-mitjans","category-1r","tag-reunio-families"],"post_mailing_queue_ids":[],"_links":{"self":[{"href":"https:\/\/agora.xtec.cat\/escolapacocandel\/wp-json\/wp\/v2\/posts\/6764","targetHints":{"allow":["GET"]}}],"collection":[{"href":"https:\/\/agora.xtec.cat\/escolapacocandel\/wp-json\/wp\/v2\/posts"}],"about":[{"href":"https:\/\/agora.xtec.cat\/escolapacocandel\/wp-json\/wp\/v2\/types\/post"}],"author":[{"embeddable":true,"href":"https:\/\/agora.xtec.cat\/escolapacocandel\/wp-json\/wp\/v2\/users\/22"}],"replies":[{"embeddable":true,"href":"https:\/\/agora.xtec.cat\/escolapacocandel\/wp-json\/wp\/v2\/comments?post=6764"}],"version-history":[{"count":2,"href":"https:\/\/agora.xtec.cat\/escolapacocandel\/wp-json\/wp\/v2\/posts\/6764\/revisions"}],"predecessor-version":[{"id":6781,"href":"https:\/\/agora.xtec.cat\/escolapacocandel\/wp-json\/wp\/v2\/posts\/6764\/revisions\/6781"}],"wp:attachment":[{"href":"https:\/\/agora.xtec.cat\/escolapacocandel\/wp-json\/wp\/v2\/media?parent=6764"}],"wp:term":[{"taxonomy":"category","embeddable":true,"href":"https:\/\/agora.xtec.cat\/escolapacocandel\/wp-json\/wp\/v2\/categories?post=6764"},{"taxonomy":"post_tag","embeddable":true,"href":"https:\/\/agora.xtec.cat\/escolapacocandel\/wp-json\/wp\/v2\/tags?post=6764"}],"curies":[{"name":"wp","href":"https:\/\/api.w.org\/{rel}","templated":true}]}}