{"id":6694,"date":"2022-06-28T10:23:57","date_gmt":"2022-06-28T08:23:57","guid":{"rendered":"https:\/\/agora.xtec.cat\/escolapacocandel\/?p=6694"},"modified":"2022-12-01T11:43:59","modified_gmt":"2022-12-01T10:43:59","slug":"projecte-historia","status":"publish","type":"post","link":"https:\/\/agora.xtec.cat\/escolapacocandel\/general\/projecte-historia\/","title":{"rendered":"Projecte Hist\u00f2ria"},"content":{"rendered":"<p>Les i els alumnes de 5\u00e8 hem fet el projecte d&#8217;hist\u00f2ria durant aquests dos \u00faltims trimestres. Aquest projecte ens ha portat per totes les etapes hist\u00f2riques, descobrint i aprenent tot all\u00f2 que les fa ser diferents.<br \/>\nEn aquest projecte hem anat descobrint codis per cada etapa per poder aconseguir arribar al codi final on ens esperava una sorpresa. La forma d&#8217;arribar a aquests codis ha sigut a trav\u00e9s de diferents reptes i&#8230; ho hem\u00a0aconseguit!<br \/>\nEl repte final ens va portar a fer una festa tem\u00e0tica. Vam escollir l&#8217;\u00e8poca que ens va agradar m\u00e9s i ens vam disfressar amb les robes i objectes del moment. Ens vam fer fotos en el\u00a0photocall, ballar i menjar pica-pica. Va ser molt divertit tancar aquest projecte d&#8217;una forma tan especial i divertida.<\/p>\n<blockquote class=\"wp-embedded-content\" data-secret=\"rDdaMB3W6d\"><p><a href=\"https:\/\/agora.xtec.cat\/escolapacocandel\/fotos-privat\/fotos-projecte-historia\/\">Protegit: Fotos projecte Hist\u00f2ria<\/a><\/p><\/blockquote>\n<p><iframe loading=\"lazy\" class=\"wp-embedded-content\" sandbox=\"allow-scripts\" security=\"restricted\" style=\"position: absolute; clip: rect(1px, 1px, 1px, 1px);\" title=\"&#8220;Protegit: Fotos projecte Hist\u00f2ria&#8221; &#8212; Escola Paco Candel\" src=\"https:\/\/agora.xtec.cat\/escolapacocandel\/fotos-privat\/fotos-projecte-historia\/embed\/#?secret=jhGiBBwPJb#?secret=rDdaMB3W6d\" data-secret=\"rDdaMB3W6d\" width=\"500\" height=\"282\" frameborder=\"0\" marginwidth=\"0\" marginheight=\"0\" scrolling=\"no\"><\/iframe><\/p>\n","protected":false},"excerpt":{"rendered":"<p>Les i els alumnes de 5\u00e8 hem fet el projecte d&#8217;hist\u00f2ria durant aquests dos \u00faltims trimestres. Aquest projecte ens ha portat per totes les etapes hist\u00f2riques, descobrint i aprenent tot all\u00f2 que les fa ser diferents.<br \/>\nEn aquest projecte hem anat descobrint codis per cada etapa per poder aconseguir arribar al codi final on ens esperava una sorpresa. La forma d&#8217;arribar a aquests codis ha sigut a trav\u00e9s de diferents reptes i&#8230; ho hem\u00a0aconseguit!<br \/>\nEl repte final ens va portar a fer una festa tem\u00e0tica. Vam escollir l&#8217;\u00e8poca que ens va agradar m\u00e9s i ens vam disfressar amb les robes i objectes del moment. Ens vam fer fotos en el\u00a0photocall, ballar i menjar pica-pica. Va ser molt divertit tancar aquest projecte d&#8217;una forma tan especial i divertida.&hellip;  <a href=\"https:\/\/agora.xtec.cat\/escolapacocandel\/general\/projecte-historia\/\" title=\"Read Projecte Hist\u00f2ria\">Llegeix m\u00e9s\u00bb<\/a><\/p>\n","protected":false},"author":1,"featured_media":6699,"comment_status":"open","ping_status":"closed","sticky":false,"template":"","format":"standard","meta":{"_bbp_topic_count":0,"_bbp_reply_count":0,"_bbp_total_topic_count":0,"_bbp_total_reply_count":0,"_bbp_voice_count":0,"_bbp_anonymous_reply_count":0,"_bbp_topic_count_hidden":0,"_bbp_reply_count_hidden":0,"_bbp_forum_subforum_count":0,"footnotes":""},"categories":[1],"tags":[99],"class_list":["post-6694","post","type-post","status-publish","format-standard","has-post-thumbnail","hentry","category-general","tag-projecte"],"post_mailing_queue_ids":[],"_links":{"self":[{"href":"https:\/\/agora.xtec.cat\/escolapacocandel\/wp-json\/wp\/v2\/posts\/6694","targetHints":{"allow":["GET"]}}],"collection":[{"href":"https:\/\/agora.xtec.cat\/escolapacocandel\/wp-json\/wp\/v2\/posts"}],"about":[{"href":"https:\/\/agora.xtec.cat\/escolapacocandel\/wp-json\/wp\/v2\/types\/post"}],"author":[{"embeddable":true,"href":"https:\/\/agora.xtec.cat\/escolapacocandel\/wp-json\/wp\/v2\/users\/1"}],"replies":[{"embeddable":true,"href":"https:\/\/agora.xtec.cat\/escolapacocandel\/wp-json\/wp\/v2\/comments?post=6694"}],"version-history":[{"count":3,"href":"https:\/\/agora.xtec.cat\/escolapacocandel\/wp-json\/wp\/v2\/posts\/6694\/revisions"}],"predecessor-version":[{"id":6703,"href":"https:\/\/agora.xtec.cat\/escolapacocandel\/wp-json\/wp\/v2\/posts\/6694\/revisions\/6703"}],"wp:featuredmedia":[{"embeddable":true,"href":"https:\/\/agora.xtec.cat\/escolapacocandel\/wp-json\/wp\/v2\/media\/6699"}],"wp:attachment":[{"href":"https:\/\/agora.xtec.cat\/escolapacocandel\/wp-json\/wp\/v2\/media?parent=6694"}],"wp:term":[{"taxonomy":"category","embeddable":true,"href":"https:\/\/agora.xtec.cat\/escolapacocandel\/wp-json\/wp\/v2\/categories?post=6694"},{"taxonomy":"post_tag","embeddable":true,"href":"https:\/\/agora.xtec.cat\/escolapacocandel\/wp-json\/wp\/v2\/tags?post=6694"}],"curies":[{"name":"wp","href":"https:\/\/api.w.org\/{rel}","templated":true}]}}