{"id":6689,"date":"2022-06-27T12:29:35","date_gmt":"2022-06-27T10:29:35","guid":{"rendered":"https:\/\/agora.xtec.cat\/escolapacocandel\/?p=6689"},"modified":"2024-01-31T18:37:25","modified_gmt":"2024-01-31T17:37:25","slug":"sortida-final-de-curs-3r-climbat","status":"publish","type":"post","link":"https:\/\/agora.xtec.cat\/escolapacocandel\/comunitat-de-mitjans\/sortida-final-de-curs-3r-climbat\/","title":{"rendered":"Sortida final de curs 3r: CLIMBAT!"},"content":{"rendered":"<p>El passat divendres 17 de juny, les classes del CINEMA i dels SOMNIS, van poder gaudir d&#8217;una sortida molt divertida i emocionant al CLIMBAT.<\/p>\n<p>El <a href=\"https:\/\/www.climbat.com\/la-foixarda-barcelona\/ca\/\">CLIMBAT<\/a> \u00e9s un espai que permet iniciar-se o desenvolupar les destreses i habilitats en escalada. Els nens i les nenes de tercer van poder gaudir d&#8217;una activitat dirigida de dues hores amb monitors i monitores especialitzats\/des. Van poder enfilar-se, deixar-se caure, provar i experimentar amb les diferents propostes. S&#8217;ho van passar d&#8217;all\u00f2 m\u00e9s b\u00e9!<\/p>\n<p>Us compartim a continuaci\u00f3, un recull de fotografies d&#8217;aquell dia.<\/p>\n<blockquote class=\"wp-embedded-content\" data-secret=\"Y8w1xC8wvB\"><p><a href=\"https:\/\/agora.xtec.cat\/escolapacocandel\/fotos-privat\/recull-fotos-climbat-3r\/\">Protegit: Recull fotos Climbat 3r<\/a><\/p><\/blockquote>\n<p><iframe loading=\"lazy\" class=\"wp-embedded-content\" sandbox=\"allow-scripts\" security=\"restricted\" style=\"position: absolute; clip: rect(1px, 1px, 1px, 1px);\" title=\"&#8220;Protegit: Recull fotos Climbat 3r&#8221; &#8212; Escola Paco Candel\" src=\"https:\/\/agora.xtec.cat\/escolapacocandel\/fotos-privat\/recull-fotos-climbat-3r\/embed\/#?secret=UqogkJ8V1R#?secret=Y8w1xC8wvB\" data-secret=\"Y8w1xC8wvB\" width=\"500\" height=\"282\" frameborder=\"0\" marginwidth=\"0\" marginheight=\"0\" scrolling=\"no\"><\/iframe><\/p>\n","protected":false},"excerpt":{"rendered":"<p>El passat divendres 17 de juny, les classes del CINEMA i dels SOMNIS, van poder gaudir d&#8217;una sortida molt divertida i emocionant al CLIMBAT.<br \/>\nEl <a href=\"https:\/\/www.climbat.com\/la-foixarda-barcelona\/ca\/\">CLIMBAT<\/a> \u00e9s un espai que permet iniciar-se o desenvolupar les destreses i habilitats en escalada. Els nens i les nenes&hellip;  <a href=\"https:\/\/agora.xtec.cat\/escolapacocandel\/comunitat-de-mitjans\/sortida-final-de-curs-3r-climbat\/\" title=\"Read Sortida final de curs 3r: CLIMBAT!\">Llegeix m\u00e9s\u00bb<\/a><\/p>\n","protected":false},"author":18,"featured_media":6692,"comment_status":"open","ping_status":"closed","sticky":false,"template":"","format":"standard","meta":{"_bbp_topic_count":0,"_bbp_reply_count":0,"_bbp_total_topic_count":0,"_bbp_total_reply_count":0,"_bbp_voice_count":0,"_bbp_anonymous_reply_count":0,"_bbp_topic_count_hidden":0,"_bbp_reply_count_hidden":0,"_bbp_forum_subforum_count":0,"footnotes":""},"categories":[127,141],"tags":[],"class_list":["post-6689","post","type-post","status-publish","format-standard","has-post-thumbnail","hentry","category-comunitat-de-mitjans","category-3r"],"post_mailing_queue_ids":[],"_links":{"self":[{"href":"https:\/\/agora.xtec.cat\/escolapacocandel\/wp-json\/wp\/v2\/posts\/6689","targetHints":{"allow":["GET"]}}],"collection":[{"href":"https:\/\/agora.xtec.cat\/escolapacocandel\/wp-json\/wp\/v2\/posts"}],"about":[{"href":"https:\/\/agora.xtec.cat\/escolapacocandel\/wp-json\/wp\/v2\/types\/post"}],"author":[{"embeddable":true,"href":"https:\/\/agora.xtec.cat\/escolapacocandel\/wp-json\/wp\/v2\/users\/18"}],"replies":[{"embeddable":true,"href":"https:\/\/agora.xtec.cat\/escolapacocandel\/wp-json\/wp\/v2\/comments?post=6689"}],"version-history":[{"count":1,"href":"https:\/\/agora.xtec.cat\/escolapacocandel\/wp-json\/wp\/v2\/posts\/6689\/revisions"}],"predecessor-version":[{"id":6693,"href":"https:\/\/agora.xtec.cat\/escolapacocandel\/wp-json\/wp\/v2\/posts\/6689\/revisions\/6693"}],"wp:featuredmedia":[{"embeddable":true,"href":"https:\/\/agora.xtec.cat\/escolapacocandel\/wp-json\/wp\/v2\/media\/6692"}],"wp:attachment":[{"href":"https:\/\/agora.xtec.cat\/escolapacocandel\/wp-json\/wp\/v2\/media?parent=6689"}],"wp:term":[{"taxonomy":"category","embeddable":true,"href":"https:\/\/agora.xtec.cat\/escolapacocandel\/wp-json\/wp\/v2\/categories?post=6689"},{"taxonomy":"post_tag","embeddable":true,"href":"https:\/\/agora.xtec.cat\/escolapacocandel\/wp-json\/wp\/v2\/tags?post=6689"}],"curies":[{"name":"wp","href":"https:\/\/api.w.org\/{rel}","templated":true}]}}