{"id":6682,"date":"2022-06-27T12:19:52","date_gmt":"2022-06-27T10:19:52","guid":{"rendered":"https:\/\/agora.xtec.cat\/escolapacocandel\/?p=6682"},"modified":"2024-01-31T18:37:41","modified_gmt":"2024-01-31T17:37:41","slug":"projecte-oficis-i-families","status":"publish","type":"post","link":"https:\/\/agora.xtec.cat\/escolapacocandel\/comunitat-de-mitjans\/projecte-oficis-i-families\/","title":{"rendered":"Projecte: oficis i fam\u00edlies"},"content":{"rendered":"<p>Aquest tercer trimestre, l&#8217;alumnat de 3r va poder desenvolupar el projecte dels sectors econ\u00f2mics. Per iniciar aquest projecte, vam necessitar de la col\u00b7laboraci\u00f3 de les fam\u00edlies i com no, va ser un \u00e8xit! Primerament, l&#8217;alumnat havia de preguntar als seus familiars quin era el seu ofici, per despr\u00e9s poder elaborar una graella amb tot el grup-classe i classificar-los segons els sectors (primari, secundari i terciari). Despr\u00e9s, les fam\u00edlies que s&#8217;oferien podien venir a explicar quina feina desenvolupaven.<\/p>\n<p>Les nenes i els nens de tercer van poder con\u00e8ixer el desenvolupament de diferents oficis, explicats en primera persona. Van poder escoltar i fer un munt de preguntes per resoldre les seves curiositats i dubtes.<\/p>\n<p>Ha sigut una experi\u00e8ncia molt enriquidora. Poder con\u00e8ixer els sectors econ\u00f2mics i entendre com es desenvolupen alguns oficis de manera vivencial.<\/p>\n<p>Us compartim algunes fotografies que hem anat fent de totes les xerrades.<\/p>\n<blockquote class=\"wp-embedded-content\" data-secret=\"ibbG3Leo9S\"><p><a href=\"https:\/\/agora.xtec.cat\/escolapacocandel\/fotos-privat\/recull-sectors-i-oficis\/\">Protegit: Recull: sectors i oficis<\/a><\/p><\/blockquote>\n<p><iframe loading=\"lazy\" class=\"wp-embedded-content\" sandbox=\"allow-scripts\" security=\"restricted\" style=\"position: absolute; clip: rect(1px, 1px, 1px, 1px);\" title=\"&#8220;Protegit: Recull: sectors i oficis&#8221; &#8212; Escola Paco Candel\" src=\"https:\/\/agora.xtec.cat\/escolapacocandel\/fotos-privat\/recull-sectors-i-oficis\/embed\/#?secret=mzDJJFNI0S#?secret=ibbG3Leo9S\" data-secret=\"ibbG3Leo9S\" width=\"500\" height=\"282\" frameborder=\"0\" marginwidth=\"0\" marginheight=\"0\" scrolling=\"no\"><\/iframe><\/p>\n<p>Esperem que us agradi!<\/p>\n","protected":false},"excerpt":{"rendered":"<p>Aquest tercer trimestre, l&#8217;alumnat de 3r va poder desenvolupar el projecte dels sectors econ\u00f2mics. Per iniciar aquest projecte, vam necessitar de la col\u00b7laboraci\u00f3 de les fam\u00edlies i com no, va ser un \u00e8xit! Primerament, l&#8217;alumnat havia de preguntar als seus familiars quin era el seu&hellip;  <a href=\"https:\/\/agora.xtec.cat\/escolapacocandel\/comunitat-de-mitjans\/projecte-oficis-i-families\/\" title=\"Read Projecte: oficis i fam\u00edlies\">Llegeix m\u00e9s\u00bb<\/a><\/p>\n","protected":false},"author":18,"featured_media":6685,"comment_status":"open","ping_status":"closed","sticky":false,"template":"","format":"standard","meta":{"_bbp_topic_count":0,"_bbp_reply_count":0,"_bbp_total_topic_count":0,"_bbp_total_reply_count":0,"_bbp_voice_count":0,"_bbp_anonymous_reply_count":0,"_bbp_topic_count_hidden":0,"_bbp_reply_count_hidden":0,"_bbp_forum_subforum_count":0,"footnotes":""},"categories":[127,141],"tags":[99],"class_list":["post-6682","post","type-post","status-publish","format-standard","has-post-thumbnail","hentry","category-comunitat-de-mitjans","category-3r","tag-projecte"],"post_mailing_queue_ids":[],"_links":{"self":[{"href":"https:\/\/agora.xtec.cat\/escolapacocandel\/wp-json\/wp\/v2\/posts\/6682","targetHints":{"allow":["GET"]}}],"collection":[{"href":"https:\/\/agora.xtec.cat\/escolapacocandel\/wp-json\/wp\/v2\/posts"}],"about":[{"href":"https:\/\/agora.xtec.cat\/escolapacocandel\/wp-json\/wp\/v2\/types\/post"}],"author":[{"embeddable":true,"href":"https:\/\/agora.xtec.cat\/escolapacocandel\/wp-json\/wp\/v2\/users\/18"}],"replies":[{"embeddable":true,"href":"https:\/\/agora.xtec.cat\/escolapacocandel\/wp-json\/wp\/v2\/comments?post=6682"}],"version-history":[{"count":1,"href":"https:\/\/agora.xtec.cat\/escolapacocandel\/wp-json\/wp\/v2\/posts\/6682\/revisions"}],"predecessor-version":[{"id":6686,"href":"https:\/\/agora.xtec.cat\/escolapacocandel\/wp-json\/wp\/v2\/posts\/6682\/revisions\/6686"}],"wp:featuredmedia":[{"embeddable":true,"href":"https:\/\/agora.xtec.cat\/escolapacocandel\/wp-json\/wp\/v2\/media\/6685"}],"wp:attachment":[{"href":"https:\/\/agora.xtec.cat\/escolapacocandel\/wp-json\/wp\/v2\/media?parent=6682"}],"wp:term":[{"taxonomy":"category","embeddable":true,"href":"https:\/\/agora.xtec.cat\/escolapacocandel\/wp-json\/wp\/v2\/categories?post=6682"},{"taxonomy":"post_tag","embeddable":true,"href":"https:\/\/agora.xtec.cat\/escolapacocandel\/wp-json\/wp\/v2\/tags?post=6682"}],"curies":[{"name":"wp","href":"https:\/\/api.w.org\/{rel}","templated":true}]}}