{"id":6664,"date":"2022-06-22T10:02:38","date_gmt":"2022-06-22T08:02:38","guid":{"rendered":"https:\/\/agora.xtec.cat\/escolapacocandel\/?p=6664"},"modified":"2024-01-31T18:54:01","modified_gmt":"2024-01-31T17:54:01","slug":"canco-final-de-curs-6e","status":"publish","type":"post","link":"https:\/\/agora.xtec.cat\/escolapacocandel\/comunitat-de-grans\/canco-final-de-curs-6e\/","title":{"rendered":"Can\u00e7\u00f3 final de curs 6\u00e8"},"content":{"rendered":"<p>Boniques i bonics,<\/p>\n<p>Ja finalitza aquesta etapa tan bonica, han estat molts anys de diversi\u00f3, emocions i moments viscuts que sempre estaran al vostre record. Gaudiu molt de l&#8217;estiu i d&#8217;aquesta nova etapa que comen\u00e7a. Us desitgem tota la sort del m\u00f3n i ja sabeu que al Paco Candel sempre tindreu el vostre lloc.<\/p>\n<p>Us estimem promoci\u00f3 2013-2022!!!<\/p>\n<p>Us deixo enlla\u00e7 v\u00eddeo can\u00e7\u00f3 final de curs on heu pogut recollir en forma de can\u00e7\u00f3 les vostres idees i moments.<\/p>\n<p><a href=\"https:\/\/agora.xtec.cat\/escolapacocandel\/fotos-privat\/video-canco-final-curs-6e\/\"><img loading=\"lazy\" decoding=\"async\" class=\"alignnone size-large wp-image-6666\" src=\"https:\/\/agora.xtec.cat\/escolapacocandel\/wp-content\/uploads\/usu332\/2022\/06\/Captura-2-1024x570.png\" alt=\"\" width=\"1024\" height=\"570\" srcset=\"https:\/\/agora.xtec.cat\/escolapacocandel\/wp-content\/uploads\/usu332\/2022\/06\/Captura-2-1024x570.png 1024w, https:\/\/agora.xtec.cat\/escolapacocandel\/wp-content\/uploads\/usu332\/2022\/06\/Captura-2-300x167.png 300w, https:\/\/agora.xtec.cat\/escolapacocandel\/wp-content\/uploads\/usu332\/2022\/06\/Captura-2-768x427.png 768w, https:\/\/agora.xtec.cat\/escolapacocandel\/wp-content\/uploads\/usu332\/2022\/06\/Captura-2.png 1504w\" sizes=\"auto, (max-width: 1024px) 100vw, 1024px\" \/><\/a><\/p>\n<p>&nbsp;<\/p>\n","protected":false},"excerpt":{"rendered":"<p>Boniques i bonics,<br \/>\nJa finalitza aquesta etapa tan bonica, han estat molts anys de diversi\u00f3, emocions i moments viscuts que sempre estaran al vostre record. Gaudiu molt de l&#8217;estiu i d&#8217;aquesta nova etapa que comen\u00e7a. Us desitgem tota la sort del m\u00f3n i ja sabeu que&hellip;  <a href=\"https:\/\/agora.xtec.cat\/escolapacocandel\/comunitat-de-grans\/canco-final-de-curs-6e\/\" title=\"Read Can\u00e7\u00f3 final de curs 6\u00e8\">Llegeix m\u00e9s\u00bb<\/a><\/p>\n","protected":false},"author":22,"featured_media":0,"comment_status":"open","ping_status":"closed","sticky":false,"template":"","format":"standard","meta":{"_bbp_topic_count":0,"_bbp_reply_count":0,"_bbp_total_topic_count":0,"_bbp_total_reply_count":0,"_bbp_voice_count":0,"_bbp_anonymous_reply_count":0,"_bbp_topic_count_hidden":0,"_bbp_reply_count_hidden":0,"_bbp_forum_subforum_count":0,"footnotes":""},"categories":[129,146],"tags":[],"class_list":["post-6664","post","type-post","status-publish","format-standard","hentry","category-comunitat-de-grans","category-6e"],"post_mailing_queue_ids":[],"_links":{"self":[{"href":"https:\/\/agora.xtec.cat\/escolapacocandel\/wp-json\/wp\/v2\/posts\/6664","targetHints":{"allow":["GET"]}}],"collection":[{"href":"https:\/\/agora.xtec.cat\/escolapacocandel\/wp-json\/wp\/v2\/posts"}],"about":[{"href":"https:\/\/agora.xtec.cat\/escolapacocandel\/wp-json\/wp\/v2\/types\/post"}],"author":[{"embeddable":true,"href":"https:\/\/agora.xtec.cat\/escolapacocandel\/wp-json\/wp\/v2\/users\/22"}],"replies":[{"embeddable":true,"href":"https:\/\/agora.xtec.cat\/escolapacocandel\/wp-json\/wp\/v2\/comments?post=6664"}],"version-history":[{"count":3,"href":"https:\/\/agora.xtec.cat\/escolapacocandel\/wp-json\/wp\/v2\/posts\/6664\/revisions"}],"predecessor-version":[{"id":6672,"href":"https:\/\/agora.xtec.cat\/escolapacocandel\/wp-json\/wp\/v2\/posts\/6664\/revisions\/6672"}],"wp:attachment":[{"href":"https:\/\/agora.xtec.cat\/escolapacocandel\/wp-json\/wp\/v2\/media?parent=6664"}],"wp:term":[{"taxonomy":"category","embeddable":true,"href":"https:\/\/agora.xtec.cat\/escolapacocandel\/wp-json\/wp\/v2\/categories?post=6664"},{"taxonomy":"post_tag","embeddable":true,"href":"https:\/\/agora.xtec.cat\/escolapacocandel\/wp-json\/wp\/v2\/tags?post=6664"}],"curies":[{"name":"wp","href":"https:\/\/api.w.org\/{rel}","templated":true}]}}