{"id":661,"date":"2017-03-22T10:05:23","date_gmt":"2017-03-22T09:05:23","guid":{"rendered":"http:\/\/agora.xtec.cat\/escolapacocandel\/?p=661"},"modified":"2017-03-22T11:03:25","modified_gmt":"2017-03-22T10:03:25","slug":"preinscripcio-escolar-20172018","status":"publish","type":"post","link":"https:\/\/agora.xtec.cat\/escolapacocandel\/general\/preinscripcio-escolar-20172018\/","title":{"rendered":"PREINSCRIPCI\u00d3 ESCOLAR 2017\/2018"},"content":{"rendered":"<h3 id=\"sites-page-title-header\" align=\"left\"><span id=\"sites-page-title\" dir=\"ltr\" tabindex=\"-1\">PREINSCRIPCI\u00d3 2017\/2018<\/span><\/h3>\n<div id=\"sites-canvas-main\" class=\"sites-canvas-main\">\n<div id=\"sites-canvas-main-content\">\n<table class=\"sites-layout-name-one-column sites-layout-hbox\" cellspacing=\"0\">\n<tbody>\n<tr>\n<td class=\"sites-layout-tile sites-tile-name-content-1\">\n<div dir=\"ltr\">\n<p>PREINSCRIPCI\u00d3 ESCOLAR 17\/18<\/p>\n<p>&nbsp;<\/p>\n<p>El Departament d\u2019Ensenyament de la Generalitat de Catalunya ha publicat la resoluci\u00f3 ENS\/406\/2017 que regula el proc\u00e9s de preinscripci\u00f3 i matr\u00edcula pel curs 2017\/2018 en els nivells obligatoris.<\/p>\n<p>&nbsp;<\/p>\n<ol>\n<li><strong>CALENDARI I FASES<\/strong><\/li>\n<\/ol>\n<table>\n<tbody>\n<tr>\n<td width=\"301\">Difusi\u00f3 de l\u2019oferta<\/td>\n<td width=\"274\">20 de mar\u00e7 de 2017<\/td>\n<\/tr>\n<tr>\n<td width=\"301\">Presentaci\u00f3 de sol\u00b7licituds<\/td>\n<td width=\"274\">Del 23 de mar\u00e7 al 4 d\u2019abril de 2017<\/td>\n<\/tr>\n<tr>\n<td width=\"301\">Publicaci\u00f3 de llistes amb el barem provisional<\/td>\n<td width=\"274\">24 d\u2019abril de 2017<\/td>\n<\/tr>\n<tr>\n<td width=\"301\">Presentaci\u00f3 de reclamacions<\/td>\n<td width=\"274\">25 a 27 d\u2019abril de 2017<\/td>\n<\/tr>\n<tr>\n<td width=\"301\">Publicaci\u00f3 de les llistes amb el barem un cop resoltes les reclamacions<\/td>\n<td width=\"274\">3 de maig de 2017<\/p>\n<p>&nbsp;<\/td>\n<\/tr>\n<tr>\n<td width=\"301\">Sorteig n\u00famero desempat<\/td>\n<td width=\"274\">4 de maig 2017<\/td>\n<\/tr>\n<tr>\n<td width=\"301\">Publicaci\u00f3 de les llistes ordenades definitives<\/td>\n<td width=\"274\">8 de maig 2017<\/td>\n<\/tr>\n<tr>\n<td width=\"301\">Publicaci\u00f3 de les llistes de l\u2019alumnat adm\u00e8s i de la llista d\u2019espera<\/td>\n<td width=\"274\">2 de juny de 2017<\/td>\n<\/tr>\n<\/tbody>\n<\/table>\n<p>&nbsp;<\/p>\n<ol start=\"2\">\n<li><strong>DOCUMENTACI\u00d3 NECESS\u00c0RIA<\/strong><\/li>\n<\/ol>\n<p><strong>\u00a0<\/strong><\/p>\n<table>\n<tbody>\n<tr>\n<td rowspan=\"4\" width=\"169\">Documentaci\u00f3 que cal presentar en tots els casos<\/td>\n<td width=\"406\">Original i fotoc\u00f2pia del llibre de fam\u00edlia o altres documents relatius a la filiaci\u00f3<\/td>\n<\/tr>\n<tr>\n<td width=\"406\">Original i fotoc\u00f2pia del DNI\/NIE\/Passaport de la persona sol\u00b7licitant (pare, mare, tutor&#8230;)<\/td>\n<\/tr>\n<tr>\n<td width=\"406\">Original i fotoc\u00f2pia del DNI de l\u2019alumne en cas de disposar-ne<\/td>\n<\/tr>\n<tr>\n<td width=\"406\">Original i fotoc\u00f2pia de la TSI (targeta sanit\u00e0ria individual) de l\u2019alumne.<\/td>\n<\/tr>\n<\/tbody>\n<\/table>\n<p><strong>\u00a0<\/strong><\/p>\n<p><strong>\u00a0<\/strong><\/p>\n<table>\n<tbody>\n<tr>\n<td rowspan=\"7\" width=\"169\">Documentaci\u00f3 que cal aportar en funci\u00f3 dels criteris al\u00b7legats<\/td>\n<td width=\"406\">Domicili habitual: <strong>Nom\u00e9s quan l\u2019adre\u00e7a del DNI no concorda amb la sol\u00b7licitud s\u2019ha d\u2019adjuntar volant de conviv\u00e8ncia municipal.<\/strong><\/td>\n<\/tr>\n<tr>\n<td width=\"406\">Quan el domicili al\u00b7legat correspongui a la feina: Certificat em\u00e8s per l\u2019empresa.<\/td>\n<\/tr>\n<tr>\n<td width=\"406\">Renda m\u00ednima d\u2019inserci\u00f3: Documentaci\u00f3 acreditativa<\/td>\n<\/tr>\n<tr>\n<td width=\"406\">Discapacitat de l\u2019alumne, pare, mare o germans:<\/p>\n<p>Certificat de discapacitat.<\/td>\n<\/tr>\n<tr>\n<td width=\"406\">Fam\u00edlia nombrosa o monoparental: Original i fotoc\u00f2pia del carnet de fam\u00edlia vigent<\/td>\n<\/tr>\n<tr>\n<td width=\"406\">Malaltia cr\u00f2nica del sistema digestiu, endocr\u00ed o metab\u00f2lic: INFORME M\u00c8DIC<\/td>\n<\/tr>\n<tr>\n<td width=\"406\">Documentaci\u00f3 que acrediti la condici\u00f3 d\u2019ex-alumne.<\/td>\n<\/tr>\n<\/tbody>\n<\/table>\n<p><strong>\u00a0<\/strong><\/p>\n<p><strong>\u00a0<\/strong><\/p>\n<p><strong>\u00a0<\/strong><\/p>\n<ol start=\"3\">\n<li><strong>HORARI D\u2019ATENCI\u00d3 A LES FAM\u00cdLIES DURANT LA PREINSCRIPCI\u00d3<\/strong><\/li>\n<\/ol>\n<p><strong>\u00a0<\/strong><\/p>\n<table>\n<tbody>\n<tr>\n<td width=\"288\">23 DE MAR\u00c7 A 4 D\u2019ABRIL<\/td>\n<td width=\"287\"><strong>De 9 a 11.30 hores<\/strong><\/p>\n<p><strong>De 15 a 17.30 hores<\/strong><\/td>\n<\/tr>\n<\/tbody>\n<\/table>\n<p><strong>\u00a0<\/strong><\/p>\n<p><strong>\u00a0<\/strong><\/p>\n<ol start=\"4\">\n<li><strong>DOCUMENTACI\u00d3 NECESS\u00c0RIA PER A LA FORMALITZACI\u00d3 DE LA MATR\u00cdCULA (DEL DIA 12 AL 16 DE JUNY).<\/strong><\/li>\n<\/ol>\n<p><strong>\u00a0<\/strong><strong>4 fotografies mida carnet<\/strong><\/p>\n<p><strong>Fotoc\u00f2pia i original del carnet de vacunes actualitzat (Aquest document \u00e9s imprescindible)<\/strong><\/p>\n<p><strong>Autoritzacions que es facilitaran des de l\u2019escola.<\/strong><\/p>\n<h4><b><span style=\"font-size: medium;\">Si voleu mes informaci\u00f3 sobre la preinscripci\u00f3,cliqueu aquest enlla\u00e7 : <a href=\"http:\/\/queestudiar.gencat.cat\/ca\/preinscripcio\/estudis\/obligatoris\/\" rel=\"nofollow\">informaci\u00f3 preinscripci\u00f3\u00a0<\/a><\/span><\/b><\/h4>\n<\/div>\n<\/td>\n<\/tr>\n<\/tbody>\n<\/table>\n<\/div>\n<\/div>\n","protected":false},"excerpt":{"rendered":"<p>PREINSCRIPCI\u00d3 2017\/2018<\/p>\n<p>PREINSCRIPCI\u00d3 ESCOLAR 17\/18<br \/>\n&nbsp;<br \/>\nEl Departament d\u2019Ensenyament de la Generalitat de Catalunya ha publicat la resoluci\u00f3 ENS\/406\/2017 que regula el proc\u00e9s de preinscripci\u00f3 i matr\u00edcula pel curs 2017\/2018 en els nivells obligatoris.<br \/>\n&nbsp;<\/p>\n<ol>\n<li>CALENDARI I FASES<\/li>\n<\/ol>\n<p>Difusi\u00f3 de l\u2019oferta<br \/>\n20 de mar\u00e7 de 2017<\/p>\n<p>Presentaci\u00f3 de sol\u00b7licituds<br \/>\nDel 23 de mar\u00e7 al&hellip;  <a href=\"https:\/\/agora.xtec.cat\/escolapacocandel\/general\/preinscripcio-escolar-20172018\/\" title=\"Read PREINSCRIPCI\u00d3 ESCOLAR 2017\/2018\">Llegeix m\u00e9s\u00bb<\/a><\/p>\n","protected":false},"author":1,"featured_media":0,"comment_status":"open","ping_status":"open","sticky":false,"template":"","format":"standard","meta":{"_bbp_topic_count":0,"_bbp_reply_count":0,"_bbp_total_topic_count":0,"_bbp_total_reply_count":0,"_bbp_voice_count":0,"_bbp_anonymous_reply_count":0,"_bbp_topic_count_hidden":0,"_bbp_reply_count_hidden":0,"_bbp_forum_subforum_count":0,"footnotes":""},"categories":[1,4],"tags":[],"class_list":["post-661","post","type-post","status-publish","format-standard","hentry","category-general","category-portada"],"post_mailing_queue_ids":[],"_links":{"self":[{"href":"https:\/\/agora.xtec.cat\/escolapacocandel\/wp-json\/wp\/v2\/posts\/661","targetHints":{"allow":["GET"]}}],"collection":[{"href":"https:\/\/agora.xtec.cat\/escolapacocandel\/wp-json\/wp\/v2\/posts"}],"about":[{"href":"https:\/\/agora.xtec.cat\/escolapacocandel\/wp-json\/wp\/v2\/types\/post"}],"author":[{"embeddable":true,"href":"https:\/\/agora.xtec.cat\/escolapacocandel\/wp-json\/wp\/v2\/users\/1"}],"replies":[{"embeddable":true,"href":"https:\/\/agora.xtec.cat\/escolapacocandel\/wp-json\/wp\/v2\/comments?post=661"}],"version-history":[{"count":1,"href":"https:\/\/agora.xtec.cat\/escolapacocandel\/wp-json\/wp\/v2\/posts\/661\/revisions"}],"predecessor-version":[{"id":662,"href":"https:\/\/agora.xtec.cat\/escolapacocandel\/wp-json\/wp\/v2\/posts\/661\/revisions\/662"}],"wp:attachment":[{"href":"https:\/\/agora.xtec.cat\/escolapacocandel\/wp-json\/wp\/v2\/media?parent=661"}],"wp:term":[{"taxonomy":"category","embeddable":true,"href":"https:\/\/agora.xtec.cat\/escolapacocandel\/wp-json\/wp\/v2\/categories?post=661"},{"taxonomy":"post_tag","embeddable":true,"href":"https:\/\/agora.xtec.cat\/escolapacocandel\/wp-json\/wp\/v2\/tags?post=661"}],"curies":[{"name":"wp","href":"https:\/\/api.w.org\/{rel}","templated":true}]}}